{"id":19797,"date":"2018-02-19T00:05:10","date_gmt":"2018-02-18T23:05:10","guid":{"rendered":"http:\/\/blog.laveredadepuebla.com\/?p=19797"},"modified":"2023-02-10T12:09:36","modified_gmt":"2023-02-10T12:09:36","slug":"ii-certamen-de-cortos-sierra-norte-de-guadalajara","status":"publish","type":"post","link":"https:\/\/blog.sierranortedeguadalajara.com\/?p=19797","title":{"rendered":"II Certamen de Cortos Sierra Norte de Guadalajara"},"content":{"rendered":"<p align=\"JUSTIFY\"><span style=\"font-size:small;\">El 3 de febrero se abri\u00f3 la convocatoria de la <\/span><span style=\"color:#7e0021;\"><span style=\"font-size:small;\"><b>II edici\u00f3n<\/b><\/span><\/span><span style=\"font-size:small;\"> de <\/span><a href=\"http:\/\/www.castillalamancha.es\/actualidad\/galeriaimagenes\/certamen-cortos-publicitarios-sierra-norte\"><span style=\"font-size:small;\"><i><b>este certamen <\/b><\/i><\/span><\/a><span style=\"font-size:small;\">que tan buena acogida tuvo el a\u00f1o pasado. Recordemos la <\/span><span style=\"font-size:small;\"><i><b><a href=\"https:\/\/www.youtube.com\/watch?v=fNdqUFU_Zsc\">excelente calidad<\/a> <\/b><\/i><\/span><span style=\"font-size:small;\">de los cortos recibidos <\/span><span style=\"font-size:small;\"><i>(con m\u00e1s de 20.000 visualizaciones) <\/i><\/span><span style=\"font-size:small;\">y la<\/span><i><b> <\/b><\/i><span style=\"font-size:small;\">ceremonia de<\/span><a href=\"https:\/\/blog.laveredadepuebla.com\/2017\/07\/11\/la-sierra-norte-y-su-i-certamen-de-cortos\/\"><span style=\"font-size:small;\"><i><b> entrega de premios<\/b><\/i><\/span><\/a><span style=\"font-size:small;\"> que tuvo lugar en el <\/span><span style=\"color:#7e0021;\"><span style=\"font-size:small;\"><b>Palacio de los Duques de Medinaceli de Cogolludo<\/b><\/span><\/span><span style=\"font-size:small;\">.<\/span><\/p>\n<p><iframe loading=\"lazy\" title=\"SERRANIA LIMITE INFINITO\" width=\"640\" height=\"360\" src=\"https:\/\/www.youtube.com\/embed\/fNdqUFU_Zsc?feature=oembed\" frameborder=\"0\" allow=\"accelerometer; autoplay; clipboard-write; encrypted-media; gyroscope; picture-in-picture; web-share\" referrerpolicy=\"strict-origin-when-cross-origin\" allowfullscreen><\/iframe><\/p>\n<p align=\"JUSTIFY\"><span style=\"font-size:small;\">Organizado por la <\/span><a href=\"http:\/\/www.sierranortedeguadalajata.com\"><strong><em class=\"western\"><span style=\"color:#000000;\"><span style=\"font-size:small;\"><i>Asociaci\u00f3n de empresarios de Turismo Rural de la Sierra Norte de Guadalajara<\/i><\/span><\/span><\/em> <\/strong><\/a><span style=\"font-size:small;\">y patrocinado por la <\/span><em class=\"western\"><span style=\"color:#000000;\"><span style=\"font-size:small;\"><i><a href=\"http:\/\/www.turismocastillalamancha.es\/\"><strong>Junta de Castilla La Mancha<\/strong><\/a>, <\/i><\/span><\/span><\/em><span style=\"font-size:small;\">las <\/span><a href=\"http:\/\/sierranortedeguadalajara.com\/1o-certamen-cortos-publicitarios\/\"><strong><em class=\"western\"><span style=\"font-size:small;\"><i>bases est\u00e1n detalladas en la web<\/i><\/span><\/em><\/strong><\/a><span style=\"font-size:small;\"> del organizador. Se han introducido algunos cambios en pos de una mejor\/mayor difusi\u00f3n:<\/span><\/p>\n<ul>\n<li><span style=\"color:#7e0021;\"><span style=\"font-size:small;\"><i><b>Trabajos originales <\/b><\/i><\/span><\/span><span style=\"font-size:small;\">en castellano, valorando los subt\u00edtulos en ingl\u00e9s.<a href=\"https:\/\/laveredadepuebla.files.wordpress.com\/2018\/02\/180219-cortos.jpg\"><img loading=\"lazy\" decoding=\"async\" class=\"alignright size-medium wp-image-19798\" src=\"https:\/\/blog.sierranortedeguadalajara.com\/wp-content\/uploads\/2023\/02\/180219-cortos.jpg\" alt=\"\" width=\"200\" height=\"300\" \/><\/a><\/span><\/li>\n<li><span style=\"font-size:small;\">Deben resaltar <\/span><span style=\"color:#7e0021;\"><span style=\"font-size:small;\"><i><b>aspectos paisaj\u00edsticos y culturales<\/b><\/i><\/span><\/span><span style=\"font-size:small;\"> de la Sierra Norte de Guadalajara<\/span><\/li>\n<li><span style=\"color:#7e0021;\"><span style=\"font-size:small;\"><i><b>El Jurado<\/b><\/i><\/span><\/span><span style=\"font-size:small;\"> incorpora al <\/span><span style=\"color:#7e0021;\"><span style=\"font-size:small;\"><i><b>ganador<\/b><\/i><\/span><\/span><span style=\"font-size:small;\"> a\u00f1o pasado as\u00ed como a un <\/span><span style=\"color:#7e0021;\"><span style=\"font-size:small;\"><i><b>experto<\/b><\/i><\/span><\/span><span style=\"font-size:small;\"> del sector audiovisual.<\/span><\/li>\n<li><span style=\"font-size:small;\">Plazo: hasta el <\/span><span style=\"color:#7e0021;\"><span style=\"font-size:small;\"><i><b>31 de mayo<\/b><\/i><\/span><\/span><\/li>\n<li><span style=\"font-size:small;\">Se mantienen los premios <\/span><span style=\"font-size:small;\"><i>(<\/i><\/span><span style=\"color:#7e0021;\"><span style=\"font-size:small;\"><i><b>2.500.-euros <\/b><\/i><\/span><\/span><span style=\"font-size:small;\"><i>para el ganador).<\/i><\/span><\/li>\n<li><span style=\"font-size:small;\">Dirigido a <\/span><span style=\"color:#7e0021;\"><span style=\"font-size:small;\"><i><b>profesionales y aficionados<\/b><\/i><\/span><\/span><span style=\"font-size:small;\"> de los medios audiovisuales, que deseen difundir su trabajo. <\/span><\/li>\n<\/ul>\n<p align=\"JUSTIFY\"><span style=\"font-size:small;\">Si este es tu caso y\/o te gusta la <\/span><span style=\"font-size:small;\"><i><b><a href=\"https:\/\/blog.laveredadepuebla.com\/2016\/05\/10\/el-mapa-de-la-sierra-norte\/\">Sierra Norte de Guadalajara,<\/a> <\/b><\/i><\/span> <strong class=\"western\"><span style=\"color:#800000;\"><span style=\"font-size:small;\">esperamos tu trabajo con impaciencia. <\/span><\/span><\/strong><strong class=\"western\"><span style=\"color:#000000;\"><span style=\"font-size:small;\">Si eres<\/span><\/span><\/strong> <span style=\"font-size:small;\">amante de la naturaleza, si buscas autenticidad, paz y sosiego, esta puede ser tu oportunidad de plasmar con tu c\u00e1mara esos encantos que hacen de esta tierra un lugar \u00fanico<\/span><span style=\"color:#7e0021;\"><span style=\"font-size:small;\"><i><b> (y sorprendente).<\/b><\/i><\/span><\/span><\/p>\n<p align=\"JUSTIFY\"><i><b>Lar-ami<\/b><\/i><\/p>\n","protected":false},"excerpt":{"rendered":"<p>El 3 de febrero se abri\u00f3 la convocatoria de la II edici\u00f3n de este certamen que tan buena acogida tuvo el a\u00f1o pasado. Recordemos la excelente calidad de los cortos recibidos (con m\u00e1s de 20.000 visualizaciones) y la ceremonia de entrega de premios que tuvo lugar en el Palacio de los Duques de Medinaceli de &hellip; <\/p>\n<p class=\"link-more\"><a href=\"https:\/\/blog.sierranortedeguadalajara.com\/?p=19797\" class=\"more-link\">Seguir leyendo<span class=\"screen-reader-text\"> \u00abII Certamen de Cortos Sierra Norte de Guadalajara\u00bb<\/span><\/a><\/p>\n","protected":false},"author":1,"featured_media":0,"comment_status":"open","ping_status":"open","sticky":false,"template":"","format":"standard","meta":{"footnotes":""},"categories":[12,6,17],"tags":[2,4,5,7,10],"class_list":["post-19797","post","type-post","status-publish","format-standard","hentry","category-actualidad","category-mundo-rural","category-paisajes-y-lugares-de-la-sierra-norte","tag-actualidad","tag-cultura","tag-historia","tag-naturaleza","tag-sierra-norte","entry"],"_links":{"self":[{"href":"https:\/\/blog.sierranortedeguadalajara.com\/index.php?rest_route=\/wp\/v2\/posts\/19797","targetHints":{"allow":["GET"]}}],"collection":[{"href":"https:\/\/blog.sierranortedeguadalajara.com\/index.php?rest_route=\/wp\/v2\/posts"}],"about":[{"href":"https:\/\/blog.sierranortedeguadalajara.com\/index.php?rest_route=\/wp\/v2\/types\/post"}],"author":[{"embeddable":true,"href":"https:\/\/blog.sierranortedeguadalajara.com\/index.php?rest_route=\/wp\/v2\/users\/1"}],"replies":[{"embeddable":true,"href":"https:\/\/blog.sierranortedeguadalajara.com\/index.php?rest_route=%2Fwp%2Fv2%2Fcomments&post=19797"}],"version-history":[{"count":1,"href":"https:\/\/blog.sierranortedeguadalajara.com\/index.php?rest_route=\/wp\/v2\/posts\/19797\/revisions"}],"predecessor-version":[{"id":26198,"href":"https:\/\/blog.sierranortedeguadalajara.com\/index.php?rest_route=\/wp\/v2\/posts\/19797\/revisions\/26198"}],"wp:attachment":[{"href":"https:\/\/blog.sierranortedeguadalajara.com\/index.php?rest_route=%2Fwp%2Fv2%2Fmedia&parent=19797"}],"wp:term":[{"taxonomy":"category","embeddable":true,"href":"https:\/\/blog.sierranortedeguadalajara.com\/index.php?rest_route=%2Fwp%2Fv2%2Fcategories&post=19797"},{"taxonomy":"post_tag","embeddable":true,"href":"https:\/\/blog.sierranortedeguadalajara.com\/index.php?rest_route=%2Fwp%2Fv2%2Ftags&post=19797"}],"curies":[{"name":"wp","href":"https:\/\/api.w.org\/{rel}","templated":true}]}}