{"id":19779,"date":"2018-02-21T00:05:55","date_gmt":"2018-02-20T23:05:55","guid":{"rendered":"http:\/\/blog.laveredadepuebla.com\/?p=19779"},"modified":"2023-02-10T12:09:36","modified_gmt":"2023-02-10T12:09:36","slug":"historias-de-los-pantanos-del-jarama","status":"publish","type":"post","link":"https:\/\/blog.sierranortedeguadalajara.com\/?p=19779","title":{"rendered":"Historias de los pantanos del Jarama"},"content":{"rendered":"<p><span style=\"font-size:small;\">La preocupaci\u00f3n por llevar agua a Madrid data del siglo XVIII y siempre tuvo presente al r\u00edo Jarama como fuente de abastecimiento. Ya hemos hablado de <\/span><span style=\"font-size:small;\"><i><b><a href=\"https:\/\/blog.laveredadepuebla.com\/2012\/07\/18\/pantanos-del-jarama\/\">los 4 pantanos previstos<\/a>; <\/b><\/i><\/span><span style=\"font-size:small;\">solo se construy\u00f3 <\/span><a href=\"https:\/\/blog.laveredadepuebla.com\/2009\/08\/22\/la-presa-del-vado\/\"><span style=\"font-size:small;\"><i><b>El Vado<\/b><\/i><\/span><\/a><span style=\"font-size:small;\">. Releyendo el texto sobre <\/span><span style=\"color:#800000;\"><span style=\"font-size:small;\"><b>\u201cEl Vado y el Canal del Jarama\u201d <\/b><\/span><\/span><span style=\"font-size:small;\">y revisando el <\/span><span style=\"color:#800000;\"><span style=\"font-size:small;\"><b>\u00e1lbum de fotos hist\u00f3ricas de estas obras<\/b><\/span><\/span><span style=\"font-size:small;\">, hemos hallado algunas curiosidades:<\/span><\/p>\n<p><a href=\"https:\/\/laveredadepuebla.files.wordpress.com\/2018\/02\/180221-historia-pantanos-jarama-1.jpg\"><img loading=\"lazy\" decoding=\"async\" class=\"alignleft wp-image-19780\" src=\"https:\/\/blog.sierranortedeguadalajara.com\/wp-content\/uploads\/2023\/02\/180221-historia-pantanos-jarama-1.jpg\" alt=\"\" width=\"240\" height=\"186\" \/><\/a><a href=\"https:\/\/laveredadepuebla.files.wordpress.com\/2018\/02\/180221-historia-pantanos-jarama.jpg\"><img loading=\"lazy\" decoding=\"async\" class=\"alignright wp-image-19781\" src=\"https:\/\/blog.sierranortedeguadalajara.com\/wp-content\/uploads\/2023\/02\/180221-historia-pantanos-jarama.jpg\" alt=\"\" width=\"240\" height=\"150\" \/><\/a><\/p>\n<ul>\n<li><span style=\"font-size:small;\">El proyecto del<\/span><span style=\"color:#7e0021;\"><span style=\"font-size:small;\"><b> Canal de Madrid<\/b><\/span><\/span> <span style=\"font-size:small;\"><i>(a\u00f1o 1.893),<\/i><\/span><span style=\"font-size:small;\"> del ingeniero <\/span><span style=\"color:#7e0021;\"><span style=\"font-size:small;\"><b>Salvador Peydr\u00f3,<\/b><\/span><\/span><span style=\"font-size:small;\"> ya contemplaba los <\/span><a href=\"https:\/\/blog.laveredadepuebla.com\/2011\/11\/07\/el-pantano-de-bonaval\/\"><span style=\"font-size:small;\"><i><b>pantanos de Bonaval<\/b><\/i><\/span><\/a><span style=\"font-size:small;\"> y <\/span><a href=\"https:\/\/blog.laveredadepuebla.com\/2012\/07\/24\/embalse-del-jarama-medio\/\"><span style=\"font-size:small;\"><i><b>Jarama Medio<\/b><\/i><\/span><\/a><span style=\"font-size:small;\">, as\u00ed como el trazado del <\/span><a href=\"https:\/\/blog.laveredadepuebla.com\/2012\/07\/09\/una-obra-faraonica-el-canal-del-jarama\/\"><span style=\"font-size:small;\"><i><b>Canal del Jarama<\/b><\/i><\/span><\/a><span style=\"font-size:small;\">. <\/span><\/li>\n<li><span style=\"font-size:small;\">Los pantanos de <\/span><a href=\"https:\/\/elpais.com\/diario\/1993\/11\/17\/madrid\/753539077_850215.html\"><span style=\"font-size:small;\"><i><b>Matallana <\/b><\/i><\/span><\/a><span style=\"font-size:small;\">y <\/span><span style=\"color:#7e0021;\"><span style=\"font-size:small;\"><b>Bonaval<\/b><\/span><\/span><span style=\"font-size:small;\"> figuran en un fresco de un edificio del pantano del Vado<\/span><\/li>\n<li><span style=\"font-size:small;\">El d\u00eda que Franco inaugur\u00f3 el Pantano de el Vado <\/span><span style=\"font-size:small;\"><i>(28 junio 1.954)<\/i><\/span><span style=\"font-size:small;\">, se produjo una manifestaci\u00f3n <\/span><span style=\"color:#7e0021;\"><span style=\"font-size:small;\"><i><b>(\u201cespont\u00e1nea\u201d, con pancartas y a la debida distancia, al otro lado del aliviadero) <\/b><\/i><\/span><\/span><span style=\"font-size:small;\">de vecinos pidiendo la construcci\u00f3n del pantano del Bonaval. <\/span><\/li>\n<\/ul>\n<p><span style=\"font-size:small;\"><a href=\"https:\/\/laveredadepuebla.files.wordpress.com\/2018\/02\/180221-historia-pantanos-jaramas-3.jpg\"><img loading=\"lazy\" decoding=\"async\" class=\"aligncenter size-large wp-image-19782\" src=\"https:\/\/blog.sierranortedeguadalajara.com\/wp-content\/uploads\/2023\/02\/180221-historia-pantanos-jaramas-3.jpg\" alt=\"\" width=\"500\" height=\"410\" \/><\/a>Las im\u00e1genes hablan por si solas; me resulta muy grato compartirlas.<\/span><\/p>\n<p align=\"JUSTIFY\"><i><b>Lar-ami<\/b><\/i><\/p>\n","protected":false},"excerpt":{"rendered":"<p>La preocupaci\u00f3n por llevar agua a Madrid data del siglo XVIII y siempre tuvo presente al r\u00edo Jarama como fuente de abastecimiento. Ya hemos hablado de los 4 pantanos previstos; solo se construy\u00f3 El Vado. Releyendo el texto sobre \u201cEl Vado y el Canal del Jarama\u201d y revisando el \u00e1lbum de fotos hist\u00f3ricas de estas &hellip; <\/p>\n<p class=\"link-more\"><a href=\"https:\/\/blog.sierranortedeguadalajara.com\/?p=19779\" class=\"more-link\">Seguir leyendo<span class=\"screen-reader-text\"> \u00abHistorias de los pantanos del Jarama\u00bb<\/span><\/a><\/p>\n","protected":false},"author":1,"featured_media":0,"comment_status":"open","ping_status":"open","sticky":false,"template":"","format":"standard","meta":{"footnotes":""},"categories":[6,17],"tags":[2,45,4,26,5,35,7,10],"class_list":["post-19779","post","type-post","status-publish","format-standard","hentry","category-mundo-rural","category-paisajes-y-lugares-de-la-sierra-norte","tag-actualidad","tag-bonaval","tag-cultura","tag-el-vado","tag-historia","tag-jarama","tag-naturaleza","tag-sierra-norte","entry"],"_links":{"self":[{"href":"https:\/\/blog.sierranortedeguadalajara.com\/index.php?rest_route=\/wp\/v2\/posts\/19779","targetHints":{"allow":["GET"]}}],"collection":[{"href":"https:\/\/blog.sierranortedeguadalajara.com\/index.php?rest_route=\/wp\/v2\/posts"}],"about":[{"href":"https:\/\/blog.sierranortedeguadalajara.com\/index.php?rest_route=\/wp\/v2\/types\/post"}],"author":[{"embeddable":true,"href":"https:\/\/blog.sierranortedeguadalajara.com\/index.php?rest_route=\/wp\/v2\/users\/1"}],"replies":[{"embeddable":true,"href":"https:\/\/blog.sierranortedeguadalajara.com\/index.php?rest_route=%2Fwp%2Fv2%2Fcomments&post=19779"}],"version-history":[{"count":1,"href":"https:\/\/blog.sierranortedeguadalajara.com\/index.php?rest_route=\/wp\/v2\/posts\/19779\/revisions"}],"predecessor-version":[{"id":26196,"href":"https:\/\/blog.sierranortedeguadalajara.com\/index.php?rest_route=\/wp\/v2\/posts\/19779\/revisions\/26196"}],"wp:attachment":[{"href":"https:\/\/blog.sierranortedeguadalajara.com\/index.php?rest_route=%2Fwp%2Fv2%2Fmedia&parent=19779"}],"wp:term":[{"taxonomy":"category","embeddable":true,"href":"https:\/\/blog.sierranortedeguadalajara.com\/index.php?rest_route=%2Fwp%2Fv2%2Fcategories&post=19779"},{"taxonomy":"post_tag","embeddable":true,"href":"https:\/\/blog.sierranortedeguadalajara.com\/index.php?rest_route=%2Fwp%2Fv2%2Ftags&post=19779"}],"curies":[{"name":"wp","href":"https:\/\/api.w.org\/{rel}","templated":true}]}}