{"id":19632,"date":"2018-01-10T08:35:13","date_gmt":"2018-01-10T07:35:13","guid":{"rendered":"http:\/\/blog.laveredadepuebla.com\/?p=19632"},"modified":"2023-02-10T12:09:36","modified_gmt":"2023-02-10T12:09:36","slug":"tanques-en-la-sierra-norte-de-guadalajara","status":"publish","type":"post","link":"https:\/\/blog.sierranortedeguadalajara.com\/?p=19632","title":{"rendered":"\u00bfTanques en la Sierra Norte de Guadalajara?"},"content":{"rendered":"<p align=\"JUSTIFY\"><span style=\"font-size:small;\">Cuando ICONA se adue\u00f1\u00f3 de los pueblos abandonados de <\/span><span style=\"font-size:small;\"><i><b><a href=\"https:\/\/blog.laveredadepuebla.com\/2016\/05\/10\/el-mapa-de-la-sierra-norte\/\">esta Sierra<\/a> <\/b><\/i><\/span><span style=\"font-size:small;\"><i>(por expropiaci\u00f3n, compra y\/o porque s\u00ed),<\/i><\/span><span style=\"font-size:small;\"> a<\/span><i> <\/i><span style=\"font-size:small;\">algunos<\/span><i> <\/i><span style=\"font-size:small;\">les dio un uso que poco ten\u00eda que ver con la <\/span><span style=\"color:#7e0021;\"><span style=\"font-size:small;\"><b>protecci\u00f3n del Medio Ambiente<\/b><\/span><\/span> <span style=\"color:#000000;\"><span style=\"font-size:small;\"><i>(recordemos que ICONA es el anagrama de Instituto de Conservaci\u00f3n de la Naturaleza)<\/i><\/span><\/span><span style=\"font-size:small;\">:\u00a0 <\/span><span style=\"color:#7e0021;\"><span style=\"font-size:small;\"><b>maniobras militares del ej\u00e9rcito.<\/b><\/span><\/span><\/p>\n<figure id=\"attachment_19633\" aria-describedby=\"caption-attachment-19633\" style=\"width: 300px\" class=\"wp-caption alignright\"><a href=\"https:\/\/laveredadepuebla.files.wordpress.com\/2018\/01\/2-jocar_pueblo_destruido.jpg\"><img loading=\"lazy\" decoding=\"async\" class=\"wp-image-19633 size-medium\" src=\"https:\/\/blog.sierranortedeguadalajara.com\/wp-content\/uploads\/2023\/02\/2-jocar_pueblo_destruido.jpg\" alt=\"\" width=\"300\" height=\"223\" \/><\/a><figcaption id=\"caption-attachment-19633\" class=\"wp-caption-text\"><strong><em>J\u00f3car, cortesia A. Herrera Casado<\/em><\/strong><\/figcaption><\/figure>\n<p align=\"JUSTIFY\"><span style=\"font-size:small;\">A mediados de los a\u00f1os 70 y en varias ocasiones, la <\/span><a href=\"https:\/\/books.google.es\/books?id=7eG0BAAAQBAJ&amp;pg=PA127&amp;dq=robredarcas&amp;hl=es&amp;sa=X&amp;redir_esc=y#v=onepage&amp;q=robredarcas&amp;f=false\"><span style=\"font-size:small;\"><i><b>instrucci\u00f3n de combate de las COE\u00b4s<\/b><\/i><\/span><\/a><span style=\"font-size:small;\"> en poblaci\u00f3n se realiz\u00f3 en Robredarcas, simulando que tomaban el pueblo. Avanzaban por ambos lados de la calle, lanzando granadas y disparando a las siluetas situadas <\/span><span style=\"font-size:small;\"><i>(previamente)<\/i><\/span><span style=\"font-size:small;\"> en ventana y puertas de las casas. Los soldados se alojaban en el <\/span><a href=\"https:\/\/blog.laveredadepuebla.com\/2017\/04\/28\/arte-mudejar-en-el-palacio-de-cogolludo\/\"><span style=\"font-size:small;\"><i><b>Palacio de Cogolludo<\/b><\/i><\/span><\/a><span style=\"font-size:small;\"> que les ced\u00eda el ayuntamiento.<\/span><\/p>\n<p align=\"JUSTIFY\"><span style=\"font-size:small;\">Algunas informaciones ampl\u00edan a <\/span><span style=\"color:#000000;\"><span style=\"font-size:small;\"><i><b><a href=\"https:\/\/blog.laveredadepuebla.com\/2010\/07\/09\/fraguas-pueblo%C2%A0abandonado\/\">Fraguas<\/a>,<\/b><\/i><\/span><\/span><span style=\"color:#7e0021;\"><span style=\"font-size:small;\"><b> Umbralejo, <\/b><\/span><\/span><span style=\"color:#000000;\"><span style=\"font-size:small;\"><i><b><a href=\"https:\/\/blog.laveredadepuebla.com\/2017\/10\/20\/las-cabezadas-pueblo-abandonado\/\">Las Cabezadas,<\/a> <\/b><\/i><\/span><\/span><span style=\"color:#7e0021;\"><span style=\"font-size:small;\"><b>Santotis, Robredarcas y <\/b><\/span><\/span><a href=\"https:\/\/blog.laveredadepuebla.com\/2010\/06\/24\/jocar-pueblo%C2%A0abandonado\/\"><span style=\"color:#000000;\"><span style=\"font-size:small;\"><i><b>J\u00f3car<\/b><\/i><\/span><\/span><\/a><span style=\"font-size:small;\"> como lugares donde se instruy\u00f3 a los <\/span><a href=\"http:\/\/www.ejercito.mde.es\/unidades\/Alicante\/cg_moe\/Historial\/index.html_1910061517.html\"><span style=\"color:#000000;\"><span style=\"font-size:small;\"><i><b>guerrilleros de las COE\u00b4s.<\/b><\/i><\/span><\/span><\/a> <span style=\"font-size:small;\">Esto explicar\u00eda en parte su estado ruinoso, aunque su estado actual se debe al trabajo de las excavadoras que utiliz\u00f3 ICONA para evitar que los vecinos volvieran a ocupar su casa. A las excavadoras y..<\/span><span style=\"color:#7e0021;\"><span style=\"font-size:small;\"><b>. a los tanques.<\/b><\/span><\/span><\/p>\n<figure id=\"attachment_19634\" aria-describedby=\"caption-attachment-19634\" style=\"width: 300px\" class=\"wp-caption alignleft\"><a href=\"https:\/\/laveredadepuebla.files.wordpress.com\/2018\/01\/180111-jocar-1972.jpg\"><img loading=\"lazy\" decoding=\"async\" class=\"wp-image-19634 size-medium\" src=\"https:\/\/blog.sierranortedeguadalajara.com\/wp-content\/uploads\/2023\/02\/180111-jocar-1972.jpg\" alt=\"\" width=\"300\" height=\"189\" \/><\/a><figcaption id=\"caption-attachment-19634\" class=\"wp-caption-text\"><strong><em>J\u00f3car, a\u00f1o 72. Cortesia A. Herrera Casado<\/em><\/strong><\/figcaption><\/figure>\n<p align=\"JUSTIFY\"><span style=\"font-size:small;\">La <\/span><a href=\"http:\/\/canalhistoria.es\/hoy-en-la-historia\/espana-ingresa-en-la-otan\/\"><span style=\"font-size:small;\"><i><b>entrada de Espa\u00f1a en la OTAN<\/b><\/i><\/span><\/a> <span style=\"font-size:small;\"><i>(1982) <\/i><\/span><span style=\"font-size:small;\">provoc\u00f3 que aumentaran las maniobras militares para ponerse al d\u00eda con los efectivos de la Organizaci\u00f3n. Vinieron tanques a la <\/span><span style=\"color:#7e0021;\"><span style=\"font-size:small;\"><i><b>Sierra Norte<\/b><\/i><\/span><\/span><span style=\"color:#7e0021;\"><span style=\"font-size:small;\">, <\/span><\/span><span style=\"font-size:small;\">concretamente a<\/span><span style=\"color:#7e0021;\"><span style=\"font-size:small;\"><b> J\u00f3car y Fraguas <\/b><\/span><\/span><span style=\"color:#000000;\"><span style=\"font-size:small;\"><i>(dicen que tambi\u00e9n a otros lugares, pero no est\u00e1 documentado)<\/i><\/span><\/span><span style=\"color:#7e0021;\"><span style=\"font-size:small;\"><b>. <\/b><\/span><\/span><span style=\"color:#000000;\"><span style=\"font-size:small;\">F<\/span><\/span><span style=\"font-size:small;\">ueron bombardeados a conciencia. <\/span><\/p>\n<p align=\"JUSTIFY\"><span style=\"font-size:small;\">Hoy solo quedan los paredones de la iglesia en Fraguas. La<span style=\"color:#800000;\"><strong> portada rom\u00e1nica de la iglesia de J\u00f3car se fue al museo diocesanos de Sig\u00fcenza<\/strong><\/span> y los <strong><span style=\"color:#800000;\">sillares al Fontanar<\/span><\/strong>. <\/span><span style=\"color:#000000;\"><span style=\"font-size:small;\">Desconocemos si los tanques repitieron las maniobras en a\u00f1os posteriores <\/span><\/span><span style=\"color:#7e0021;\"><span style=\"font-size:small;\"><i>(nadie los ha echado de menos). <\/i><\/span><\/span><\/p>\n<p align=\"JUSTIFY\"><i><b>Lar-ami<\/b><\/i><\/p>\n","protected":false},"excerpt":{"rendered":"<p>Cuando ICONA se adue\u00f1\u00f3 de los pueblos abandonados de esta Sierra (por expropiaci\u00f3n, compra y\/o porque s\u00ed), a algunos les dio un uso que poco ten\u00eda que ver con la protecci\u00f3n del Medio Ambiente (recordemos que ICONA es el anagrama de Instituto de Conservaci\u00f3n de la Naturaleza):\u00a0 maniobras militares del ej\u00e9rcito. A mediados de los &hellip; <\/p>\n<p class=\"link-more\"><a href=\"https:\/\/blog.sierranortedeguadalajara.com\/?p=19632\" class=\"more-link\">Seguir leyendo<span class=\"screen-reader-text\"> \u00ab\u00bfTanques en la Sierra Norte de Guadalajara?\u00bb<\/span><\/a><\/p>\n","protected":false},"author":1,"featured_media":0,"comment_status":"open","ping_status":"open","sticky":false,"template":"","format":"standard","meta":{"footnotes":""},"categories":[12],"tags":[4,5,7,10],"class_list":["post-19632","post","type-post","status-publish","format-standard","hentry","category-actualidad","tag-cultura","tag-historia","tag-naturaleza","tag-sierra-norte","entry"],"_links":{"self":[{"href":"https:\/\/blog.sierranortedeguadalajara.com\/index.php?rest_route=\/wp\/v2\/posts\/19632","targetHints":{"allow":["GET"]}}],"collection":[{"href":"https:\/\/blog.sierranortedeguadalajara.com\/index.php?rest_route=\/wp\/v2\/posts"}],"about":[{"href":"https:\/\/blog.sierranortedeguadalajara.com\/index.php?rest_route=\/wp\/v2\/types\/post"}],"author":[{"embeddable":true,"href":"https:\/\/blog.sierranortedeguadalajara.com\/index.php?rest_route=\/wp\/v2\/users\/1"}],"replies":[{"embeddable":true,"href":"https:\/\/blog.sierranortedeguadalajara.com\/index.php?rest_route=%2Fwp%2Fv2%2Fcomments&post=19632"}],"version-history":[{"count":1,"href":"https:\/\/blog.sierranortedeguadalajara.com\/index.php?rest_route=\/wp\/v2\/posts\/19632\/revisions"}],"predecessor-version":[{"id":26256,"href":"https:\/\/blog.sierranortedeguadalajara.com\/index.php?rest_route=\/wp\/v2\/posts\/19632\/revisions\/26256"}],"wp:attachment":[{"href":"https:\/\/blog.sierranortedeguadalajara.com\/index.php?rest_route=%2Fwp%2Fv2%2Fmedia&parent=19632"}],"wp:term":[{"taxonomy":"category","embeddable":true,"href":"https:\/\/blog.sierranortedeguadalajara.com\/index.php?rest_route=%2Fwp%2Fv2%2Fcategories&post=19632"},{"taxonomy":"post_tag","embeddable":true,"href":"https:\/\/blog.sierranortedeguadalajara.com\/index.php?rest_route=%2Fwp%2Fv2%2Ftags&post=19632"}],"curies":[{"name":"wp","href":"https:\/\/api.w.org\/{rel}","templated":true}]}}