{"id":19619,"date":"2018-01-08T00:05:54","date_gmt":"2018-01-07T23:05:54","guid":{"rendered":"http:\/\/blog.laveredadepuebla.com\/?p=19619"},"modified":"2023-02-10T12:09:36","modified_gmt":"2023-02-10T12:09:36","slug":"imagenes-de-la-sierra-norte-de-guadalajara","status":"publish","type":"post","link":"https:\/\/blog.sierranortedeguadalajara.com\/?p=19619","title":{"rendered":"Im\u00e1genes de la Sierra Norte de Guadalajara"},"content":{"rendered":"<p align=\"JUSTIFY\"><span style=\"font-size:small;\">El otro d\u00eda hablamos de los <\/span><a href=\"https:\/\/wp.me\/px6vB-56l\"><span style=\"font-size:small;\"><i><b>encantos de la Sierra Norte <\/b><\/i><\/span><\/a><span style=\"font-size:small;\">que son muchos, como se pudo comprobar. Pero no los contamos todos<\/span><span style=\"font-size:small;\"><i> (y probablemente no lo hagamos nunca).<\/i><\/span> <span style=\"color:#7e0021;\"><span style=\"font-size:small;\"><b>De alguno es imposible no presumir: <\/b><\/span><\/span><\/p>\n<p align=\"JUSTIFY\"><span style=\"font-size:small;\">Cualquier d\u00eda, en cualquier lugar, y en un instante \u00fanico, la <\/span><a href=\"https:\/\/blog.laveredadepuebla.com\/2016\/05\/10\/el-mapa-de-la-sierra-norte\/\"><span style=\"font-size:small;\"><i><b>Sierra Norte de Guadalajara <\/b><\/i><\/span><\/a><span style=\"font-size:small;\">sorprende al visitante con <\/span><span style=\"color:#7e0021;\"><span style=\"font-size:small;\"><b>im\u00e1genes espectaculares<\/b><\/span><\/span><span style=\"color:#7e0021;\"><span style=\"font-size:small;\"><i> (e in\u00e9ditas)<\/i><\/span><\/span><span style=\"color:#7e0021;\"><span style=\"font-size:small;\"><b>,<\/b><\/span><\/span><span style=\"font-size:small;\"> que algunos afortunados consiguen disfrutar. Incluso captar con su objetivo. <\/span><\/p>\n<p align=\"JUSTIFY\"><span style=\"font-size:small;\"><a href=\"https:\/\/laveredadepuebla.files.wordpress.com\/2017\/12\/180108-inc3a9ditas-2.jpg\"><img loading=\"lazy\" decoding=\"async\" class=\"alignleft wp-image-19620\" src=\"https:\/\/blog.sierranortedeguadalajara.com\/wp-content\/uploads\/2023\/02\/180108-inc3a9ditas-2.jpg\" alt=\"\" width=\"240\" height=\"180\" \/><\/a><a href=\"https:\/\/laveredadepuebla.files.wordpress.com\/2017\/12\/180108-inc3a9ditas-1.jpg\"><img loading=\"lazy\" decoding=\"async\" class=\"alignright wp-image-19621\" src=\"https:\/\/blog.sierranortedeguadalajara.com\/wp-content\/uploads\/2023\/02\/180108-inc3a9ditas-1.jpg\" alt=\"\" width=\"240\" height=\"180\" \/><\/a>Como ese <\/span><span style=\"color:#7e0021;\"><span style=\"font-size:small;\"><b>arco-iris <\/b><\/span><\/span><span style=\"font-size:small;\"><i>(la ma\u00f1ana del 28 de diciembre)<\/i><\/span><span style=\"font-size:small;\"> que <\/span><span style=\"color:#7e0021;\"><span style=\"font-size:small;\"><b>se mantiene en el horizonte m\u00e1s de 1 hor<\/b><\/span><\/span><span style=\"color:#800000;\"><span style=\"font-size:small;\"><b>a,<\/b><\/span><\/span><span style=\"font-size:small;\"> sin difuminarse, y que permite m\u00faltiples encuadres, a cual m\u00e1s hermoso. La <\/span><a href=\"https:\/\/blog.laveredadepuebla.com\/2009\/08\/02\/la-ruta-verde-hacia-el-vado\/\"><span style=\"font-size:small;\"><i><b>ruta verde hacia el Vado <\/b><\/i><\/span><\/a><span style=\"font-size:small;\">es la responsable de estas im\u00e1genes que aqu\u00ed se muestran. <\/span><\/p>\n<figure id=\"attachment_19623\" aria-describedby=\"caption-attachment-19623\" style=\"width: 240px\" class=\"wp-caption alignright\"><a href=\"https:\/\/laveredadepuebla.files.wordpress.com\/2017\/12\/180108-ineditas-4.jpg\"><img loading=\"lazy\" decoding=\"async\" class=\"wp-image-19623\" src=\"https:\/\/blog.sierranortedeguadalajara.com\/wp-content\/uploads\/2023\/02\/180108-ineditas-4.jpg\" alt=\"\" width=\"240\" height=\"180\" \/><\/a><figcaption id=\"caption-attachment-19623\" class=\"wp-caption-text\"><em><strong>Cortesia Fdo Alonso<\/strong><\/em><\/figcaption><\/figure>\n<p align=\"JUSTIFY\"><span style=\"font-size:small;\"><a href=\"https:\/\/laveredadepuebla.files.wordpress.com\/2017\/12\/180108-inc3a9ditas-3.jpg\"><img loading=\"lazy\" decoding=\"async\" class=\"alignleft wp-image-19622\" src=\"https:\/\/blog.sierranortedeguadalajara.com\/wp-content\/uploads\/2023\/02\/180108-inc3a9ditas-3.jpg\" alt=\"\" width=\"240\" height=\"180\" \/><\/a>O el espect\u00e1culo de ver <\/span><span style=\"color:#7e0021;\"><span style=\"font-size:small;\"><b>fuego en el pinar<\/b><\/span><\/span><span style=\"font-size:small;\"> un d\u00eda lluvioso, sin riesgos y de forma controlada; la mano experta elimina de esta manera las brozas de la saca de madera, realizada el verano anterior. La visi\u00f3n de los <\/span><span style=\"color:#800000;\"><span style=\"font-size:small;\"><b>buitres posados y\/o sobrevolando <\/b><\/span><\/span><a href=\"https:\/\/blog.laveredadepuebla.com\/2015\/09\/23\/puebla-de-valles-y-sus-carcavas\/\"><span style=\"color:#000000;\"><span style=\"font-size:small;\"><i><b>las c\u00e1rcavas rojas<\/b><\/i><\/span><\/span><\/a><span style=\"font-size:small;\"> resulta impresionante. <\/span><\/p>\n<p align=\"JUSTIFY\"><span style=\"font-size:small;\">Muestro lo que he visto, pero no puedo transmitiros mi emoci\u00f3n al contemplar en vivo estas im\u00e1genes. <\/span><span style=\"color:#7e0021;\"><span style=\"font-size:small;\"><i><b>\u00a1Tendr\u00e9is que venir!<\/b><\/i><\/span><\/span><\/p>\n<p align=\"JUSTIFY\"><i><b>Lar-ami<\/b><\/i><\/p>\n","protected":false},"excerpt":{"rendered":"<p>El otro d\u00eda hablamos de los encantos de la Sierra Norte que son muchos, como se pudo comprobar. Pero no los contamos todos (y probablemente no lo hagamos nunca). De alguno es imposible no presumir: Cualquier d\u00eda, en cualquier lugar, y en un instante \u00fanico, la Sierra Norte de Guadalajara sorprende al visitante con im\u00e1genes &hellip; <\/p>\n<p class=\"link-more\"><a href=\"https:\/\/blog.sierranortedeguadalajara.com\/?p=19619\" class=\"more-link\">Seguir leyendo<span class=\"screen-reader-text\"> \u00abIm\u00e1genes de la Sierra Norte de Guadalajara\u00bb<\/span><\/a><\/p>\n","protected":false},"author":1,"featured_media":0,"comment_status":"open","ping_status":"open","sticky":false,"template":"","format":"standard","meta":{"footnotes":""},"categories":[12,6,17],"tags":[2,4,7,8,10],"class_list":["post-19619","post","type-post","status-publish","format-standard","hentry","category-actualidad","category-mundo-rural","category-paisajes-y-lugares-de-la-sierra-norte","tag-actualidad","tag-cultura","tag-naturaleza","tag-puebla-de-valles","tag-sierra-norte","entry"],"_links":{"self":[{"href":"https:\/\/blog.sierranortedeguadalajara.com\/index.php?rest_route=\/wp\/v2\/posts\/19619","targetHints":{"allow":["GET"]}}],"collection":[{"href":"https:\/\/blog.sierranortedeguadalajara.com\/index.php?rest_route=\/wp\/v2\/posts"}],"about":[{"href":"https:\/\/blog.sierranortedeguadalajara.com\/index.php?rest_route=\/wp\/v2\/types\/post"}],"author":[{"embeddable":true,"href":"https:\/\/blog.sierranortedeguadalajara.com\/index.php?rest_route=\/wp\/v2\/users\/1"}],"replies":[{"embeddable":true,"href":"https:\/\/blog.sierranortedeguadalajara.com\/index.php?rest_route=%2Fwp%2Fv2%2Fcomments&post=19619"}],"version-history":[{"count":1,"href":"https:\/\/blog.sierranortedeguadalajara.com\/index.php?rest_route=\/wp\/v2\/posts\/19619\/revisions"}],"predecessor-version":[{"id":26261,"href":"https:\/\/blog.sierranortedeguadalajara.com\/index.php?rest_route=\/wp\/v2\/posts\/19619\/revisions\/26261"}],"wp:attachment":[{"href":"https:\/\/blog.sierranortedeguadalajara.com\/index.php?rest_route=%2Fwp%2Fv2%2Fmedia&parent=19619"}],"wp:term":[{"taxonomy":"category","embeddable":true,"href":"https:\/\/blog.sierranortedeguadalajara.com\/index.php?rest_route=%2Fwp%2Fv2%2Fcategories&post=19619"},{"taxonomy":"post_tag","embeddable":true,"href":"https:\/\/blog.sierranortedeguadalajara.com\/index.php?rest_route=%2Fwp%2Fv2%2Ftags&post=19619"}],"curies":[{"name":"wp","href":"https:\/\/api.w.org\/{rel}","templated":true}]}}