{"id":19455,"date":"2017-11-13T00:05:07","date_gmt":"2017-11-12T23:05:07","guid":{"rendered":"http:\/\/blog.laveredadepuebla.com\/?p=19455"},"modified":"2023-02-10T12:09:37","modified_gmt":"2023-02-10T12:09:37","slug":"plan-para-el-puente-de-diciembre-en-la-sierra-norte","status":"publish","type":"post","link":"https:\/\/blog.sierranortedeguadalajara.com\/?p=19455","title":{"rendered":"Plan para el puente de diciembre en la Sierra Norte"},"content":{"rendered":"<p align=\"JUSTIFY\"><span style=\"font-size:small;\">Solo para <\/span><span style=\"color:#800000;\"><span style=\"font-size:small;\"><b>gente atrevida, que busque nuevas sensaciones. <\/b><span style=\"color:#333333;\">A<\/span><\/span><\/span><span style=\"color:#000000;\"><span style=\"font-size:small;\">provechando la sequ\u00eda <\/span><\/span><span style=\"color:#000000;\"><span style=\"font-size:small;\"><i>(algo bueno deb\u00eda tener), <\/i><\/span><\/span><span style=\"color:#000000;\"><span style=\"font-size:small;\">proponemos u<\/span><\/span><span style=\"font-size:small;\">n mix de aventura, historia, cultura, leyendas, naturaleza y autenticidad en la <\/span><span style=\"font-size:small;\"><i><b><a href=\"https:\/\/blog.laveredadepuebla.com\/2016\/05\/10\/el-mapa-de-la-sierra-norte\/\">Sierra Norte de Guadalajara<\/a> \u2026 <\/b><\/i><\/span><span style=\"font-size:small;\">que no dejar\u00e1 indiferente a nadie.<\/span><\/p>\n<ul>\n<li><span style=\"color:#7e0021;\"><span style=\"font-size:small;\"><i><u><b>Martes 5<\/b><\/u><\/i><\/span><\/span><span style=\"color:#7e0021;\"><span style=\"font-size:small;\"><i><b>: <\/b><\/i><\/span><\/span><span style=\"color:#000000;\"><span style=\"font-size:small;\">llegada a <\/span><\/span><a href=\"https:\/\/blog.laveredadepuebla.com\/2016\/05\/10\/el-mapa-de-la-sierra-norte\/\"><span style=\"color:#000000;\"><span style=\"font-size:small;\"><i><b>Puebla de Valles<\/b><\/i><\/span><\/span> <\/a><span style=\"color:#000000;\"><span style=\"font-size:small;\"><i>(<\/i><\/span><\/span><span style=\"color:#800000;\"><span style=\"font-size:small;\"><i>c\u00e1rcavas, bodega \u00e1rabe, ca\u00f1as,&#8230;)<\/i><\/span><\/span><\/li>\n<li><span style=\"color:#7e0021;\"><span style=\"font-size:small;\"><i><u><b>Miercoles 6<\/b><\/u><\/i><\/span><\/span><span style=\"color:#7e0021;\"><span style=\"font-size:small;\"><i><b>:<\/b><\/i><\/span><\/span> <a href=\"https:\/\/blog.laveredadepuebla.com\/2009\/11\/09\/pueblos-abandonados\/\"><span style=\"color:#000000;\"><span style=\"font-size:small;\"><i><b>Pueblos abandonados<\/b><\/i><\/span><\/span><\/a><b> <\/b><span style=\"color:#000000;\"><span style=\"font-size:small;\">de <\/span><\/span><span style=\"color:#7e0021;\"><span style=\"font-size:small;\"><u><b>El Vado <\/b><\/u><\/span><\/span><span style=\"color:#7e0021;\"><span style=\"font-size:small;\"><b>y <\/b><\/span><\/span><span style=\"color:#7e0021;\"><span style=\"font-size:small;\"><u><b>La Vereda<\/b><\/u><\/span><\/span> <span style=\"color:#000000;\"><span style=\"font-size:small;\"><i>(todo el d\u00eda; hay que llevar agua y merienda<\/i><\/span><\/span><span style=\"color:#000000;\"><span style=\"font-size:small;\">). En <\/span><\/span><span style=\"color:#000000;\"><span style=\"font-size:small;\"><i><b><a href=\"https:\/\/blog.laveredadepuebla.com\/2009\/11\/09\/pueblos-abandonados\/\">El Vado<\/a> <\/b><\/i><\/span><\/span><span style=\"color:#000000;\"><span style=\"font-size:small;\"><i>(por Retiendas, 15`en coche)<\/i><\/span><\/span><span style=\"color:#000000;\"><span style=\"font-size:small;\"> paramos a ver<\/span><\/span><i> <\/i><a href=\"https:\/\/blog.laveredadepuebla.com\/2009\/11\/09\/pueblos-abandonados\/\"><span style=\"color:#000000;\"><span style=\"font-size:small;\"><i><b>los dragones<\/b><\/i><\/span><\/span><\/a><span style=\"color:#000000;\"><span style=\"font-size:small;\">. Por el <\/span><\/span><span style=\"color:#7e0021;\"><span style=\"font-size:small;\"><i><b>camino del Degollado<\/b><\/i><\/span><\/span><span style=\"color:#000000;\"><span style=\"font-size:small;\"> bajamos a pi\u00e9 hasta el brazo seco del <\/span><\/span><span style=\"color:#7e0021;\"><span style=\"font-size:small;\"><b>arroyo de La Venta <\/b><\/span><\/span><span style=\"color:#000000;\"><span style=\"font-size:small;\">que cruzamos hasta el <\/span><\/span><a href=\"https:\/\/blog.laveredadepuebla.com\/2009\/11\/09\/pueblos-abandonados\/\"><span style=\"color:#000000;\"><span style=\"font-size:small;\"><i><b>pueblo abandonado de El Vado <\/b><\/i><\/span><\/span><\/a><span style=\"color:#800000;\"><span style=\"font-size:small;\"><i><b>(45`)<\/b><\/i><\/span><\/span><span style=\"color:#800000;\"><span style=\"font-size:small;\">.<\/span><\/span><span style=\"color:#000000;\"><span style=\"font-size:small;\"> Casas, corrales, plazas, molino, \u2026 negros y en ruinas. En la colina, la iglesia de <\/span><\/span><a href=\"https:\/\/blog.laveredadepuebla.com\/2009\/11\/10\/iglesia-de-santa-maria-del-vado\/\"><span style=\"color:#000000;\"><span style=\"font-size:small;\"><i><b>Santa Mar\u00eda del Vado<\/b><\/i><\/span><\/span><\/a><span style=\"color:#000000;\"><span style=\"font-size:small;\">. <\/span><\/span><span style=\"color:#7e0021;\"><span style=\"font-size:small;\"><b>\u00a1Espectacular!<\/b><\/span><\/span><span style=\"color:#000000;\"><span style=\"font-size:small;\"> Ahi sale la senda que va a <\/span><\/span><a href=\"http:\/\/hijosdelavereda.blogspot.com\/\"><span style=\"color:#000000;\"><span style=\"font-size:small;\"><i><b>La Vereda <\/b><\/i><\/span><\/span><\/a><span style=\"color:#000000;\"><span style=\"font-size:small;\"><i>(1 h),<\/i><\/span><\/span><span style=\"color:#000000;\"><span style=\"font-size:small;\"> un pueblo negro<\/span><\/span><i><b> <\/b><\/i><span style=\"color:#000000;\"><span style=\"font-size:small;\">que merece ser <\/span><\/span><span style=\"color:#7e0021;\"><span style=\"font-size:small;\"><b>paseado y fotografiado<\/b><\/span><\/span><span style=\"color:#000000;\"><span style=\"font-size:small;\">. La vuelta por el mismo sitio.<a href=\"https:\/\/laveredadepuebla.files.wordpress.com\/2017\/10\/171113-plan-del-finde-24-26-noviembre-2.jpg\"><img loading=\"lazy\" decoding=\"async\" class=\"alignright size-medium wp-image-19449\" src=\"https:\/\/blog.sierranortedeguadalajara.com\/wp-content\/uploads\/2023\/02\/171113-plan-del-finde-24-26-noviembre-2.jpg\" alt=\"\" width=\"300\" height=\"194\" \/><\/a><\/span><\/span><\/li>\n<li><span style=\"color:#7e0021;\"><span style=\"font-size:small;\"><i><u><b>Jueves 7:<\/b><\/u><\/i><\/span><\/span><i><b> <\/b><\/i><span style=\"color:#000000;\"><span style=\"font-size:small;\">Para relajar, <\/span><\/span><span style=\"color:#7e0021;\"><span style=\"font-size:small;\"><b>desayuno serrano <\/b><\/span><\/span><span style=\"color:#000000;\"><span style=\"font-size:small;\">en el porche. Paseo hasta la casa de los motores y vuelta por el arroyo de Valdelacasa; <\/span><\/span><a href=\"http:\/\/hijosdelavereda.blogspot.com\/\"><span style=\"color:#000000;\"><span style=\"font-size:small;\"><i><b>vistas sobre las c\u00e1rcavas<\/b><\/i><\/span><\/span><\/a><span style=\"color:#000000;\"><span style=\"font-size:small;\">. Aperitivo en el bar y charla con los vecinos. Para comer un buen asado en la casa, barbacoa, o paella&#8230;tomando el sol.<\/span><\/span><\/li>\n<li><span style=\"color:#7e0021;\"><span style=\"font-size:small;\"><i><u><b>Viernes 8:<\/b><\/u><\/i><\/span><\/span><a href=\"https:\/\/blog.laveredadepuebla.com\/2009\/12\/02\/las-ermitas-de-penamira\/\"><i><b> <\/b><\/i><span style=\"color:#000000;\"><span style=\"font-size:small;\"><i><b>Antigua y nueva ermita de Pe\u00f1amira <\/b><\/i><\/span><\/span><\/a><span style=\"color:#000000;\"><span style=\"font-size:small;\"><i>(todo el d\u00eda; hay que llevar agua y merienda<\/i><\/span><\/span><span style=\"color:#000000;\"><span style=\"font-size:small;\">). Salimos temprano para <\/span><\/span><span style=\"color:#7e0021;\"><span style=\"font-size:small;\"><b>Muriel<\/b><\/span><\/span> <span style=\"color:#000000;\"><span style=\"font-size:small;\"><i>(20\u00b4en coche) <\/i><\/span><\/span><span style=\"color:#000000;\"><span style=\"font-size:small;\">y desde all\u00ed al Sorbe, cuyo cauce seguimos hasta <\/span><\/span><span style=\"color:#000000;\"><span style=\"font-size:small;\"><i><b><a href=\"https:\/\/blog.laveredadepuebla.com\/2009\/11\/26\/estrecho-de-penacabras\/\">Pe\u00f1acabra<\/a>.<\/b><\/i><\/span><\/span><span style=\"color:#000000;\"><span style=\"font-size:small;\"> A 300 mts, el <\/span><\/span><span style=\"color:#7e0021;\"><span style=\"font-size:small;\"><b>arroyo de las Quintillas<\/b><\/span><\/span><span style=\"color:#000000;\"><span style=\"font-size:small;\"> y algo m\u00e1s alejado, ruinas de la <\/span><\/span><span style=\"color:#7e0021;\"><span style=\"font-size:small;\"><b>ermita y el refugio de Pe\u00f1amira<\/b><\/span><\/span><span style=\"color:#000000;\"><span style=\"font-size:small;\">; a 0,5 kms la<\/span><\/span><a href=\"https:\/\/blog.laveredadepuebla.com\/2013\/01\/07\/construccion-de-la-ermita-de-penamira\/\"><span style=\"color:#000000;\"><span style=\"font-size:small;\"><i><b> ermita actual<\/b><\/i><\/span><\/span><\/a><span style=\"color:#000000;\"><span style=\"font-size:small;\"> y <\/span><\/span><span style=\"color:#7e0021;\"><span style=\"font-size:small;\"><b>Pe\u00f1a Cap\u00f3n <\/b><\/span><\/span><span style=\"color:#000000;\"><span style=\"font-size:small;\"><i>(total 2 horas).<\/i><\/span><\/span><span style=\"color:#000000;\"><span style=\"font-size:small;\"> La vuelta <\/span><\/span><span style=\"color:#000000;\"><span style=\"font-size:small;\"><i>(2 h.)<\/i><\/span><\/span><span style=\"color:#000000;\"><span style=\"font-size:small;\"> por el pinar, pasando por<\/span><\/span><span style=\"color:#7e0021;\"><span style=\"font-size:small;\"><b> trincheras y El Morro<\/b><\/span><\/span><span style=\"color:#000000;\"><span style=\"font-size:small;\">. \u00a1Que vistas!<a href=\"https:\/\/laveredadepuebla.files.wordpress.com\/2017\/10\/171130-plan-del-finde-24-26-noviembre.jpg\"><img loading=\"lazy\" decoding=\"async\" class=\"alignright size-medium wp-image-19447\" src=\"https:\/\/blog.sierranortedeguadalajara.com\/wp-content\/uploads\/2023\/02\/171130-plan-del-finde-24-26-noviembre.jpg\" alt=\"\" width=\"300\" height=\"225\" \/><\/a><br \/>\n<\/span><\/span><\/li>\n<li><span style=\"color:#7e0021;\"><span style=\"font-size:small;\"><i><u><b>S\u00e1bado 9<\/b><\/u><\/i><\/span><\/span><span style=\"color:#7e0021;\"><span style=\"font-size:small;\"><i><b>:<\/b><\/i><\/span><\/span><i><b> <\/b><\/i><span style=\"color:#000000;\"><span style=\"font-size:small;\">nos vamos de <\/span><\/span><a href=\"https:\/\/blog.laveredadepuebla.com\/2011\/11\/25\/esos-pueblos-negros\/\"><span style=\"color:#000000;\"><span style=\"font-size:small;\"><i><b>pueblos negros. <\/b><\/i><\/span><\/span><\/a><span style=\"color:#000000;\"><span style=\"font-size:small;\">En este orden: <\/span><\/span><span style=\"color:#7e0021;\"><span style=\"font-size:small;\"><b>Tamaj\u00f3n, Campillejo, El Espinar, Roblelacasa<\/b><\/span><\/span> <span style=\"color:#000000;\"><span style=\"font-size:small;\"><i>(si nos apetece nos bajamos al Aljibe y <\/i><\/span><\/span><a href=\"https:\/\/blog.laveredadepuebla.com\/2014\/08\/14\/la-matallana\/\"><span style=\"color:#000000;\"><span style=\"font-size:small;\"><i><b>Matallana<\/b><\/i><\/span><\/span><\/a><span style=\"color:#000000;\"><span style=\"font-size:small;\"><i>),<\/i><\/span><\/span> <span style=\"color:#7e0021;\"><span style=\"font-size:small;\"><b>Campillo, Robleluengo y Majaelrayo. <\/b><\/span><\/span><span style=\"color:#000000;\"><span style=\"font-size:small;\">Comida y caf\u00e9 a elegir, pueblo y bar <\/span><\/span><span style=\"color:#7e0021;\"><span style=\"font-size:small;\"><b>(pregunta<\/b><\/span><\/span><span style=\"color:#7e0021;\"><span style=\"font-size:small;\"><i><b>).<\/b><\/i><\/span><\/span><\/li>\n<li><span style=\"color:#7e0021;\"><span style=\"font-size:small;\"><i><u><b>Domingo 10: <\/b><\/u><\/i><\/span><\/span><span style=\"color:#000000;\"><span style=\"font-size:small;\">una sencilla y bonita excursi\u00f3n hasta <a href=\"https:\/\/blog.laveredadepuebla.com\/2011\/06\/16\/el-chorro-de-valdesotos\"><span style=\"color:#333333;\"><em><strong>el <\/strong><\/em><\/span><\/a><\/span><\/span><span style=\"color:#333333;\"><em><strong><span style=\"font-size:small;\">Chorro <\/span><\/strong><\/em><\/span><span style=\"color:#000000;\"><span style=\"font-size:small;\"><i>(20\u00b4+20\u00b4)<\/i><\/span><\/span><span style=\"color:#000000;\"><span style=\"font-size:small;\">, una excelente excusa para disfrutar de las vistas del <\/span><\/span><a href=\"https:\/\/blog.laveredadepuebla.com\/2016\/01\/13\/las-cuatro-caras-del-puente-de-valdesotos\/\"><span style=\"color:#000000;\"><span style=\"font-size:small;\"><i><b>puente medieval<\/b><\/i><\/span><\/span><\/a><span style=\"color:#000000;\"><span style=\"font-size:small;\">, el <\/span><\/span><a href=\"https:\/\/blog.laveredadepuebla.com\/2016\/11\/04\/la-hoz-del-jarama-en-otono\/\"><span style=\"color:#000000;\"><span style=\"font-size:small;\"><i><b>ca\u00f1\u00f3n del Jarama<\/b><\/i><\/span><\/span><\/a><span style=\"color:#000000;\"><span style=\"font-size:small;\">, el <\/span><\/span><span style=\"color:#800000;\"><span style=\"font-size:small;\"><i><b>casco urbano<\/b><\/i><\/span><\/span><span style=\"color:#000000;\"><span style=\"font-size:small;\"><span style=\"color:#800000;\"><em><strong> de Valdesotos<\/strong><\/em><\/span> y conocer las cascadas. <\/span><\/span><\/li>\n<\/ul>\n<p align=\"JUSTIFY\"><span style=\"font-size:small;\">Plan dise\u00f1ado <\/span><span style=\"font-size:small;\"><i><b><a href=\"http:\/\/www.laveredadepuebla.com\/reservas.htm\">para nuestros clientes<\/a> <\/b><\/i><\/span><span style=\"font-size:small;\"><i>(a los que podr\u00eda acompa\u00f1ar)<\/i><\/span><span style=\"font-size:small;\"><i><b>,<\/b><\/i><\/span><span style=\"font-size:small;\"> que hacemos p\u00fablico para disfrute de todos. <\/span><span style=\"color:#000000;\"><span style=\"font-size:small;\">Hay muchas combinaciones posibles, y para todos los gustos;<\/span><\/span><span style=\"color:#7e0021;\"><span style=\"font-size:small;\"><b> d\u00e9jate aconsejar. <\/b><\/span><\/span><\/p>\n<p align=\"JUSTIFY\"><i><b>Lar-ami<\/b><\/i><\/p>\n","protected":false},"excerpt":{"rendered":"<p>Solo para gente atrevida, que busque nuevas sensaciones. Aprovechando la sequ\u00eda (algo bueno deb\u00eda tener), proponemos un mix de aventura, historia, cultura, leyendas, naturaleza y autenticidad en la Sierra Norte de Guadalajara \u2026 que no dejar\u00e1 indiferente a nadie. Martes 5: llegada a Puebla de Valles (c\u00e1rcavas, bodega \u00e1rabe, ca\u00f1as,&#8230;) Miercoles 6: Pueblos abandonados de &hellip; <\/p>\n<p class=\"link-more\"><a href=\"https:\/\/blog.sierranortedeguadalajara.com\/?p=19455\" class=\"more-link\">Seguir leyendo<span class=\"screen-reader-text\"> \u00abPlan para el puente de diciembre en la Sierra Norte\u00bb<\/span><\/a><\/p>\n","protected":false},"author":1,"featured_media":0,"comment_status":"open","ping_status":"open","sticky":false,"template":"","format":"standard","meta":{"footnotes":""},"categories":[12,17,15],"tags":[2,100,4,26,5,7,8,30,37,10,21],"class_list":["post-19455","post","type-post","status-publish","format-standard","hentry","category-actualidad","category-paisajes-y-lugares-de-la-sierra-norte","category-rincones-de-guadalajara","tag-actualidad","tag-costumbres-y-tradiciones","tag-cultura","tag-el-vado","tag-historia","tag-naturaleza","tag-puebla-de-valles","tag-pueblos-abandonados","tag-pueblos-negros","tag-sierra-norte","tag-tamajon","entry"],"_links":{"self":[{"href":"https:\/\/blog.sierranortedeguadalajara.com\/index.php?rest_route=\/wp\/v2\/posts\/19455","targetHints":{"allow":["GET"]}}],"collection":[{"href":"https:\/\/blog.sierranortedeguadalajara.com\/index.php?rest_route=\/wp\/v2\/posts"}],"about":[{"href":"https:\/\/blog.sierranortedeguadalajara.com\/index.php?rest_route=\/wp\/v2\/types\/post"}],"author":[{"embeddable":true,"href":"https:\/\/blog.sierranortedeguadalajara.com\/index.php?rest_route=\/wp\/v2\/users\/1"}],"replies":[{"embeddable":true,"href":"https:\/\/blog.sierranortedeguadalajara.com\/index.php?rest_route=%2Fwp%2Fv2%2Fcomments&post=19455"}],"version-history":[{"count":1,"href":"https:\/\/blog.sierranortedeguadalajara.com\/index.php?rest_route=\/wp\/v2\/posts\/19455\/revisions"}],"predecessor-version":[{"id":26346,"href":"https:\/\/blog.sierranortedeguadalajara.com\/index.php?rest_route=\/wp\/v2\/posts\/19455\/revisions\/26346"}],"wp:attachment":[{"href":"https:\/\/blog.sierranortedeguadalajara.com\/index.php?rest_route=%2Fwp%2Fv2%2Fmedia&parent=19455"}],"wp:term":[{"taxonomy":"category","embeddable":true,"href":"https:\/\/blog.sierranortedeguadalajara.com\/index.php?rest_route=%2Fwp%2Fv2%2Fcategories&post=19455"},{"taxonomy":"post_tag","embeddable":true,"href":"https:\/\/blog.sierranortedeguadalajara.com\/index.php?rest_route=%2Fwp%2Fv2%2Ftags&post=19455"}],"curies":[{"name":"wp","href":"https:\/\/api.w.org\/{rel}","templated":true}]}}