{"id":19376,"date":"2017-11-15T00:05:49","date_gmt":"2017-11-14T23:05:49","guid":{"rendered":"http:\/\/blog.laveredadepuebla.com\/?p=19376"},"modified":"2023-02-10T12:09:37","modified_gmt":"2023-02-10T12:09:37","slug":"las-huellas-del-ultimo-incendio","status":"publish","type":"post","link":"https:\/\/blog.sierranortedeguadalajara.com\/?p=19376","title":{"rendered":"Las huellas del \u00faltimo incendio"},"content":{"rendered":"<p align=\"JUSTIFY\"><span style=\"font-size:small;\">Aunque se inici\u00f3 el 18 de julio<\/span><span style=\"font-size:small;\"><i> (maldita fecha) <\/i><\/span><span style=\"font-size:small;\"> de 2.014, este <\/span><span style=\"font-size:small;\"><a href=\"https:\/\/blog.laveredadepuebla.com\/2014\/08\/13\/el-incendio-de-cogolludo\/\"><i><b>pavoroso incendio<\/b><\/i><\/a><\/span><span style=\"font-size:small;\"> fue noticia toda la semana. Por su duraci\u00f3n, porque calcin\u00f3 casi 3.000 has <\/span><span style=\"font-size:small;\"><i>(de monte bajo, robledal y pinares) <\/i><\/span><span style=\"font-size:small;\">y<\/span><i> <\/i><span style=\"font-size:small;\">afect\u00f3 a varios municipios <\/span><span style=\"color:#800000;\"><span style=\"font-size:small;\"><b>(Cogolludo, Tamaj\u00f3n y Arbanc\u00f3n).<\/b><\/span><\/span><\/p>\n<p align=\"JUSTIFY\"><span style=\"font-size:small;\"><a href=\"https:\/\/laveredadepuebla.files.wordpress.com\/2017\/10\/171027-huellas-1.jpg\"><img loading=\"lazy\" decoding=\"async\" class=\"alignleft size-medium wp-image-19377\" src=\"https:\/\/blog.sierranortedeguadalajara.com\/wp-content\/uploads\/2023\/02\/171027-huellas-1.jpg\" alt=\"\" width=\"300\" height=\"225\" \/><\/a>Han pasado tres a\u00f1os, pero no lo hemos olvidado. Recordamos con <\/span><span style=\"font-size:small;\"><a href=\"https:\/\/blog.laveredadepuebla.com\/2015\/07\/14\/incendios-en-la-sierra-norte\/\"><i><b>temor la angustia vivida <\/b><\/i><\/a><\/span><span style=\"font-size:small;color:#800000;\"><i>(quiz\u00e1s porque la sequ\u00eda actual supone un inmenso riesgo de repetir la tragedia)<\/i><\/span><span style=\"font-size:small;\">, con orgullo la actuaci\u00f3n de las brigadas<\/span><span style=\"font-size:small;color:#800000;\"><i> (que nos hicieron comprender que necesitan m\u00e1s efectivos y m\u00e1s medios)<\/i><\/span><span style=\"font-size:small;\"><span style=\"color:#800000;\"> y<\/span> con verg\u00fcenza el comportamiento de algunos pol\u00edticos.<\/span><\/p>\n<p align=\"JUSTIFY\"><span style=\"font-size:small;\">Las huellas de esta cat\u00e1strofe son muy visibles desde los miradores naturales cercanos, como la <\/span><span style=\"font-size:small;\"><a href=\"https:\/\/blog.laveredadepuebla.com\/2017\/10\/04\/la-torrecilla-de-jocar\/\"><i><b>Torrecilla de J\u00f3car<\/b><\/i><\/a><\/span><span style=\"font-size:small;\">. No tengo palabras para expresar lo que siento cuando veo estas im\u00e1genes. <a href=\"https:\/\/laveredadepuebla.files.wordpress.com\/2017\/10\/171027-huellas-2.jpg\"><img loading=\"lazy\" decoding=\"async\" class=\"alignright size-medium wp-image-19378\" src=\"https:\/\/blog.sierranortedeguadalajara.com\/wp-content\/uploads\/2023\/02\/171027-huellas-2.jpg\" alt=\"\" width=\"300\" height=\"225\" \/><\/a><\/span><\/p>\n<p align=\"JUSTIFY\"><span style=\"font-size:small;\">Cierto que la naturaleza se encargar\u00e1 de regenerar las zonas quemadas,&#8230; pero \u00bfen cuanto tiempo? Unos 100 a\u00f1os dicen los expertos.\u00a0<span style=\"color:#800000;\"><strong> \u00bfQue tal si las administraciones echan una mano?<\/strong><\/span> No basta con cortar los \u00e1rboles quemados y retirar la madera&#8230; hace falta algo m\u00e1s&#8230;<\/span><span style=\"color:#800000;\"><span style=\"font-size:small;\"><b> O nuestros nietos no ver\u00e1n la zona como la conocimos nosotros.<\/b><\/span><\/span><\/p>\n<p align=\"JUSTIFY\"><i><b>Lar-ami<\/b><\/i><\/p>\n","protected":false},"excerpt":{"rendered":"<p>Aunque se inici\u00f3 el 18 de julio (maldita fecha) de 2.014, este pavoroso incendio fue noticia toda la semana. Por su duraci\u00f3n, porque calcin\u00f3 casi 3.000 has (de monte bajo, robledal y pinares) y afect\u00f3 a varios municipios (Cogolludo, Tamaj\u00f3n y Arbanc\u00f3n). Han pasado tres a\u00f1os, pero no lo hemos olvidado. Recordamos con temor la &hellip; <\/p>\n<p class=\"link-more\"><a href=\"https:\/\/blog.sierranortedeguadalajara.com\/?p=19376\" class=\"more-link\">Seguir leyendo<span class=\"screen-reader-text\"> \u00abLas huellas del \u00faltimo incendio\u00bb<\/span><\/a><\/p>\n","protected":false},"author":1,"featured_media":0,"comment_status":"open","ping_status":"open","sticky":false,"template":"","format":"standard","meta":{"footnotes":""},"categories":[12,17,15],"tags":[136],"class_list":["post-19376","post","type-post","status-publish","format-standard","hentry","category-actualidad","category-paisajes-y-lugares-de-la-sierra-norte","category-rincones-de-guadalajara","tag-https-blog-laveredadepuebla-com-2017-10-04-la-torrecilla-de-jocar","entry"],"_links":{"self":[{"href":"https:\/\/blog.sierranortedeguadalajara.com\/index.php?rest_route=\/wp\/v2\/posts\/19376","targetHints":{"allow":["GET"]}}],"collection":[{"href":"https:\/\/blog.sierranortedeguadalajara.com\/index.php?rest_route=\/wp\/v2\/posts"}],"about":[{"href":"https:\/\/blog.sierranortedeguadalajara.com\/index.php?rest_route=\/wp\/v2\/types\/post"}],"author":[{"embeddable":true,"href":"https:\/\/blog.sierranortedeguadalajara.com\/index.php?rest_route=\/wp\/v2\/users\/1"}],"replies":[{"embeddable":true,"href":"https:\/\/blog.sierranortedeguadalajara.com\/index.php?rest_route=%2Fwp%2Fv2%2Fcomments&post=19376"}],"version-history":[{"count":1,"href":"https:\/\/blog.sierranortedeguadalajara.com\/index.php?rest_route=\/wp\/v2\/posts\/19376\/revisions"}],"predecessor-version":[{"id":26343,"href":"https:\/\/blog.sierranortedeguadalajara.com\/index.php?rest_route=\/wp\/v2\/posts\/19376\/revisions\/26343"}],"wp:attachment":[{"href":"https:\/\/blog.sierranortedeguadalajara.com\/index.php?rest_route=%2Fwp%2Fv2%2Fmedia&parent=19376"}],"wp:term":[{"taxonomy":"category","embeddable":true,"href":"https:\/\/blog.sierranortedeguadalajara.com\/index.php?rest_route=%2Fwp%2Fv2%2Fcategories&post=19376"},{"taxonomy":"post_tag","embeddable":true,"href":"https:\/\/blog.sierranortedeguadalajara.com\/index.php?rest_route=%2Fwp%2Fv2%2Ftags&post=19376"}],"curies":[{"name":"wp","href":"https:\/\/api.w.org\/{rel}","templated":true}]}}