{"id":19354,"date":"2017-10-20T00:05:24","date_gmt":"2017-10-19T22:05:24","guid":{"rendered":"http:\/\/blog.laveredadepuebla.com\/?p=19354"},"modified":"2023-02-10T12:09:37","modified_gmt":"2023-02-10T12:09:37","slug":"las-cabezadas-pueblo-abandonado","status":"publish","type":"post","link":"https:\/\/blog.sierranortedeguadalajara.com\/?p=19354","title":{"rendered":"Las Cabezadas, pueblo abandonado"},"content":{"rendered":"<p align=\"JUSTIFY\"><span style=\"font-size:small;\">En el desv\u00edo de la <\/span><span style=\"color:#7e0021;\"><span style=\"font-size:small;\"><b>CM-1006<\/b><\/span><\/span><span style=\"font-size:small;\"> hacia <\/span><span style=\"font-size:small;\"><a href=\"https:\/\/blog.laveredadepuebla.com\/2017\/07\/07\/las-navas-de-jadraque-negro-o-dorado\/\"><i><b>Las Navas de Jadraque<\/b><\/i><\/a><\/span> <span style=\"color:#7e0021;\"><span style=\"font-size:small;\"><i><b>(GU140) <\/b><\/i><\/span><\/span><span style=\"font-size:small;\">un cartel indica: <\/span><span style=\"color:#7e0021;\"><span style=\"font-size:small;\"><b>Las Cabezadas<\/b><\/span><\/span><span style=\"font-size:small;\"> 1,7 kms. A pesar de ello no es f\u00e1cil encontrar las ruinas de este pueblo, <\/span><span style=\"font-size:small;\"><a href=\"https:\/\/blog.laveredadepuebla.com\/2017\/08\/02\/descubre-semillas-y-la-sierra-norte-de-guadalajara\/\"><i><b>anexionado a Semillas en 1.969<\/b><\/i><\/a><\/span><span style=\"font-size:small;\">, cuando ya estaba abandonado <\/span><span style=\"font-size:small;\"><i>(en 1.967 el ICONA tom\u00f3 posesi\u00f3n de sus tierras y demoli\u00f3 las edificaciones para luego repoblar\u00a0 con pinos).<\/i><\/span><\/p>\n<p align=\"JUSTIFY\"><span style=\"font-size:small;\"><a href=\"https:\/\/laveredadepuebla.files.wordpress.com\/2017\/10\/171020-cabezadas-3.jpg\"><img loading=\"lazy\" decoding=\"async\" class=\"alignright wp-image-19355\" src=\"https:\/\/blog.sierranortedeguadalajara.com\/wp-content\/uploads\/2023\/02\/171020-cabezadas-3.jpg\" alt=\"\" width=\"240\" height=\"180\" \/><\/a><a href=\"https:\/\/laveredadepuebla.files.wordpress.com\/2017\/10\/171020-cabezadas-4.jpg\"><img loading=\"lazy\" decoding=\"async\" class=\"alignleft wp-image-19356\" src=\"https:\/\/blog.sierranortedeguadalajara.com\/wp-content\/uploads\/2023\/02\/171020-cabezadas-4.jpg\" alt=\"\" width=\"240\" height=\"180\" \/><\/a>Una pista forestal para la saca de madera, a la derecha de la carretera, nos lleva al pueblo. La maleza invade las ruinas <\/span><span style=\"font-size:small;\"><i>(zarzas y ciruelos silvestres, con frutos excelentes)<\/i><\/span><span style=\"font-size:small;\"> y un colmenar en la plaza animan a visitar lo poco que queda: algunos paredones de algunas casas, el abrevadero de una pieza y las ruinas de la iglesia. <\/span><\/p>\n<p align=\"JUSTIFY\"><span style=\"font-size:small;\"><a href=\"http:\/\/www.jlperezarribas.es\/\"><i><b>Don Juan Luis P\u00e9rez Arribas<\/b><\/i><\/a><\/span><span style=\"font-size:small;\">,en su libro <\/span><span style=\"color:#7e0021;\"><span style=\"font-size:small;\"><b>\u201dPueblos perdidos\u201d <\/b><\/span><\/span><span style=\"color:#000000;\"><span style=\"font-size:small;\">nos aporta informaci\u00f3n y croquis muy valiosos, del pueblo y de la iglesia de la Virgen de la Concepci\u00f3n: de una sola nave, con posible b\u00f3veda de ca\u00f1\u00f3n, separaba del presbiterio por un sencillo arco <\/span><\/span><span style=\"color:#000000;\"><span style=\"font-size:small;\"><i>(a\u00fan se ve) <\/i><\/span><\/span><span style=\"color:#000000;\"><span style=\"font-size:small;\">que a su vez estaba cubierto por una b\u00f3veda de arista <\/span><\/span><span style=\"color:#000000;\"><span style=\"font-size:small;\"><i>(se ven vestigios en las esquinas)<\/i><\/span><\/span><span style=\"color:#000000;\"><span style=\"font-size:small;\">. Anexo al sur, estaba el cementerio; en la fachada norte un p\u00f3rtico cubierto daba acceso a la iglesia y junto el baptisterio. Una rareza, ya que suelen esta al sur.<\/span><\/span><\/p>\n<p align=\"JUSTIFY\"><span style=\"color:#000000;\"><span style=\"font-size:small;\"><a href=\"https:\/\/laveredadepuebla.files.wordpress.com\/2017\/10\/171020-cabezadas-2.jpg\"><img loading=\"lazy\" decoding=\"async\" class=\"alignleft wp-image-19358\" src=\"https:\/\/blog.sierranortedeguadalajara.com\/wp-content\/uploads\/2023\/02\/171020-cabezadas-2.jpg\" alt=\"\" width=\"240\" height=\"190\" \/><\/a><a href=\"https:\/\/laveredadepuebla.files.wordpress.com\/2017\/10\/171020-cabezadas-1.jpg\"><img loading=\"lazy\" decoding=\"async\" class=\"alignright wp-image-19357\" src=\"https:\/\/blog.sierranortedeguadalajara.com\/wp-content\/uploads\/2023\/02\/171020-cabezadas-1.jpg\" alt=\"\" width=\"240\" height=\"181\" \/><\/a>Las Cabezadas nunca tuvo mucha poblaci\u00f3n. <\/span><\/span><span style=\"font-size:small;\"><a href=\"http:\/\/www.jlperezarribas.es\/\"><span style=\"color:#000000;\"><i><b>El diccionario Madoz<\/b><\/i><\/span><\/a><\/span> <span style=\"color:#000000;\"><span style=\"font-size:small;\"><i>(de 1.847)<\/i><\/span><\/span><span style=\"color:#000000;\"><span style=\"font-size:small;\">, recoge 33 personas que viv\u00edan de la agricultura <\/span><\/span><span style=\"color:#000000;\"><span style=\"font-size:small;\"><i>(trigo, centeno y cerezas),<\/i><\/span><\/span><span style=\"color:#000000;\"><span style=\"font-size:small;\"> el ganado <\/span><\/span><span style=\"color:#000000;\"><span style=\"font-size:small;\"><i>(ovino y caprino),<\/i><\/span><\/span><span style=\"color:#000000;\"><span style=\"font-size:small;\"> la le\u00f1a y la caza <\/span><\/span><span style=\"color:#000000;\"><span style=\"font-size:small;\"><i>(conejos, liebres y perdices)<\/i><\/span><\/span><span style=\"color:#000000;\"><span style=\"font-size:small;\">, que sol\u00edan vender en el mercado de Cogolludo.<\/span><\/span><\/p>\n<p align=\"JUSTIFY\"><span style=\"font-size:small;\">Solo por respirar la soledad y la paz del lugar, <\/span><span style=\"color:#7e0021;\"><span style=\"font-size:small;\"><b>Las Cabezadas <\/b><\/span><\/span><span style=\"font-size:small;\">merece una visita <\/span><span style=\"font-size:small;\"><i>(despu\u00e9s de leer esta entrada).<\/i><\/span><\/p>\n<p align=\"JUSTIFY\"><i><b>Lar-ami<\/b><\/i><\/p>\n","protected":false},"excerpt":{"rendered":"<p>En el desv\u00edo de la CM-1006 hacia Las Navas de Jadraque (GU140) un cartel indica: Las Cabezadas 1,7 kms. A pesar de ello no es f\u00e1cil encontrar las ruinas de este pueblo, anexionado a Semillas en 1.969, cuando ya estaba abandonado (en 1.967 el ICONA tom\u00f3 posesi\u00f3n de sus tierras y demoli\u00f3 las edificaciones para &hellip; <\/p>\n<p class=\"link-more\"><a href=\"https:\/\/blog.sierranortedeguadalajara.com\/?p=19354\" class=\"more-link\">Seguir leyendo<span class=\"screen-reader-text\"> \u00abLas Cabezadas, pueblo abandonado\u00bb<\/span><\/a><\/p>\n","protected":false},"author":1,"featured_media":0,"comment_status":"open","ping_status":"open","sticky":false,"template":"","format":"standard","meta":{"footnotes":""},"categories":[12,6,15],"tags":[133],"class_list":["post-19354","post","type-post","status-publish","format-standard","hentry","category-actualidad","category-mundo-rural","category-rincones-de-guadalajara","tag-http-www-jlperezarribas-es","entry"],"_links":{"self":[{"href":"https:\/\/blog.sierranortedeguadalajara.com\/index.php?rest_route=\/wp\/v2\/posts\/19354","targetHints":{"allow":["GET"]}}],"collection":[{"href":"https:\/\/blog.sierranortedeguadalajara.com\/index.php?rest_route=\/wp\/v2\/posts"}],"about":[{"href":"https:\/\/blog.sierranortedeguadalajara.com\/index.php?rest_route=\/wp\/v2\/types\/post"}],"author":[{"embeddable":true,"href":"https:\/\/blog.sierranortedeguadalajara.com\/index.php?rest_route=\/wp\/v2\/users\/1"}],"replies":[{"embeddable":true,"href":"https:\/\/blog.sierranortedeguadalajara.com\/index.php?rest_route=%2Fwp%2Fv2%2Fcomments&post=19354"}],"version-history":[{"count":1,"href":"https:\/\/blog.sierranortedeguadalajara.com\/index.php?rest_route=\/wp\/v2\/posts\/19354\/revisions"}],"predecessor-version":[{"id":26382,"href":"https:\/\/blog.sierranortedeguadalajara.com\/index.php?rest_route=\/wp\/v2\/posts\/19354\/revisions\/26382"}],"wp:attachment":[{"href":"https:\/\/blog.sierranortedeguadalajara.com\/index.php?rest_route=%2Fwp%2Fv2%2Fmedia&parent=19354"}],"wp:term":[{"taxonomy":"category","embeddable":true,"href":"https:\/\/blog.sierranortedeguadalajara.com\/index.php?rest_route=%2Fwp%2Fv2%2Fcategories&post=19354"},{"taxonomy":"post_tag","embeddable":true,"href":"https:\/\/blog.sierranortedeguadalajara.com\/index.php?rest_route=%2Fwp%2Fv2%2Ftags&post=19354"}],"curies":[{"name":"wp","href":"https:\/\/api.w.org\/{rel}","templated":true}]}}