{"id":19349,"date":"2017-10-16T00:05:11","date_gmt":"2017-10-15T22:05:11","guid":{"rendered":"http:\/\/blog.laveredadepuebla.com\/?p=19349"},"modified":"2023-02-10T12:09:37","modified_gmt":"2023-02-10T12:09:37","slug":"hablemos-de-semillas-otra-vez","status":"publish","type":"post","link":"https:\/\/blog.sierranortedeguadalajara.com\/?p=19349","title":{"rendered":"Hablemos de Semillas &#8230; otra vez"},"content":{"rendered":"<p><span style=\"font-size:small;\"><a href=\"https:\/\/laveredadepuebla.files.wordpress.com\/2017\/10\/171016-semillas-1.jpg\" target=\"_blank\" rel=\"noopener\"><img loading=\"lazy\" decoding=\"async\" class=\"alignright wp-image-19350\" src=\"https:\/\/blog.sierranortedeguadalajara.com\/wp-content\/uploads\/2023\/02\/171016-semillas-1.jpg\" alt=\"\" width=\"240\" height=\"180\" \/><\/a>Hay lugares de la <a href=\"https:\/\/blog.laveredadepuebla.com\/2016\/05\/10\/el-mapa-de-la-sierra-norte\/\"><i><b>Sierra Norte de Guadalajara<\/b><\/i><\/a> que son dificiles de olvidar; <a href=\"https:\/\/blog.laveredadepuebla.com\/2017\/08\/02\/descubre-semillas-y-la-sierra-norte-de-guadalajara\/\"><i><b>Semillas<\/b><\/i> <\/a>es uno de ellos. Vean por qu\u00e9:<\/span><\/p>\n<ul>\n<li><span style=\"color:#000000;\"><span style=\"font-size:small;\">El casco urbano gira alrededor de una espl\u00e9ndida fresneda situada en el centro del pueblo.<\/span><\/span><\/li>\n<li><span style=\"color:#000000;\"><span style=\"font-size:small;\">Las casas t\u00edpicas son de sillarejo (<\/span><\/span><span style=\"color:#000000;\"><span style=\"font-size:small;\"><i>mezcla de pizarra, gorrones, arenisca, conglomerado y caliza)<\/i><\/span><\/span><span style=\"color:#000000;\"><span style=\"font-size:small;\"> mientras que los techos son de pizarra.<\/span><\/span><\/li>\n<li><span style=\"color:#000000;\"><span style=\"font-size:small;\">No hay abrevaderos ni corrales en el pueblo. Cada vecino ten\u00eda su corral <\/span><\/span><span style=\"color:#000000;\"><span style=\"font-size:small;\"><i>(casillo)<\/i><\/span><\/span><span style=\"color:#000000;\"><span style=\"font-size:small;\"> a 1 kil\u00f3metro del pueblo, en el lugar llamado las <\/span><\/span><span style=\"color:#7e0021;\"><span style=\"font-size:small;\"><i><b>Casas del Fraile<\/b><\/i><\/span><\/span><span style=\"color:#000000;\"><span style=\"font-size:small;\">; est\u00e1n construidos con los mismos materiales que las casas. Hay m\u00e1s de 30, que necesitan una r\u00e1pida intervenci\u00f3n si se quieren conservar.<\/span><\/span><\/li>\n<li><span style=\"color:#000000;\"><span style=\"font-size:small;\">Tiene 6 cementerios: en <\/span><\/span><span style=\"color:#7e0021;\"><span style=\"font-size:small;\"><i><b>La Iruela<\/b><\/i><\/span><\/span><span style=\"color:#000000;\"><span style=\"font-size:small;\"> (abandonado), <\/span><\/span><span style=\"color:#7e0021;\"><span style=\"font-size:small;\"><i><b>Las Cabezadas <\/b><\/i><\/span><\/span><span style=\"color:#000000;\"><span style=\"font-size:small;\">(abandonado), <\/span><\/span><span style=\"color:#7e0021;\"><span style=\"font-size:small;\"><i><b>Robredarcas <\/b><\/i><\/span><\/span><span style=\"color:#000000;\"><span style=\"font-size:small;\">(abandonado), junto a la central de mineral de oro y 2 en <\/span><\/span><span style=\"color:#7e0021;\"><span style=\"font-size:small;\"><i><b>Semillas<\/b><\/i><\/span><\/span><span style=\"color:#000000;\"><span style=\"font-size:small;\">.<a href=\"https:\/\/laveredadepuebla.files.wordpress.com\/2017\/10\/171016-semillas-2.jpg\"><img loading=\"lazy\" decoding=\"async\" class=\"alignleft wp-image-19351\" src=\"https:\/\/blog.sierranortedeguadalajara.com\/wp-content\/uploads\/2023\/02\/171016-semillas-2.jpg\" alt=\"\" width=\"240\" height=\"180\" \/><\/a><\/span><\/span><\/li>\n<li><span style=\"color:#000000;\"><span style=\"font-size:small;\">El <\/span><\/span><span style=\"color:#7e0021;\"><span style=\"font-size:small;\"><i><b>pico de Santotis<\/b><\/i><\/span><\/span> <span style=\"color:#000000;\"><span style=\"font-size:small;\"><i>(1.560 mts) <\/i><\/span><\/span><span style=\"color:#000000;\"><span style=\"font-size:small;\">es su l\u00edmite por el sur. Una <\/span><\/span><span style=\"font-size:small;\"><a href=\"http:\/\/www.guadarramaymas.com\/2013\/04\/Santotis-desde-Semillas.html\"><span style=\"color:#000000;\"><i><b>preciosa ruta<\/b><\/i><\/span><\/a><\/span><span style=\"color:#000000;\"><span style=\"font-size:small;\"> lleva desde el pueblo hasta la cumbre en menos de una hora. <\/span><\/span><\/li>\n<li><span style=\"color:#000000;\"><span style=\"font-size:small;\">En el \u00faltimo tercio del siglo XIX se registraron m\u00e1s de 50 minas de oro: <\/span><\/span><span style=\"font-size:small;color:#800000;\"><strong>Santa Teresa, Isabeteta, Nuevo Brasil, Santa Alejandra, San luis, Jaffo, Mina Hueca,&#8230;<\/strong><\/span><span style=\"color:#000000;\"><span style=\"font-size:small;\"> que generaron producci\u00f3n, trabajo, &#8230; y hasta coplillas: <\/span><\/span><\/li>\n<li style=\"text-align:center;\"><span style=\"color:#7e0021;\"><span style=\"font-size:small;\"><i><b>Mina de las Maravillas,<\/b><\/i><\/span><\/span><\/li>\n<li style=\"text-align:center;\"><span style=\"color:#7e0021;\"><span style=\"font-size:small;\"><i><b>aunque tengas buen fil\u00f3n<\/b><\/i><\/span><\/span><\/li>\n<li style=\"text-align:center;\"><span style=\"color:#7e0021;\"><span style=\"font-size:small;\"><i><b>no ganas a la Polaca <\/b><\/i><\/span><\/span><\/li>\n<li style=\"text-align:center;\"><span style=\"font-size:small;\"><span style=\"color:#7e0021;\"><i><b>ni al Corbej\u00f3n.<\/b><\/i><\/span><\/span><\/li>\n<\/ul>\n<p align=\"JUSTIFY\"><i><b>Lar-ami<\/b><\/i><\/p>\n","protected":false},"excerpt":{"rendered":"<p>Hay lugares de la Sierra Norte de Guadalajara que son dificiles de olvidar; Semillas es uno de ellos. Vean por qu\u00e9: El casco urbano gira alrededor de una espl\u00e9ndida fresneda situada en el centro del pueblo. Las casas t\u00edpicas son de sillarejo (mezcla de pizarra, gorrones, arenisca, conglomerado y caliza) mientras que los techos son &hellip; <\/p>\n<p class=\"link-more\"><a href=\"https:\/\/blog.sierranortedeguadalajara.com\/?p=19349\" class=\"more-link\">Seguir leyendo<span class=\"screen-reader-text\"> \u00abHablemos de Semillas &#8230; otra vez\u00bb<\/span><\/a><\/p>\n","protected":false},"author":1,"featured_media":0,"comment_status":"open","ping_status":"open","sticky":false,"template":"","format":"standard","meta":{"footnotes":""},"categories":[12,6,17,15],"tags":[2,100,4,5,7,10],"class_list":["post-19349","post","type-post","status-publish","format-standard","hentry","category-actualidad","category-mundo-rural","category-paisajes-y-lugares-de-la-sierra-norte","category-rincones-de-guadalajara","tag-actualidad","tag-costumbres-y-tradiciones","tag-cultura","tag-historia","tag-naturaleza","tag-sierra-norte","entry"],"_links":{"self":[{"href":"https:\/\/blog.sierranortedeguadalajara.com\/index.php?rest_route=\/wp\/v2\/posts\/19349","targetHints":{"allow":["GET"]}}],"collection":[{"href":"https:\/\/blog.sierranortedeguadalajara.com\/index.php?rest_route=\/wp\/v2\/posts"}],"about":[{"href":"https:\/\/blog.sierranortedeguadalajara.com\/index.php?rest_route=\/wp\/v2\/types\/post"}],"author":[{"embeddable":true,"href":"https:\/\/blog.sierranortedeguadalajara.com\/index.php?rest_route=\/wp\/v2\/users\/1"}],"replies":[{"embeddable":true,"href":"https:\/\/blog.sierranortedeguadalajara.com\/index.php?rest_route=%2Fwp%2Fv2%2Fcomments&post=19349"}],"version-history":[{"count":1,"href":"https:\/\/blog.sierranortedeguadalajara.com\/index.php?rest_route=\/wp\/v2\/posts\/19349\/revisions"}],"predecessor-version":[{"id":26389,"href":"https:\/\/blog.sierranortedeguadalajara.com\/index.php?rest_route=\/wp\/v2\/posts\/19349\/revisions\/26389"}],"wp:attachment":[{"href":"https:\/\/blog.sierranortedeguadalajara.com\/index.php?rest_route=%2Fwp%2Fv2%2Fmedia&parent=19349"}],"wp:term":[{"taxonomy":"category","embeddable":true,"href":"https:\/\/blog.sierranortedeguadalajara.com\/index.php?rest_route=%2Fwp%2Fv2%2Fcategories&post=19349"},{"taxonomy":"post_tag","embeddable":true,"href":"https:\/\/blog.sierranortedeguadalajara.com\/index.php?rest_route=%2Fwp%2Fv2%2Ftags&post=19349"}],"curies":[{"name":"wp","href":"https:\/\/api.w.org\/{rel}","templated":true}]}}