{"id":19297,"date":"2017-10-11T00:05:11","date_gmt":"2017-10-10T22:05:11","guid":{"rendered":"http:\/\/blog.laveredadepuebla.com\/?p=19297"},"modified":"2023-02-10T12:09:37","modified_gmt":"2023-02-10T12:09:37","slug":"del-color-y-sus-contrastes-en-la-sierra-norte-de-guadalajara","status":"publish","type":"post","link":"https:\/\/blog.sierranortedeguadalajara.com\/?p=19297","title":{"rendered":"Del color y sus contrastes en la Sierra Norte de Guadalajara"},"content":{"rendered":"<p align=\"JUSTIFY\"><span style=\"font-size:small;\">En <\/span><span style=\"font-size:small;\"><a href=\"https:\/\/blog.laveredadepuebla.com\/2016\/12\/19\/en-otono-mas-colores\/\"><i><b>oto\u00f1o los contrastes de colores<\/b><\/i><\/a><\/span><span style=\"font-size:small;\"> enamoran al viajero. En algunos lugares resultan especialmente hermosos y atraen a muchos visitantes, sobre todo <\/span><span style=\"font-size:small;\"><a href=\"https:\/\/blog.laveredadepuebla.com\/2017\/09\/29\/escapadas-de-fin-de-semana-por-la-sierra-norte\/\"><i><b>los fines de semana<\/b><\/i><\/a><\/span><span style=\"font-size:small;\">. Como el <\/span><span style=\"font-size:small;\"><a href=\"https:\/\/blog.laveredadepuebla.com\/2016\/10\/10\/el-otono-en-el-hayedo-de-tejera-negra\/\"><i><b>Hayedo de Tejera Negra;<\/b><\/i><\/a><\/span><span style=\"font-size:small;\"> entre semana est\u00e1 igual de bello y menos masificado.<\/span><\/p>\n<p align=\"JUSTIFY\"><span style=\"font-size:small;\"><a href=\"https:\/\/laveredadepuebla.files.wordpress.com\/2017\/10\/171011-colores-1.jpg\" target=\"_blank\" rel=\"noopener\"><img loading=\"lazy\" decoding=\"async\" class=\"alignleft wp-image-19298\" src=\"https:\/\/blog.sierranortedeguadalajara.com\/wp-content\/uploads\/2023\/02\/171011-colores-1.jpg\" alt=\"\" width=\"240\" height=\"180\" \/><\/a><a href=\"https:\/\/laveredadepuebla.files.wordpress.com\/2017\/10\/171011-colores-2.jpg\" target=\"_blank\" rel=\"noopener\"><img loading=\"lazy\" decoding=\"async\" class=\"alignright wp-image-19299\" src=\"https:\/\/blog.sierranortedeguadalajara.com\/wp-content\/uploads\/2023\/02\/171011-colores-2.jpg\" alt=\"\" width=\"240\" height=\"180\" \/><\/a>Pero la <\/span><span style=\"font-size:small;\"><a href=\"https:\/\/blog.laveredadepuebla.com\/2016\/05\/10\/el-mapa-de-la-sierra-norte\/\"><i><b>Sierra Norte de Guadalajara<\/b><\/i><\/a><\/span><span style=\"font-size:small;\"> presume de contrastes de color en cualquier \u00e9poca del a\u00f1o. Valgan como ejemplo estas im\u00e1genes que proponemos, tomados en la ruta de subida a la <\/span><span style=\"font-size:small;\"><a href=\"http:\/\/blog.laveredadepuebla.com\/2017\/10\/04\/la-torrecilla-de-jocar\/\"><i><b>Torrecilla de J\u00f3car.<\/b><\/i><\/a><\/span><\/p>\n<p align=\"JUSTIFY\"><span style=\"font-size:small;\"><a href=\"https:\/\/laveredadepuebla.files.wordpress.com\/2017\/10\/171011-colores-3.jpg\" target=\"_blank\" rel=\"noopener\"><img loading=\"lazy\" decoding=\"async\" class=\"alignleft wp-image-19300\" src=\"https:\/\/blog.sierranortedeguadalajara.com\/wp-content\/uploads\/2023\/02\/171011-colores-3.jpg\" alt=\"\" width=\"240\" height=\"180\" \/><\/a><a href=\"https:\/\/laveredadepuebla.files.wordpress.com\/2017\/10\/171011-colores-4.jpg\" target=\"_blank\" rel=\"noopener\"><img loading=\"lazy\" decoding=\"async\" class=\"alignright wp-image-19301\" src=\"https:\/\/blog.sierranortedeguadalajara.com\/wp-content\/uploads\/2023\/02\/171011-colores-4.jpg\" alt=\"\" width=\"240\" height=\"180\" \/><\/a>La arcilla y sus \u00f3xidos, el matorral y los pinos, las rocas de colores, la erosi\u00f3n, \u2026 y hasta el aire puro realzan estos contrastes. Y quise compartirlo.<\/span><\/p>\n<p align=\"JUSTIFY\"><i><b>Lar-ami<\/b><\/i><\/p>\n","protected":false},"excerpt":{"rendered":"<p>En oto\u00f1o los contrastes de colores enamoran al viajero. En algunos lugares resultan especialmente hermosos y atraen a muchos visitantes, sobre todo los fines de semana. Como el Hayedo de Tejera Negra; entre semana est\u00e1 igual de bello y menos masificado. Pero la Sierra Norte de Guadalajara presume de contrastes de color en cualquier \u00e9poca &hellip; <\/p>\n<p class=\"link-more\"><a href=\"https:\/\/blog.sierranortedeguadalajara.com\/?p=19297\" class=\"more-link\">Seguir leyendo<span class=\"screen-reader-text\"> \u00abDel color y sus contrastes en la Sierra Norte de Guadalajara\u00bb<\/span><\/a><\/p>\n","protected":false},"author":1,"featured_media":0,"comment_status":"open","ping_status":"open","sticky":false,"template":"","format":"standard","meta":{"footnotes":""},"categories":[12,6,17,15],"tags":[2,4,5,7,10],"class_list":["post-19297","post","type-post","status-publish","format-standard","hentry","category-actualidad","category-mundo-rural","category-paisajes-y-lugares-de-la-sierra-norte","category-rincones-de-guadalajara","tag-actualidad","tag-cultura","tag-historia","tag-naturaleza","tag-sierra-norte","entry"],"_links":{"self":[{"href":"https:\/\/blog.sierranortedeguadalajara.com\/index.php?rest_route=\/wp\/v2\/posts\/19297","targetHints":{"allow":["GET"]}}],"collection":[{"href":"https:\/\/blog.sierranortedeguadalajara.com\/index.php?rest_route=\/wp\/v2\/posts"}],"about":[{"href":"https:\/\/blog.sierranortedeguadalajara.com\/index.php?rest_route=\/wp\/v2\/types\/post"}],"author":[{"embeddable":true,"href":"https:\/\/blog.sierranortedeguadalajara.com\/index.php?rest_route=\/wp\/v2\/users\/1"}],"replies":[{"embeddable":true,"href":"https:\/\/blog.sierranortedeguadalajara.com\/index.php?rest_route=%2Fwp%2Fv2%2Fcomments&post=19297"}],"version-history":[{"count":1,"href":"https:\/\/blog.sierranortedeguadalajara.com\/index.php?rest_route=\/wp\/v2\/posts\/19297\/revisions"}],"predecessor-version":[{"id":26396,"href":"https:\/\/blog.sierranortedeguadalajara.com\/index.php?rest_route=\/wp\/v2\/posts\/19297\/revisions\/26396"}],"wp:attachment":[{"href":"https:\/\/blog.sierranortedeguadalajara.com\/index.php?rest_route=%2Fwp%2Fv2%2Fmedia&parent=19297"}],"wp:term":[{"taxonomy":"category","embeddable":true,"href":"https:\/\/blog.sierranortedeguadalajara.com\/index.php?rest_route=%2Fwp%2Fv2%2Fcategories&post=19297"},{"taxonomy":"post_tag","embeddable":true,"href":"https:\/\/blog.sierranortedeguadalajara.com\/index.php?rest_route=%2Fwp%2Fv2%2Ftags&post=19297"}],"curies":[{"name":"wp","href":"https:\/\/api.w.org\/{rel}","templated":true}]}}