{"id":19291,"date":"2017-10-18T00:05:46","date_gmt":"2017-10-17T22:05:46","guid":{"rendered":"http:\/\/blog.laveredadepuebla.com\/?p=19291"},"modified":"2023-02-10T12:09:37","modified_gmt":"2023-02-10T12:09:37","slug":"el-mirador-de-jocar","status":"publish","type":"post","link":"https:\/\/blog.sierranortedeguadalajara.com\/?p=19291","title":{"rendered":"El mirador de J\u00f3car"},"content":{"rendered":"<p align=\"JUSTIFY\"><span style=\"font-size:small;\">Las vistas desde la <\/span><span style=\"font-size:small;\"><a href=\"http:\/\/blog.laveredadepuebla.com\/2017\/10\/04\/la-torrecilla-de-jocar\/\"><i><b>Torrecilla de J\u00f3car <\/b><\/i><\/a><\/span><span style=\"font-size:small;\">son espectaculares; desde luego justifican que aqu\u00ed se situara <\/span><span style=\"color:#7e0021;\"><span style=\"font-size:small;\"><i><b>un b\u00fanker<\/b><\/i><\/span><\/span><span style=\"font-size:small;\"> y<\/span><span style=\"font-size:small;\"> punto de vigilancia del frente en la guerra civil:<\/span><\/p>\n<ul>\n<li><span style=\"font-size:small;\">Al noroeste la dehesa y el pinar <\/span><span style=\"font-size:small;\"><i>(de repoblaci\u00f3n)<\/i><\/span><span style=\"font-size:small;\">; luego las afueras de <\/span><span style=\"color:#7e0021;\"><span style=\"font-size:small;\"><i><b>Muriel<\/b><\/i><\/span><\/span><span style=\"font-size:small;\"> y <\/span><span style=\"font-size:small;\"><a href=\"https:\/\/blog.laveredadepuebla.com\/2014\/02\/20\/los-poblados-de-la-irijuela-y-el-morro-en-muriel\/\"><span style=\"color:#000000;\"><i><b>el Morro<\/b><\/i><\/span><\/a><\/span><i> <\/i><span style=\"font-size:small;\"><i>(a pocos metros se situaba una ametralladora republicana)<\/i><\/span><span style=\"font-size:small;\">. En segundo t\u00e9rmino <\/span><span style=\"font-size:small;\"><a href=\"https:\/\/blog.laveredadepuebla.com\/2014\/02\/20\/los-poblados-de-la-irijuela-y-el-morro-en-muriel\/\"><i><b>Tamaj\u00f3n<\/b><\/i><\/a><\/span><span style=\"font-size:small;\"> y C<\/span><span style=\"color:#7e0021;\"><span style=\"font-size:small;\"><b>abeza Almiruete<\/b><\/span><\/span><span style=\"font-size:small;\">, al fondo la Sierra de Concha donde destaca el <\/span><span style=\"color:#7e0021;\"><span style=\"font-size:small;\"><b>Pico de la Centenera.<a href=\"https:\/\/blog.sierranortedeguadalajara.com\/wp-content\/uploads\/2023\/02\/171011-mjocar-1.jpg\" target=\"_blank\" rel=\"noopener\"><img loading=\"lazy\" decoding=\"async\" class=\"aligncenter wp-image-19292 size-full\" src=\"https:\/\/blog.sierranortedeguadalajara.com\/wp-content\/uploads\/2023\/02\/171011-mjocar-1.jpg\" alt=\"\" width=\"900\" height=\"675\" \/><\/a><\/b><\/span><\/span><\/li>\n<li><span style=\"font-size:small;\">Al norte el Ocej\u00f3n; detr\u00e1s el macizo del pico del Lobo<\/span><\/li>\n<li><span style=\"font-size:small;\">Al nordeste: el camino de<\/span><span style=\"font-size:small;\"><a href=\"https:\/\/blog.laveredadepuebla.com\/2010\/07\/09\/fraguas-pueblo%C2%A0abandonado\/\"><i><b> Fraguas<\/b><\/i><\/a><\/span><span style=\"font-size:small;\"> y el pico <\/span><span style=\"font-size:small;\"><a href=\"https:\/\/blog.laveredadepuebla.com\/2015\/06\/25\/las-sierras-de-la-sierra-norte\/\"><i><b>Santotis <\/b><\/i><\/a><\/span><\/li>\n<li><span style=\"font-size:small;\">Al sur la Campi\u00f1a donde destacan <\/span><span style=\"color:#7e0021;\"><span style=\"font-size:small;\"><b>La Muela y el pico de Alarilla<\/b><\/span><\/span><\/li>\n<li><span style=\"font-size:small;\">Al sudoeste la <\/span><span style=\"font-size:small;\"><a href=\"https:\/\/blog.laveredadepuebla.com\/2010\/07\/01\/ermita-de-la-virgen-de-la%C2%A0fuente\/\"><i><b>ermita de la Virgen de la Fuente <\/b><\/i><\/a><\/span><span style=\"font-size:small;\">en medio del pinar. <\/span><\/li>\n<\/ul>\n<p align=\"JUSTIFY\"><span style=\"font-size:small;\"><a href=\"https:\/\/laveredadepuebla.files.wordpress.com\/2017\/10\/171011-mjocar-3.jpg\" target=\"_blank\" rel=\"noopener\"><img loading=\"lazy\" decoding=\"async\" class=\"alignleft wp-image-19293\" src=\"https:\/\/blog.sierranortedeguadalajara.com\/wp-content\/uploads\/2023\/02\/171011-mjocar-3.jpg\" alt=\"\" width=\"240\" height=\"180\" \/><\/a><a href=\"https:\/\/laveredadepuebla.files.wordpress.com\/2017\/10\/171011-mjocar-2.jpg\" target=\"_blank\" rel=\"noopener\"><img loading=\"lazy\" decoding=\"async\" class=\"alignright wp-image-19294\" src=\"https:\/\/blog.sierranortedeguadalajara.com\/wp-content\/uploads\/2023\/02\/171011-mjocar-2.jpg\" alt=\"\" width=\"240\" height=\"180\" \/><\/a>La bajada por la senda hacia <\/span><span style=\"font-size:small;\"><i><b>A<a href=\"http:\/\/www.arbancon.es\/\">rbanc\u00f3n<\/a><\/b><\/i><\/span><span style=\"font-size:small;\"> presenta vistas de este pueblo y de su entorno. La otra ruta y la pista de Fraguas ofrece im\u00e1genes de las <\/span><span style=\"font-size:small;\"><a href=\"https:\/\/blog.laveredadepuebla.com\/2010\/06\/24\/jocar-pueblo%C2%A0abandonado\/\"><i><b>ruinas de J\u00f3car <\/b><\/i><\/a><\/span><span style=\"font-size:small;\">y de coloridas formaciones arcillosas.\u00a0 La <\/span><span style=\"font-size:small;\"><a href=\"https:\/\/blog.laveredadepuebla.com\/2016\/05\/10\/el-mapa-de-la-sierra-norte\/\"><strong><em>Sierra Norte de Guadalajara<\/em><\/strong><\/a><\/span><span style=\"font-size:small;\"> es as\u00ed.<\/span><\/p>\n<p align=\"JUSTIFY\"><i><b>Lar-ami<\/b><\/i><\/p>\n","protected":false},"excerpt":{"rendered":"<p>Las vistas desde la Torrecilla de J\u00f3car son espectaculares; desde luego justifican que aqu\u00ed se situara un b\u00fanker y punto de vigilancia del frente en la guerra civil: Al noroeste la dehesa y el pinar (de repoblaci\u00f3n); luego las afueras de Muriel y el Morro (a pocos metros se situaba una ametralladora republicana). En segundo &hellip; <\/p>\n<p class=\"link-more\"><a href=\"https:\/\/blog.sierranortedeguadalajara.com\/?p=19291\" class=\"more-link\">Seguir leyendo<span class=\"screen-reader-text\"> \u00abEl mirador de J\u00f3car\u00bb<\/span><\/a><\/p>\n","protected":false},"author":1,"featured_media":0,"comment_status":"open","ping_status":"open","sticky":false,"template":"","format":"standard","meta":{"footnotes":""},"categories":[12],"tags":[],"class_list":["post-19291","post","type-post","status-publish","format-standard","hentry","category-actualidad","entry"],"_links":{"self":[{"href":"https:\/\/blog.sierranortedeguadalajara.com\/index.php?rest_route=\/wp\/v2\/posts\/19291","targetHints":{"allow":["GET"]}}],"collection":[{"href":"https:\/\/blog.sierranortedeguadalajara.com\/index.php?rest_route=\/wp\/v2\/posts"}],"about":[{"href":"https:\/\/blog.sierranortedeguadalajara.com\/index.php?rest_route=\/wp\/v2\/types\/post"}],"author":[{"embeddable":true,"href":"https:\/\/blog.sierranortedeguadalajara.com\/index.php?rest_route=\/wp\/v2\/users\/1"}],"replies":[{"embeddable":true,"href":"https:\/\/blog.sierranortedeguadalajara.com\/index.php?rest_route=%2Fwp%2Fv2%2Fcomments&post=19291"}],"version-history":[{"count":1,"href":"https:\/\/blog.sierranortedeguadalajara.com\/index.php?rest_route=\/wp\/v2\/posts\/19291\/revisions"}],"predecessor-version":[{"id":26386,"href":"https:\/\/blog.sierranortedeguadalajara.com\/index.php?rest_route=\/wp\/v2\/posts\/19291\/revisions\/26386"}],"wp:attachment":[{"href":"https:\/\/blog.sierranortedeguadalajara.com\/index.php?rest_route=%2Fwp%2Fv2%2Fmedia&parent=19291"}],"wp:term":[{"taxonomy":"category","embeddable":true,"href":"https:\/\/blog.sierranortedeguadalajara.com\/index.php?rest_route=%2Fwp%2Fv2%2Fcategories&post=19291"},{"taxonomy":"post_tag","embeddable":true,"href":"https:\/\/blog.sierranortedeguadalajara.com\/index.php?rest_route=%2Fwp%2Fv2%2Ftags&post=19291"}],"curies":[{"name":"wp","href":"https:\/\/api.w.org\/{rel}","templated":true}]}}