{"id":19219,"date":"2017-09-04T00:05:40","date_gmt":"2017-09-03T22:05:40","guid":{"rendered":"http:\/\/blog.laveredadepuebla.com\/?p=19219"},"modified":"2023-02-10T12:13:02","modified_gmt":"2023-02-10T12:13:02","slug":"los-23-pueblos-de-altorey","status":"publish","type":"post","link":"https:\/\/blog.sierranortedeguadalajara.com\/?p=19219","title":{"rendered":"Los 23 pueblos de Altorey"},"content":{"rendered":"<p><span style=\"font-family:Times New Roman, serif;\"><span style=\"font-size:small;\">Tras la <\/span><\/span><span style=\"font-size:small;\"><a href=\"http:\/\/actualidad, Sierra Norte, naturaleza, cultura, Historia,\"><span style=\"font-family:Times New Roman, serif;\"><i><b>romer\u00eda del Altorey <\/b><\/i><\/span><\/a><\/span><span style=\"font-family:Times New Roman, serif;\"><span style=\"font-size:small;\"><i>(3 septiembre)<\/i><\/span><\/span><span style=\"font-family:Times New Roman, serif;\"><span style=\"font-size:small;\">, procede divulgar esta poes\u00eda recogida en <\/span><\/span><span style=\"font-size:small;\"><a href=\"http:\/\/www.lacronica.net\/se-presenta-en-guadalajara-el-libro-quotpasos-de-ayer-por-los-15546.htm\"><span style=\"font-family:Times New Roman, serif;\"><i><b>\u201cPasos de ayer en los caminos de hoy\u201d<\/b><\/i><\/span><\/a><\/span><\/p>\n<ul>\n<li style=\"text-align:center;\"><span style=\"font-family:Times New Roman, serif;\"><span style=\"font-size:small;\">Entre el Sorbe y el Bornova<\/span><\/span><\/li>\n<li style=\"text-align:center;\"><span style=\"color:#800000;\"><span style=\"font-family:Times New Roman, serif;\"><span style=\"font-size:small;\"><i><b>veintitr\u00e9s pueblecitos<\/b><\/i><\/span><\/span><\/span><\/li>\n<li style=\"text-align:center;\"><span style=\"font-family:Times New Roman, serif;\"><span style=\"font-size:small;\">quiz\u00e1 los m\u00e1s olvidados<\/span><\/span><\/li>\n<li style=\"text-align:center;\"><span style=\"font-family:Times New Roman, serif;\"><span style=\"font-size:small;\">quiz\u00e1 sean los m\u00e1s bonitos.<\/span><\/span><\/li>\n<li style=\"text-align:center;\"><span style=\"font-family:Times New Roman, serif;\"><span style=\"font-size:small;\">En <span style=\"color:#800000;\"><i><b>Veguillas <\/b><\/i><\/span>cuatro olmos<\/span><\/span><\/li>\n<li style=\"text-align:center;\"><span style=\"font-family:Times New Roman, serif;\"><span style=\"font-size:small;\">y los cuatro ya est\u00e1n secos<\/span><\/span><\/li>\n<li style=\"text-align:center;\"><span style=\"font-family:Times New Roman, serif;\"><span style=\"font-size:small;\">en <span style=\"color:#800000;\"><i><b>Semillas<\/b><\/i><\/span> la cantera<\/span><\/span><\/li>\n<li style=\"text-align:center;\"><span style=\"font-family:Times New Roman, serif;\"><span style=\"font-size:small;\">se la traga las estepas.<\/span><\/span><\/li>\n<li><span style=\"font-family:Times New Roman, serif;\"><span style=\"font-size:small;\">En <span style=\"color:#800000;\"><i><b>La Nava,<\/b><\/i><\/span> las patatas<\/span><\/span><\/li>\n<li><span style=\"font-family:Times New Roman, serif;\"><span style=\"font-size:small;\">se las guisan con tocino<\/span><\/span><\/li>\n<li><span style=\"font-family:Times New Roman, serif;\"><span style=\"font-size:small;\">y en <span style=\"color:#800000;\"><i><b>Palancares<\/b><\/i><\/span>, el guarda<\/span><\/span><\/li>\n<li><span style=\"font-family:Times New Roman, serif;\"><span style=\"font-size:small;\">es el \u00fanico vecino.<\/span><\/span><\/li>\n<li><span style=\"font-family:Times New Roman, serif;\"><span style=\"font-size:small;\">En <span style=\"color:#800000;\"><i><b>Valverde,<\/b><\/i><\/span> las Chorreras<\/span><\/span><\/li>\n<li><span style=\"font-family:Times New Roman, serif;\"><span style=\"font-size:small;\">en <span style=\"color:#800000;\"><i><b>Umbralejo<\/b><\/i><\/span> los cr\u00eden<\/span><\/span><\/li>\n<li><span style=\"font-family:Times New Roman, serif;\"><span style=\"font-size:small;\"><span style=\"color:#800000;\"><i><b>Zarzuelilla de Galve<\/b><\/i><\/span>,<\/span><\/span><\/li>\n<li><span style=\"font-family:Times New Roman, serif;\"><span style=\"font-size:small;\">el \u00abAlicate\u00bb es conocido.<\/span><\/span><\/li>\n<li style=\"text-align:center;\"><span style=\"font-family:Times New Roman, serif;\"><span style=\"font-size:small;\">En <span style=\"color:#800000;\"><i><b>Zarzuela,<\/b><\/i><\/span> mozas guapas<\/span><\/span><\/li>\n<li style=\"text-align:center;\"><span style=\"font-family:Times New Roman, serif;\"><span style=\"font-size:small;\">buen ganado hay en <span style=\"color:#800000;\"><i><b>Bustares,<\/b><\/i><\/span><\/span><\/span><\/li>\n<li style=\"text-align:center;\"><span style=\"font-family:Times New Roman, serif;\"><span style=\"font-size:small;\">y el r\u00edo Cristobal,<\/span><\/span><\/li>\n<li style=\"text-align:center;\"><span style=\"font-family:Times New Roman, serif;\"><span style=\"font-size:small;\">en<span style=\"color:#800000;\"><i><b> Las Navas de Jadraque.<\/b><\/i><\/span><\/span><\/span><\/li>\n<li style=\"text-align:center;\"><span style=\"font-family:Times New Roman, serif;\"><span style=\"font-size:small;\">En <span style=\"color:#800000;\"><i><b>La Huerce,<\/b><\/i><\/span> buena fruta<\/span><\/span><\/li>\n<li style=\"text-align:center;\"><span style=\"font-family:Times New Roman, serif;\"><span style=\"font-size:small;\">truchas en <span style=\"color:#800000;\"><i><b>Valdepinillos,<\/b><\/i><\/span><\/span><\/span><\/li>\n<li style=\"text-align:center;\"><span style=\"font-family:Times New Roman, serif;\"><span style=\"font-size:small;\">all\u00ed est\u00e1 el Feliciano<\/span><\/span><\/li>\n<li style=\"text-align:center;\"><span style=\"font-family:Times New Roman, serif;\"><span style=\"font-size:small;\">con medio pinar vendido.<\/span><\/span><\/li>\n<li><span style=\"font-family:Times New Roman, serif;\"><span style=\"font-size:small;\">Tiene l\u00edmites con <span style=\"color:#800000;\"><i><b>Galve<\/b><\/i><\/span><\/span><\/span><\/li>\n<li><span style=\"font-family:Times New Roman, serif;\"><span style=\"font-size:small;\">que del cual no me acordaba<\/span><\/span><\/li>\n<li><span style=\"font-family:Times New Roman, serif;\"><span style=\"font-size:small;\">en el tiempo de los hongos<\/span><\/span><\/li>\n<li><span style=\"font-family:Times New Roman, serif;\"><span style=\"font-size:small;\">todas las puertas cerradas.<\/span><\/span><\/li>\n<li><span style=\"font-family:Times New Roman, serif;\"><span style=\"font-size:small;\">En <span style=\"color:#800000;\"><i><b>Condemios, <\/b><\/i><\/span>carpinteros<\/span><\/span><\/li>\n<li><span style=\"font-family:Times New Roman, serif;\"><span style=\"font-size:small;\">pastores en <span style=\"color:#800000;\"><i><b>Cantalojas,<\/b><\/i><\/span><\/span><\/span><\/li>\n<li><span style=\"font-family:Times New Roman, serif;\"><span style=\"font-size:small;\">m\u00e1s truchas en<span style=\"color:#800000;\"><i><b> Somolinos<\/b><\/i><\/span><\/span><\/span><\/li>\n<li><span style=\"font-family:Times New Roman, serif;\"><span style=\"font-size:small;\">all\u00ed nace el Bornova.<\/span><\/span><\/li>\n<li style=\"text-align:center;\"><span style=\"font-family:Times New Roman, serif;\"><span style=\"font-size:small;\">En <span style=\"color:#800000;\"><i><b>Pr\u00e1dena <\/b><\/i><\/span>buena hierba<\/span><\/span><\/li>\n<li style=\"text-align:center;\"><span style=\"font-family:Times New Roman, serif;\"><span style=\"font-size:small;\">en <span style=\"color:#800000;\"><i><b>Albendiego<\/b><\/i><\/span> los cofrades,<\/span><\/span><\/li>\n<li style=\"text-align:center;\"><span style=\"font-family:Times New Roman, serif;\"><span style=\"font-size:small;\">siempre pasa el mismo r\u00edo<\/span><\/span><\/li>\n<li style=\"text-align:center;\"><span style=\"font-family:Times New Roman, serif;\"><span style=\"font-size:small;\">por <span style=\"color:#800000;\"><i><b>Gascue\u00f1a <\/b><\/i><\/span>y por <span style=\"color:#800000;\"><i><b>Villares.<\/b><\/i><\/span><\/span><\/span><\/li>\n<li style=\"text-align:center;\"><span style=\"font-family:Times New Roman, serif;\"><span style=\"font-size:small;\">En <span style=\"color:#800000;\"><i><b>Aldeanueva <\/b><\/i><\/span>pinos<\/span><\/span><\/li>\n<li style=\"text-align:center;\"><span style=\"font-family:Times New Roman, serif;\"><span style=\"font-size:small;\">en <span style=\"color:#800000;\"><i><b>El Ordial,<\/b><\/i><\/span> los enebros<\/span><\/span><\/li>\n<li style=\"text-align:center;\"><span style=\"font-family:Times New Roman, serif;\"><span style=\"font-size:small;\">y en el <span style=\"color:#800000;\"><i><b>Arroyo de Fraguas<\/b><\/i><\/span><\/span><\/span><\/li>\n<li style=\"text-align:center;\"><span style=\"font-family:Times New Roman, serif;\"><span style=\"font-size:small;\">los robles son los primeros<\/span><\/span><\/li>\n<\/ul>\n<p style=\"text-align:left;\"><i><b>Lar-ami<\/b><\/i><\/p>\n","protected":false},"excerpt":{"rendered":"<p>Tras la romer\u00eda del Altorey (3 septiembre), procede divulgar esta poes\u00eda recogida en \u201cPasos de ayer en los caminos de hoy\u201d Entre el Sorbe y el Bornova veintitr\u00e9s pueblecitos quiz\u00e1 los m\u00e1s olvidados quiz\u00e1 sean los m\u00e1s bonitos. En Veguillas cuatro olmos y los cuatro ya est\u00e1n secos en Semillas la cantera se la traga &hellip; <\/p>\n<p class=\"link-more\"><a href=\"https:\/\/blog.sierranortedeguadalajara.com\/?p=19219\" class=\"more-link\">Seguir leyendo<span class=\"screen-reader-text\"> \u00abLos 23 pueblos de Altorey\u00bb<\/span><\/a><\/p>\n","protected":false},"author":1,"featured_media":0,"comment_status":"open","ping_status":"open","sticky":false,"template":"","format":"standard","meta":{"footnotes":""},"categories":[12,6,17,15],"tags":[2,4,5,7,10],"class_list":["post-19219","post","type-post","status-publish","format-standard","hentry","category-actualidad","category-mundo-rural","category-paisajes-y-lugares-de-la-sierra-norte","category-rincones-de-guadalajara","tag-actualidad","tag-cultura","tag-historia","tag-naturaleza","tag-sierra-norte","entry"],"_links":{"self":[{"href":"https:\/\/blog.sierranortedeguadalajara.com\/index.php?rest_route=\/wp\/v2\/posts\/19219","targetHints":{"allow":["GET"]}}],"collection":[{"href":"https:\/\/blog.sierranortedeguadalajara.com\/index.php?rest_route=\/wp\/v2\/posts"}],"about":[{"href":"https:\/\/blog.sierranortedeguadalajara.com\/index.php?rest_route=\/wp\/v2\/types\/post"}],"author":[{"embeddable":true,"href":"https:\/\/blog.sierranortedeguadalajara.com\/index.php?rest_route=\/wp\/v2\/users\/1"}],"replies":[{"embeddable":true,"href":"https:\/\/blog.sierranortedeguadalajara.com\/index.php?rest_route=%2Fwp%2Fv2%2Fcomments&post=19219"}],"version-history":[{"count":1,"href":"https:\/\/blog.sierranortedeguadalajara.com\/index.php?rest_route=\/wp\/v2\/posts\/19219\/revisions"}],"predecessor-version":[{"id":26446,"href":"https:\/\/blog.sierranortedeguadalajara.com\/index.php?rest_route=\/wp\/v2\/posts\/19219\/revisions\/26446"}],"wp:attachment":[{"href":"https:\/\/blog.sierranortedeguadalajara.com\/index.php?rest_route=%2Fwp%2Fv2%2Fmedia&parent=19219"}],"wp:term":[{"taxonomy":"category","embeddable":true,"href":"https:\/\/blog.sierranortedeguadalajara.com\/index.php?rest_route=%2Fwp%2Fv2%2Fcategories&post=19219"},{"taxonomy":"post_tag","embeddable":true,"href":"https:\/\/blog.sierranortedeguadalajara.com\/index.php?rest_route=%2Fwp%2Fv2%2Ftags&post=19219"}],"curies":[{"name":"wp","href":"https:\/\/api.w.org\/{rel}","templated":true}]}}