{"id":19211,"date":"2017-09-27T00:05:19","date_gmt":"2017-09-26T22:05:19","guid":{"rendered":"http:\/\/blog.laveredadepuebla.com\/?p=19211"},"modified":"2023-02-10T12:09:37","modified_gmt":"2023-02-10T12:09:37","slug":"el-molino-del-cubo","status":"publish","type":"post","link":"https:\/\/blog.sierranortedeguadalajara.com\/?p=19211","title":{"rendered":"El molino del Cubo"},"content":{"rendered":"<p align=\"JUSTIFY\"><span style=\"font-size:small;\">Situado sobre el <\/span><span style=\"font-size:small;\"><a href=\"https:\/\/blog.laveredadepuebla.com\/2011\/03\/16\/un-arroyo-y-tres-molinos\/\"><i><b>arroyo de Huertas<\/b><\/i><\/a><\/span><span style=\"font-size:small;\">, de este molino <\/span><span style=\"font-size:small;\"><i>(el m\u00e1s pr\u00f3ximo a <\/i><\/span><span style=\"font-size:small;\"><i><a href=\"http:\/\/www.laveredadepuebla.com\/rutasypueblos\/retiendas.pdf\"><b>Retiendas<\/b><\/a>)<b> <\/b><\/i><\/span><span style=\"font-size:small;\">no quedan ni ruinas. A mediados del siglo XX fue comprado por un vecino de <\/span><span style=\"font-size:small;\"><a href=\"http:\/\/www.tamajon.es\"><i><b>Tamaj\u00f3n<\/b><\/i><\/a><\/span><span style=\"font-size:small;\"> que lo desmont\u00f3 y trajo las piedras\/piezas valiosas al pueblo. Pero su historia bien merece una menci\u00f3n.<\/span><\/p>\n<p align=\"JUSTIFY\"><span style=\"font-size:small;\">El<\/span><span style=\"font-size:small;\"> historiador <\/span><span style=\"font-size:small;\"><i><b><a href=\"http:\/\/www.aache.com\/alcarrians\/garcia_lopez.htm\">Aurelio Garc\u00eda L\u00f3pez<\/a>, <\/b><\/i><\/span><span style=\"font-size:small;\">en <\/span><i><b> <\/b><\/i><span style=\"color:#800000;\"><span style=\"font-size:small;\"><b>\u201cTamaj\u00f3n en la Edad Contempor\u00e1nea\u201d <\/b><\/span><\/span><span style=\"color:#000000;\"><span style=\"font-size:small;\">aporta interesantes datos<\/span><\/span><span style=\"color:#800000;\"><span style=\"font-size:small;\"><b> y <\/b><\/span><\/span><span style=\"color:#000000;\"><span style=\"font-size:small;\">sugiere que el molino del Cubo ya exist\u00eda en 1.175, citado como<\/span><\/span><i><b> <\/b><\/i><span style=\"color:#7e0021;\"><span style=\"font-size:small;\"><b>\u201cmolino de Tamaj\u00f3n\u201d<\/b><\/span><\/span><i><b> <\/b><\/i><span style=\"color:#000000;\"><span style=\"font-size:small;\">en el acta de <\/span><\/span><span style=\"font-size:small;\"><a href=\"http:\/\/www.aache.com\/alcarrians\/garcia_lopez.htm\"><span style=\"color:#000000;\"><i><b>fundaci\u00f3n del monasterio de Bonaval.<\/b><\/i><\/span><\/a><\/span><span style=\"color:#000000;\"><span style=\"font-size:small;\"> En el <\/span><\/span><span style=\"font-size:small;\"><a href=\"http:\/\/blog.laveredadepuebla.com\/2013\/06\/28\/el-catastro-del-marques-de-la-ensenada\/\"><span style=\"color:#000000;\"><i><b>Catastro del Marques de la Ensenada<\/b><\/i><\/span><\/a><\/span> <span style=\"color:#000000;\"><span style=\"font-size:small;\"><i>(1.752)<\/i><\/span><\/span><span style=\"color:#000000;\"><span style=\"font-size:small;\"> se describe como propio del Concejo, de una sola muela (con caz,y presa), casa, cocina, caballeriza y huerto.<img loading=\"lazy\" decoding=\"async\" class=\"alignright size-medium wp-image-19213\" src=\"https:\/\/blog.sierranortedeguadalajara.com\/wp-content\/uploads\/2023\/02\/170911-mcubo1.jpg\" alt=\"\" width=\"300\" height=\"225\" \/><\/span><\/span><\/p>\n<p align=\"JUSTIFY\"><span style=\"color:#000000;\"><span style=\"font-size:small;\">Arrendado por periodos anuales, se convirti\u00f3 en fuente de conflictos con la <\/span><\/span><span style=\"font-size:small;\"><a href=\"https:\/\/blog.laveredadepuebla.com\/2015\/01\/05\/la-segregacion-de-retiendas\/\"><span style=\"color:#000000;\"><i><b>Segregaci\u00f3n de Retiendas.<\/b><\/i><\/span><\/a><\/span><span style=\"color:#000000;\"><span style=\"font-size:small;\"> Situado en su t\u00e9rmino, esta nueva villa lo consideraba propio y su justicia lo alquil\u00f3 en 1.821. Sin embargo el Concejo de Tamaj\u00f3n ya lo ten\u00eda arrendado, como siempre, ya que segu\u00eda siendo su leg\u00edtimo propietario, seg\u00fan una provisi\u00f3n real de 4 junio de 1.818.<\/span><\/span><\/p>\n<p align=\"JUSTIFY\"><span style=\"color:#000000;\"><span style=\"font-size:small;\">Tamaj\u00f3n acudi\u00f3 a los tribunales que le dieron la raz\u00f3n y confirmaron <\/span><\/span><span style=\"color:#000000;\"><span style=\"font-size:small;\"><i>(otra vez)<\/i><\/span><\/span><span style=\"color:#000000;\"><span style=\"font-size:small;\"> la propiedad. La soluci\u00f3n a este conflicto lleg\u00f3 en 1.859 por acuerdo entre ambos municipios. As\u00ed en el Amillaramiento de 1.863 el molino ya figuraba en Retiendas. Luego la <a href=\"https:\/\/blog.laveredadepuebla.com\/2011\/05\/26\/la-desamortizacion-de-madoz\/\"><strong><em>Desamortizaci\u00f3n de Madoz<\/em><\/strong><\/a> lo puso en manos privadas. <\/span><\/span><\/p>\n<p align=\"JUSTIFY\"><i><b>Lar-ami<\/b><\/i><\/p>\n","protected":false},"excerpt":{"rendered":"<p>Situado sobre el arroyo de Huertas, de este molino (el m\u00e1s pr\u00f3ximo a Retiendas) no quedan ni ruinas. A mediados del siglo XX fue comprado por un vecino de Tamaj\u00f3n que lo desmont\u00f3 y trajo las piedras\/piezas valiosas al pueblo. Pero su historia bien merece una menci\u00f3n. El historiador Aurelio Garc\u00eda L\u00f3pez, en \u201cTamaj\u00f3n en &hellip; <\/p>\n<p class=\"link-more\"><a href=\"https:\/\/blog.sierranortedeguadalajara.com\/?p=19211\" class=\"more-link\">Seguir leyendo<span class=\"screen-reader-text\"> \u00abEl molino del Cubo\u00bb<\/span><\/a><\/p>\n","protected":false},"author":1,"featured_media":0,"comment_status":"open","ping_status":"open","sticky":false,"template":"","format":"standard","meta":{"footnotes":""},"categories":[17,15],"tags":[2,4,5,7,34,10,18,21],"class_list":["post-19211","post","type-post","status-publish","format-standard","hentry","category-paisajes-y-lugares-de-la-sierra-norte","category-rincones-de-guadalajara","tag-actualidad","tag-cultura","tag-historia","tag-naturaleza","tag-retiendas","tag-sierra-norte","tag-siglo-xix","tag-tamajon","entry"],"_links":{"self":[{"href":"https:\/\/blog.sierranortedeguadalajara.com\/index.php?rest_route=\/wp\/v2\/posts\/19211","targetHints":{"allow":["GET"]}}],"collection":[{"href":"https:\/\/blog.sierranortedeguadalajara.com\/index.php?rest_route=\/wp\/v2\/posts"}],"about":[{"href":"https:\/\/blog.sierranortedeguadalajara.com\/index.php?rest_route=\/wp\/v2\/types\/post"}],"author":[{"embeddable":true,"href":"https:\/\/blog.sierranortedeguadalajara.com\/index.php?rest_route=\/wp\/v2\/users\/1"}],"replies":[{"embeddable":true,"href":"https:\/\/blog.sierranortedeguadalajara.com\/index.php?rest_route=%2Fwp%2Fv2%2Fcomments&post=19211"}],"version-history":[{"count":1,"href":"https:\/\/blog.sierranortedeguadalajara.com\/index.php?rest_route=\/wp\/v2\/posts\/19211\/revisions"}],"predecessor-version":[{"id":26418,"href":"https:\/\/blog.sierranortedeguadalajara.com\/index.php?rest_route=\/wp\/v2\/posts\/19211\/revisions\/26418"}],"wp:attachment":[{"href":"https:\/\/blog.sierranortedeguadalajara.com\/index.php?rest_route=%2Fwp%2Fv2%2Fmedia&parent=19211"}],"wp:term":[{"taxonomy":"category","embeddable":true,"href":"https:\/\/blog.sierranortedeguadalajara.com\/index.php?rest_route=%2Fwp%2Fv2%2Fcategories&post=19211"},{"taxonomy":"post_tag","embeddable":true,"href":"https:\/\/blog.sierranortedeguadalajara.com\/index.php?rest_route=%2Fwp%2Fv2%2Ftags&post=19211"}],"curies":[{"name":"wp","href":"https:\/\/api.w.org\/{rel}","templated":true}]}}