{"id":19204,"date":"2017-09-08T00:05:50","date_gmt":"2017-09-07T22:05:50","guid":{"rendered":"http:\/\/blog.laveredadepuebla.com\/?p=19204"},"modified":"2023-02-10T12:09:38","modified_gmt":"2023-02-10T12:09:38","slug":"rebeldes-con-causa-en-la-sierra-norte-de-guadalajara","status":"publish","type":"post","link":"https:\/\/blog.sierranortedeguadalajara.com\/?p=19204","title":{"rendered":"Rebeldes con causa en la Sierra Norte de Guadalajara"},"content":{"rendered":"<p align=\"JUSTIFY\"><span style=\"font-size:small;\">No resulta dif\u00edcil encontrar en la <\/span><span style=\"font-size:small;\"><a href=\"https:\/\/blog.laveredadepuebla.com\/2016\/05\/10\/el-mapa-de-la-sierra-norte\/\"><i><b>Sierra Norte de Guadalajara <\/b><\/i><\/a><\/span><span style=\"font-size:small;\">situaciones en las que el vecindario se rebel\u00f3 contra el poder:<\/span><\/p>\n<ul>\n<li><span style=\"font-size:small;\"><i><b><a href=\"https:\/\/blog.laveredadepuebla.com\/2011\/05\/26\/la-desamortizacion-de-madoz\/\">Desamortizaci\u00f3n de Madoz<\/a><\/b> (1.852)<b>:<\/b><\/i><\/span> <span style=\"font-size:small;\"><a href=\"http:\/\/www.laveredadepuebla.com\/rutasypueblos\/retiendas.pdf\"><i><b>Retiendas<\/b><\/i><\/a><\/span><span style=\"font-size:small;\"> solicit\u00f3 en 1.864 al Gobernador que el monte de Abajo y la dehesa boyal quedasen para disfrute de los vecinos. As\u00ed se otorg\u00f3 el 10 de marzo de 1.865, <\/span><span style=\"color:#993300;font-size:small;\"><b>quedando fuera de la desamortizaci\u00f3n 250 Has<\/b><\/span> <span style=\"font-size:small;\"><a href=\"http:\/\/www.aache.com\/alcarrians\/garcia_lopez.htm\"><i><b>(gracias Aurelio<\/b><\/i><\/a><\/span><span style=\"font-size:small;\">). <\/span><span style=\"font-size:small;\"><i>(Hay otros ejemplos, no documentados que perviven en la memoria popular)<\/i><\/span><\/li>\n<li><span style=\"color:#993300;font-size:small;\"><i><b>La repoblaci\u00f3n forestal de la posguerra:<\/b><\/i><\/span><span style=\"font-size:small;\"> ya hablamos <\/span><span style=\"font-size:small;\">de<a href=\"https:\/\/blog.laveredadepuebla.com\/2017\/07\/24\/rebelion-en-la-sierra-norte-de-guadalajara\/\"><i><b> Las Navas de Jadraque <\/b><\/i><\/a><\/span><span style=\"font-size:small;\">(<\/span><span style=\"font-size:small;\"><i> una situaci\u00f3n similar vivi\u00f3 <a href=\"https:\/\/blog.laveredadepuebla.com\/2017\/08\/21\/ujados-un-lugar-desconocido-de-la-sierra-norte-de-guadalajara\/\"><b>Ujados<\/b><\/a>). <\/i><\/span><span style=\"font-size:small;\"><span style=\"font-size:small;\">Hay varios casos m\u00e1s.<\/span><\/span>\n<p><figure id=\"attachment_19205\" aria-describedby=\"caption-attachment-19205\" style=\"width: 300px\" class=\"wp-caption alignright\"><a href=\"http:\/\/trayectoriasgeodesicas.blogspot.com.es\/2011\/06\/la-vihuela-guadalajara.html\"><img loading=\"lazy\" decoding=\"async\" class=\"size-medium wp-image-19205\" src=\"https:\/\/blog.sierranortedeguadalajara.com\/wp-content\/uploads\/2023\/02\/la-vihuela.jpg\" alt=\"\" width=\"300\" height=\"200\" \/><\/a><figcaption id=\"caption-attachment-19205\" class=\"wp-caption-text\"><strong><em>La Vihuela<\/em><\/strong><\/figcaption><\/figure><\/li>\n<li><span style=\"color:#993300;font-size:small;\"><i><b>Expropiaci\u00f3n forzosa: <\/b><\/i><\/span><i><b> <\/b><\/i><span style=\"font-size:small;\">algunos lugares fueron expropiados (<\/span><span style=\"font-size:small;\"><i>por cuatro pesetas) <\/i><\/span><span style=\"font-size:small;\">y arrasados para reforesta<a href=\"https:\/\/blog.laveredadepuebla.com\/2010\/06\/24\/jocar-pueblo%C2%A0abandonado\/\">r<\/a> <\/span><span style=\"font-size:small;\"><i><b><a href=\"https:\/\/blog.laveredadepuebla.com\/2010\/06\/24\/jocar-pueblo%C2%A0abandonado\/\">(J\u00f3car)<\/a>. <\/b><\/i><\/span><span style=\"font-size:small;\">En <\/span><span style=\"font-size:small;\"><a href=\"http:\/\/www.serraniadelcardoso.es\/\"><span style=\"color:#000000;\"><i><b>La Vihuela<\/b><\/i><\/span><\/a><\/span> <span style=\"font-size:small;\">ICONA se apoder\u00f3 de los terrenos sin acuerdo ni compensaci\u00f3n. Varias familias siguen peleando en los tribunales por sus derechos. Otros pueblos, a\u00fan habitados, fueron expropiados<\/span><i><b> <\/b><\/i><span style=\"font-size:small;\">para la construcci\u00f3n de un pantano <\/span><a href=\"https:\/\/blog.laveredadepuebla.com\/2015\/10\/05\/alcorlo-un-pueblo-bajo-las-aguas\/\"><span style=\"font-size:small;\"><i><b>(m\u00edtica fue la resistencia de Alcorlo)<\/b><\/i><\/span><span style=\"font-size:small;\">.<\/span><\/a><\/li>\n<li><span style=\"color:#993300;font-size:small;\"><i><b>Agrupaci\u00f3n de municipios:<\/b><\/i><\/span><i><b> <\/b><\/i><span style=\"font-size:small;\">Debido a la despoblaci\u00f3n, en los a\u00f1os setenta el Gobierno promovi\u00f3 la agrupaci\u00f3n de ayuntamientos. Los vecinos de <\/span><span style=\"font-size:small;\"><a href=\"http:\/\/www.laveredadepuebla.com\/rutasypueblos\/lamierla.pdf\"><i><b>La Mierla<\/b><\/i><\/a><\/span><span style=\"font-size:small;\"> se opusieron a integrarse con <\/span><span style=\"font-size:small;\"><a href=\"http:\/\/www.tamajon.es\"><i><b>Tamaj\u00f3n,\u00a0<\/b><\/i><\/a><\/span><span style=\"font-size:small;\">y sigue como municipio independiente. En <\/span><span style=\"font-size:small;\"><a href=\"https:\/\/blog.laveredadepuebla.com\/2017\/08\/02\/descubre-semillas-y-la-sierra-norte-de-guadalajara\/\"><i><b>Semillas<\/b><\/i><\/a><\/span><span style=\"font-size:small;\"> el poder pretendi\u00f3 cambiar el nombre al pueblo resultante de agruparlo con Las Cabezadas y Robredarcas <\/span><span style=\"color:#7e0021;\"><span style=\"font-size:small;\"><b>(SECARRO).<\/b><\/span><\/span><span style=\"font-size:small;\"> Los vecinos se opusieron y <strong><span style=\"color:#993300;\">Semillas <\/span><\/strong>sigui\u00f3 con su nombre de siempre<\/span><span style=\"font-size:small;\"><i>.<\/i><\/span><\/li>\n<\/ul>\n<p align=\"JUSTIFY\"><span style=\"font-size:small;\">Contaremos estos casos con m\u00e1s detalle en pr\u00f3ximas entradas. <\/span><\/p>\n<p align=\"JUSTIFY\"><i><b>Lar-ami<\/b><\/i><\/p>\n","protected":false},"excerpt":{"rendered":"<p>No resulta dif\u00edcil encontrar en la Sierra Norte de Guadalajara situaciones en las que el vecindario se rebel\u00f3 contra el poder: Desamortizaci\u00f3n de Madoz (1.852): Retiendas solicit\u00f3 en 1.864 al Gobernador que el monte de Abajo y la dehesa boyal quedasen para disfrute de los vecinos. As\u00ed se otorg\u00f3 el 10 de marzo de 1.865, &hellip; <\/p>\n<p class=\"link-more\"><a href=\"https:\/\/blog.sierranortedeguadalajara.com\/?p=19204\" class=\"more-link\">Seguir leyendo<span class=\"screen-reader-text\"> \u00abRebeldes con causa en la Sierra Norte de Guadalajara\u00bb<\/span><\/a><\/p>\n","protected":false},"author":1,"featured_media":0,"comment_status":"open","ping_status":"open","sticky":false,"template":"","format":"standard","meta":{"footnotes":""},"categories":[12,6,17],"tags":[2,4,5,7,30,10,18,19],"class_list":["post-19204","post","type-post","status-publish","format-standard","hentry","category-actualidad","category-mundo-rural","category-paisajes-y-lugares-de-la-sierra-norte","tag-actualidad","tag-cultura","tag-historia","tag-naturaleza","tag-pueblos-abandonados","tag-sierra-norte","tag-siglo-xix","tag-siglo-xx","entry"],"_links":{"self":[{"href":"https:\/\/blog.sierranortedeguadalajara.com\/index.php?rest_route=\/wp\/v2\/posts\/19204","targetHints":{"allow":["GET"]}}],"collection":[{"href":"https:\/\/blog.sierranortedeguadalajara.com\/index.php?rest_route=\/wp\/v2\/posts"}],"about":[{"href":"https:\/\/blog.sierranortedeguadalajara.com\/index.php?rest_route=\/wp\/v2\/types\/post"}],"author":[{"embeddable":true,"href":"https:\/\/blog.sierranortedeguadalajara.com\/index.php?rest_route=\/wp\/v2\/users\/1"}],"replies":[{"embeddable":true,"href":"https:\/\/blog.sierranortedeguadalajara.com\/index.php?rest_route=%2Fwp%2Fv2%2Fcomments&post=19204"}],"version-history":[{"count":1,"href":"https:\/\/blog.sierranortedeguadalajara.com\/index.php?rest_route=\/wp\/v2\/posts\/19204\/revisions"}],"predecessor-version":[{"id":26442,"href":"https:\/\/blog.sierranortedeguadalajara.com\/index.php?rest_route=\/wp\/v2\/posts\/19204\/revisions\/26442"}],"wp:attachment":[{"href":"https:\/\/blog.sierranortedeguadalajara.com\/index.php?rest_route=%2Fwp%2Fv2%2Fmedia&parent=19204"}],"wp:term":[{"taxonomy":"category","embeddable":true,"href":"https:\/\/blog.sierranortedeguadalajara.com\/index.php?rest_route=%2Fwp%2Fv2%2Fcategories&post=19204"},{"taxonomy":"post_tag","embeddable":true,"href":"https:\/\/blog.sierranortedeguadalajara.com\/index.php?rest_route=%2Fwp%2Fv2%2Ftags&post=19204"}],"curies":[{"name":"wp","href":"https:\/\/api.w.org\/{rel}","templated":true}]}}