{"id":19177,"date":"2017-09-25T00:05:08","date_gmt":"2017-09-24T22:05:08","guid":{"rendered":"http:\/\/blog.laveredadepuebla.com\/?p=19177"},"modified":"2023-02-10T12:09:37","modified_gmt":"2023-02-10T12:09:37","slug":"tumba-romanica-en-ujados","status":"publish","type":"post","link":"https:\/\/blog.sierranortedeguadalajara.com\/?p=19177","title":{"rendered":"\u00bfTumba rom\u00e1nica en Ujados?"},"content":{"rendered":"<p align=\"JUSTIFY\"><span style=\"font-size:small;\">Un serrano de pro, andar\u00edn y curioso, adem\u00e1s de <\/span><span style=\"font-size:small;\"><i><b><a href=\"http:\/\/pizarraspalero.blogspot.com.es\/\">excelente artesano de la pizarra<\/a>,<\/b><\/i><\/span><span style=\"font-size:small;\"> me remite fotos de una tumba aislada <\/span><span style=\"font-size:small;\"><i>(gracias amigo)<\/i><\/span><span style=\"font-size:small;\">, situada en la besana de El Plant\u00edo de<\/span><span style=\"font-size:small;\"><i><b><a href=\"http:\/\/wp.me\/px6vB-4Z7\"> Ujados<\/a>,<\/b><\/i><\/span><span style=\"font-size:small;\"> preguntando si es rom\u00e1nica. En sus indagaciones, encuentra la tipologia de tumbas rom\u00e1nica, que me remite, y un dato interesante: <\/span><span style=\"font-size:small;\"><i>en 1.971 el <\/i><a href=\"http:\/\/www.herreracasado.com\/about\/\"><i><b>cronista Antonio Herrera Casado <\/b><\/i><\/a><i>y el maestro <\/i><a href=\"https:\/\/www.aache.com\/alcarrians\/lopezdelosmozos.htm\"><i><b>JR L\u00f3pez de los Mozos <\/b><\/i><\/a><i>visitaron la tumba.<\/i><\/span><\/p>\n<p align=\"JUSTIFY\"><span style=\"font-size:small;\"><a href=\"http:\/\/pizarraspalero.blogspot.com.es\/\"><img loading=\"lazy\" decoding=\"async\" class=\"alignleft wp-image-19179\" src=\"https:\/\/blog.sierranortedeguadalajara.com\/wp-content\/uploads\/2023\/02\/170828-ujados-1.jpg\" alt=\"\" width=\"188\" height=\"250\" \/><\/a><img loading=\"lazy\" decoding=\"async\" class=\"alignright wp-image-19180\" src=\"https:\/\/blog.sierranortedeguadalajara.com\/wp-content\/uploads\/2023\/02\/170828-ujados-2.jpg\" alt=\"\" width=\"300\" height=\"225\" \/>La proximidad de la tumba a la <\/span><span style=\"color:#7e0021;\"><span style=\"font-size:small;\"><b>cueva de La Puentecilla<\/b><\/span><\/span><span style=\"font-size:small;\"> (a unos 700 mts), <a href=\"http:\/\/www.herreracasado.com\/2015\/05\/02\/cuevas-y-eremitorios-de-la-sierra-de-atienza\/\"><i><b>sugiere al cronista<\/b><\/i><\/a> que corresponde a la misma \u00e9poca que la cueva, como posible tumba del eremita que la construy\u00f3 <\/span><span style=\"font-size:small;\"><i>(all\u00e1 por el siglo VI)<\/i><\/span><span style=\"font-size:small;\"> y\/o la habit\u00f3, seg\u00fan explica en su art\u00edculo. Sin animo de entrar en pol\u00e9mica y contestando a Jorge<\/span><span style=\"font-size:small;\"><i> (aunque ya lo he hecho parcialmente)<\/i><\/span><span style=\"font-size:small;\"> he aqu\u00ed algunos datos:<\/span><\/p>\n<ul>\n<li><span style=\"font-size:small;\">La forma de la tumba es claramente trapezoidal y est\u00e1 situada en un alto que domina su entorno.<\/span><\/li>\n<li><span style=\"font-size:small;\"><a href=\"https:\/\/enricvillanueva.wordpress.com\/tag\/romanico\/\"><i><b>Algunos autores<\/b><\/i><\/a> afirman que las sepulturas antropomorfas son caracter\u00edsticas de los siglos IX-XII. Su orientaci\u00f3n este<em> (pies)<\/em>-oeste<em> (cabeza)<\/em> es t\u00edpica de la \u00e9poca.<\/span><\/li>\n<li><span style=\"font-size:small;\">Los pueblos del entorno<\/span><i><b> <\/b><\/i><span style=\"font-size:small;\">fueron fundados en la repoblaci\u00f3n posterior a la reconquista <\/span><span style=\"color:#7e0021;\"><span style=\"font-size:small;\"><i>(siglos XII y XIII), <\/i><\/span><\/span><span style=\"color:#000000;\"><span style=\"font-size:small;\">con iglesias rom\u00e1nicas en origen<\/span><\/span><span style=\"color:#7e0021;\"><span style=\"font-size:small;\"><i><b> (Ujados)<\/b><\/i><\/span><\/span><span style=\"color:#000000;\"><span style=\"font-size:small;\"> y actualmente<\/span><\/span><i> <\/i><span style=\"color:#7e0021;\"><span style=\"font-size:small;\"><i><b>(Hijes y Albendiego)<img loading=\"lazy\" decoding=\"async\" class=\"alignright wp-image-19181\" src=\"https:\/\/blog.sierranortedeguadalajara.com\/wp-content\/uploads\/2023\/02\/170828-ujados-3.jpg\" alt=\"\" width=\"210\" height=\"240\" \/><\/b><\/i><\/span><\/span><\/li>\n<li><span style=\"font-size:small;\">Otro dato: las<\/span><i><b> <\/b><\/i><span style=\"color:#7e0021;\"><span style=\"font-size:small;\"><i><b>tumbas excavadas en la roca pueden ser indicio de un poblado<\/b><\/i><\/span><\/span><b> <\/b><span style=\"color:#000000;\"><span style=\"font-size:small;\">en un radio<\/span><\/span><b> <\/b><span style=\"color:#000000;\"><span style=\"font-size:small;\">inferior a 1 km<\/span><\/span><span style=\"color:#7e0021;\"><span style=\"font-size:small;\"><b> (Ujados).<\/b><\/span><\/span><\/li>\n<li><span style=\"color:#000000;\"><span style=\"font-size:small;\">Las tumbas aisladas suelen estar emplazadas en lugares con <\/span><\/span><span style=\"font-size:small;\"><a href=\"http:\/\/revistas.usal.es\/index.php\/0514-7336\/article\/viewFile\/9036\/9639\"><span style=\"color:#000000;\"><i><b>buena visibilidad y bien visibles<\/b><\/i><\/span><\/a><\/span><span style=\"color:#000000;\"><span style=\"font-size:small;\">, dominando el espacio m\u00e1s f\u00e9rttil y creando una din\u00e1mica tendente a reafirmar el control de las \u00e1reas productivas.<\/span><\/span><\/li>\n<\/ul>\n<p align=\"JUSTIFY\"><span style=\"font-size:small;\">Todo ello nos lleva a considerar\u00a0 que la tumba en cuesti\u00f3n es rom\u00e1nica. Dicho queda. <\/span><\/p>\n<p align=\"JUSTIFY\"><i><b>Lar-ami<\/b><\/i><\/p>\n","protected":false},"excerpt":{"rendered":"<p>Un serrano de pro, andar\u00edn y curioso, adem\u00e1s de excelente artesano de la pizarra, me remite fotos de una tumba aislada (gracias amigo), situada en la besana de El Plant\u00edo de Ujados, preguntando si es rom\u00e1nica. En sus indagaciones, encuentra la tipologia de tumbas rom\u00e1nica, que me remite, y un dato interesante: en 1.971 el &hellip; <\/p>\n<p class=\"link-more\"><a href=\"https:\/\/blog.sierranortedeguadalajara.com\/?p=19177\" class=\"more-link\">Seguir leyendo<span class=\"screen-reader-text\"> \u00ab\u00bfTumba rom\u00e1nica en Ujados?\u00bb<\/span><\/a><\/p>\n","protected":false},"author":1,"featured_media":0,"comment_status":"open","ping_status":"open","sticky":false,"template":"","format":"standard","meta":{"footnotes":""},"categories":[12,17,15],"tags":[2,4,44,5,7,55,10],"class_list":["post-19177","post","type-post","status-publish","format-standard","hentry","category-actualidad","category-paisajes-y-lugares-de-la-sierra-norte","category-rincones-de-guadalajara","tag-actualidad","tag-cultura","tag-edad-media","tag-historia","tag-naturaleza","tag-romanico","tag-sierra-norte","entry"],"_links":{"self":[{"href":"https:\/\/blog.sierranortedeguadalajara.com\/index.php?rest_route=\/wp\/v2\/posts\/19177","targetHints":{"allow":["GET"]}}],"collection":[{"href":"https:\/\/blog.sierranortedeguadalajara.com\/index.php?rest_route=\/wp\/v2\/posts"}],"about":[{"href":"https:\/\/blog.sierranortedeguadalajara.com\/index.php?rest_route=\/wp\/v2\/types\/post"}],"author":[{"embeddable":true,"href":"https:\/\/blog.sierranortedeguadalajara.com\/index.php?rest_route=\/wp\/v2\/users\/1"}],"replies":[{"embeddable":true,"href":"https:\/\/blog.sierranortedeguadalajara.com\/index.php?rest_route=%2Fwp%2Fv2%2Fcomments&post=19177"}],"version-history":[{"count":1,"href":"https:\/\/blog.sierranortedeguadalajara.com\/index.php?rest_route=\/wp\/v2\/posts\/19177\/revisions"}],"predecessor-version":[{"id":26422,"href":"https:\/\/blog.sierranortedeguadalajara.com\/index.php?rest_route=\/wp\/v2\/posts\/19177\/revisions\/26422"}],"wp:attachment":[{"href":"https:\/\/blog.sierranortedeguadalajara.com\/index.php?rest_route=%2Fwp%2Fv2%2Fmedia&parent=19177"}],"wp:term":[{"taxonomy":"category","embeddable":true,"href":"https:\/\/blog.sierranortedeguadalajara.com\/index.php?rest_route=%2Fwp%2Fv2%2Fcategories&post=19177"},{"taxonomy":"post_tag","embeddable":true,"href":"https:\/\/blog.sierranortedeguadalajara.com\/index.php?rest_route=%2Fwp%2Fv2%2Ftags&post=19177"}],"curies":[{"name":"wp","href":"https:\/\/api.w.org\/{rel}","templated":true}]}}