{"id":19131,"date":"2017-08-02T00:05:41","date_gmt":"2017-08-01T22:05:41","guid":{"rendered":"http:\/\/blog.laveredadepuebla.com\/?p=19131"},"modified":"2023-02-10T12:13:02","modified_gmt":"2023-02-10T12:13:02","slug":"descubre-semillas-y-la-sierra-norte-de-guadalajara","status":"publish","type":"post","link":"https:\/\/blog.sierranortedeguadalajara.com\/?p=19131","title":{"rendered":"Descubre Semillas y la Sierra Norte de Guadalajara"},"content":{"rendered":"<ul>\n<li><span style=\"color:#993300;font-size:small;\"><i><b>\u00bfUn pueblo que se llama Semillas? \u00a1No ten\u00eda ni idea! \u00bfDonde est\u00e1?<\/b><\/i><\/span><\/li>\n<li><span style=\"font-size:small;\">En la <a href=\"https:\/\/blog.laveredadepuebla.com\/2016\/05\/10\/el-mapa-de-la-sierra-norte\/\"><i><b>Sierra Norte de Guadalajara<\/b><\/i><\/a>, tras la <a href=\"https:\/\/blog.laveredadepuebla.com\/2015\/06\/25\/las-sierras-de-la-sierra-norte\/\"><i><b>sierra Gorda. <\/b><\/i><\/a>Por su t\u00e9rmino pasa el <a href=\"https:\/\/blog.laveredadepuebla.com\/2009\/09\/05\/el-rio-sorbe\/\"><i><b>r\u00edo Sorbe<\/b><\/i><\/a> con un <a href=\"https:\/\/blog.laveredadepuebla.com\/2012\/06\/13\/hoces-y-canon-del-sorbe\/\"><i><b>precioso ca\u00f1\u00f3n. <\/b><\/i><\/a>\u2026 \u00bfTe sit\u00faas? \u2026 Mira <\/span><a href=\"https:\/\/goo.gl\/maps\/dpiurfWFWcu\"><span style=\"font-size:small;\"><i><b>el mapa<\/b><\/i><\/span><span style=\"font-size:small;\">. <\/span><\/a><\/li>\n<li><span style=\"font-size:small;\">Ya. <em>\u00bfY que hay que ver en <\/em><\/span><em><span style=\"color:#993300;\"><span style=\"color:#993300;\"><span style=\"font-size:small;\"><b>Semillas<\/b><\/span><span style=\"font-size:small;\">?<\/span><\/span><\/span><\/em>\n<p><figure id=\"attachment_19133\" aria-describedby=\"caption-attachment-19133\" style=\"width: 270px\" class=\"wp-caption alignright\"><img loading=\"lazy\" decoding=\"async\" class=\"wp-image-19133\" src=\"https:\/\/blog.sierranortedeguadalajara.com\/wp-content\/uploads\/2023\/02\/semillas-2.jpg\" alt=\"\" width=\"270\" height=\"191\" \/><figcaption id=\"caption-attachment-19133\" class=\"wp-caption-text\"><em><strong><span style=\"color:#000000;\">Cortes\u00eda D. Jos\u00e9 Serrano Belinch\u00f3n<\/span><\/strong><\/em><\/figcaption><\/figure><\/li>\n<li><span style=\"font-size:small;\">Ufff \u2026 por donde empiezo. Es peque\u00f1o, con poca gente y con dos aldeas abandonadas en su t\u00e9rmino: <a href=\"http:\/\/dondeduermeelolvido.blogspot.com.es\/2009\/05\/robredarcas.html\"><i><b>Robredarcas<\/b><\/i> <\/a>y <a href=\"http:\/\/peregrinosdeloabandonado.blogspot.com.es\/2012\/09\/blog-post_6902.html\"><i><b>Las Cabezadas<\/b><\/i><\/a> <i>(tienes que darte una vuelta por ellos)<\/i><\/span><span style=\"font-size:small;\">. <\/span><span style=\"color:#993300;font-size:small;\"><i><b>\u00a1Imag\u00ednate como le afect\u00f3 la despoblaci\u00f3n!<\/b><\/i><\/span><span style=\"font-size:small;\"> Hasta le quisieron cambiar el nombre cuando se unieron los 3 pueblos: <\/span><span style=\"color:#000000;font-size:small;\"><b>Secarro. <\/b><\/span><span style=\"font-size:small;\">Los vecinos de Semilla <\/span><span style=\"font-size:small;\"><i>(el \u00fanico habitado)<\/i><\/span><span style=\"font-size:small;\"> se opusieron y conservaron el nombre.\u00a0 <\/span><\/li>\n<li><span style=\"font-size:small;\">El lugar tiene el encanto de lo aut\u00e9ntico: casas de sillarejo con tejados de pizarra, muy vistosas las de la <\/span><span style=\"color:#993300;font-size:small;\"><i><b>calle Mayor, donde est\u00e1n la fuente, la iglesia de San Miguel y el lavadero<\/b><\/i><\/span><span style=\"font-size:small;\">. Y si te apetece date una vuelta hasta el Sorbe. Alucinar\u00e1s con el paisaje. <span style=\"color:#993300;\"><strong>Desde luego no se te olvidar\u00e1 Semillas.<\/strong><\/span><\/span><\/li>\n<\/ul>\n<ul>\n<li><span style=\"font-size:small;\">Tiene buena pinta.<em><span style=\"color:#993300;\"><strong> \u00a1Tendr\u00e9 que ir!<img loading=\"lazy\" decoding=\"async\" class=\"alignright wp-image-19132\" src=\"https:\/\/blog.sierranortedeguadalajara.com\/wp-content\/uploads\/2023\/02\/semillas-1.jpg\" alt=\"\" width=\"270\" height=\"180\" \/><\/strong><\/span><\/em><\/span><\/li>\n<li><span style=\"font-size:small;\">Y no te lo he contado todo: por la zona hubo <em><strong><span style=\"color:#993300;\">minas de plomo y oro<\/span><\/strong><\/em>, algunas en explotaci\u00f3n hasta principios del siglo pasado. Aqu\u00ed se trabajaba <span style=\"color:#993300;\"><em><strong>la gayuba <\/strong><\/em><\/span><\/span><span style=\"font-size:small;\"><i>(una planta de la que se extrae aceite medicinal para las enfermedades del ri\u00f1\u00f3n).<\/i><\/span><\/li>\n<li><span style=\"font-size:small;\">Tendr\u00e9 que ir. <span style=\"color:#800000;\"><em>\u00bfTu como sabes tanto?<\/em><\/span><\/span><\/li>\n<li><span style=\"font-size:small;\"><span style=\"color:#993300;\"><em>\u00a1Listo que es uno!<\/em><\/span>&#8230; La verdad es que me descargado la <a href=\"https:\/\/blog.laveredadepuebla.com\/2017\/06\/22\/descubre-la-sierra-norte-de-guadalajara-2\/\"><i><b>App Descubre la Sierra Norte de Guadalajara<\/b><\/i><\/a>, que te cuenta casi todo de la comarca. Anda, <a href=\"https:\/\/itunes.apple.com\/us\/app\/adel-sierra-norte-guadalajara\/id567654804?mt=8&amp;ign-mpt=uo%3D4\"><i><b>apunta este enlace. <\/b><\/i><\/a><\/span><\/li>\n<li><span style=\"font-size:small;\">No me sirve, mi m\u00f3vil es <\/span><span style=\"font-size:small;\"><strong><span style=\"color:#993300;\"><i>iphone.<\/i><\/span><\/strong><\/span><\/li>\n<li><span style=\"font-size:small;\">Entonces <\/span><span style=\"font-size:small;\"><i><b><a href=\"https:\/\/play.google.com\/store\/apps\/details?id=com.softamo.adelsierranorte\">apunta este otro<\/a>. <\/b><\/i><\/span><span style=\"font-size:small;\">Y el pr\u00f3ximo d\u00eda me sorprendes. <\/span><\/li>\n<\/ul>\n<p align=\"JUSTIFY\"><i><b>Lar-ami<\/b><\/i><\/p>\n","protected":false},"excerpt":{"rendered":"<p>\u00bfUn pueblo que se llama Semillas? \u00a1No ten\u00eda ni idea! \u00bfDonde est\u00e1? En la Sierra Norte de Guadalajara, tras la sierra Gorda. Por su t\u00e9rmino pasa el r\u00edo Sorbe con un precioso ca\u00f1\u00f3n. \u2026 \u00bfTe sit\u00faas? \u2026 Mira el mapa. Ya. \u00bfY que hay que ver en Semillas? Ufff \u2026 por donde empiezo. Es peque\u00f1o, &hellip; <\/p>\n<p class=\"link-more\"><a href=\"https:\/\/blog.sierranortedeguadalajara.com\/?p=19131\" class=\"more-link\">Seguir leyendo<span class=\"screen-reader-text\"> \u00abDescubre Semillas y la Sierra Norte de Guadalajara\u00bb<\/span><\/a><\/p>\n","protected":false},"author":1,"featured_media":0,"comment_status":"open","ping_status":"open","sticky":false,"template":"","format":"standard","meta":{"footnotes":""},"categories":[12,6,17,15],"tags":[2,100,4,5,25,7,10,16],"class_list":["post-19131","post","type-post","status-publish","format-standard","hentry","category-actualidad","category-mundo-rural","category-paisajes-y-lugares-de-la-sierra-norte","category-rincones-de-guadalajara","tag-actualidad","tag-costumbres-y-tradiciones","tag-cultura","tag-historia","tag-leyendas","tag-naturaleza","tag-sierra-norte","tag-tradiciones","entry"],"_links":{"self":[{"href":"https:\/\/blog.sierranortedeguadalajara.com\/index.php?rest_route=\/wp\/v2\/posts\/19131","targetHints":{"allow":["GET"]}}],"collection":[{"href":"https:\/\/blog.sierranortedeguadalajara.com\/index.php?rest_route=\/wp\/v2\/posts"}],"about":[{"href":"https:\/\/blog.sierranortedeguadalajara.com\/index.php?rest_route=\/wp\/v2\/types\/post"}],"author":[{"embeddable":true,"href":"https:\/\/blog.sierranortedeguadalajara.com\/index.php?rest_route=\/wp\/v2\/users\/1"}],"replies":[{"embeddable":true,"href":"https:\/\/blog.sierranortedeguadalajara.com\/index.php?rest_route=%2Fwp%2Fv2%2Fcomments&post=19131"}],"version-history":[{"count":1,"href":"https:\/\/blog.sierranortedeguadalajara.com\/index.php?rest_route=\/wp\/v2\/posts\/19131\/revisions"}],"predecessor-version":[{"id":26482,"href":"https:\/\/blog.sierranortedeguadalajara.com\/index.php?rest_route=\/wp\/v2\/posts\/19131\/revisions\/26482"}],"wp:attachment":[{"href":"https:\/\/blog.sierranortedeguadalajara.com\/index.php?rest_route=%2Fwp%2Fv2%2Fmedia&parent=19131"}],"wp:term":[{"taxonomy":"category","embeddable":true,"href":"https:\/\/blog.sierranortedeguadalajara.com\/index.php?rest_route=%2Fwp%2Fv2%2Fcategories&post=19131"},{"taxonomy":"post_tag","embeddable":true,"href":"https:\/\/blog.sierranortedeguadalajara.com\/index.php?rest_route=%2Fwp%2Fv2%2Ftags&post=19131"}],"curies":[{"name":"wp","href":"https:\/\/api.w.org\/{rel}","templated":true}]}}