{"id":19071,"date":"2017-07-28T00:05:05","date_gmt":"2017-07-27T22:05:05","guid":{"rendered":"http:\/\/blog.laveredadepuebla.com\/?p=19071"},"modified":"2023-02-10T12:13:02","modified_gmt":"2023-02-10T12:13:02","slug":"los-bosques-de-la-sierra-norte-de-guadalajara","status":"publish","type":"post","link":"https:\/\/blog.sierranortedeguadalajara.com\/?p=19071","title":{"rendered":"Los bosques de la Sierra Norte de Guadalajara"},"content":{"rendered":"<p align=\"JUSTIFY\"><span style=\"font-size:small;\">El mapa forestal de la <\/span><span style=\"font-size:small;\"><a href=\"https:\/\/blog.laveredadepuebla.com\/2016\/05\/10\/el-mapa-de-la-sierra-norte\/\"><i><b>Sierra Norte de Guadalajara <\/b><\/i><\/a><\/span><span style=\"font-size:small;\">es un bello y complejo mosaico donde se reparten, casi por igual, bosques y tierras de cultivo <\/span><span style=\"font-size:small;color:#800000;\"><i>(amarillo) <\/i><\/span><span style=\"font-size:small;\">con matorrales y pastos <\/span><span style=\"font-size:small;color:#800000;\"><i>(verde amarillento)<\/i><\/span><span style=\"font-size:small;\">. Dado que la superficie de nuestra comarca es 3.200 Kms,<\/span> <span style=\"color:#800000;\"><span style=\"font-size:small;\"><i><b>tenemos alrededor de 1.000 kms de bosques.<\/b><\/i><\/span><\/span><\/p>\n<figure id=\"attachment_19072\" aria-describedby=\"caption-attachment-19072\" style=\"width: 500px\" class=\"wp-caption aligncenter\"><img loading=\"lazy\" decoding=\"async\" class=\"wp-image-19072 size-full\" src=\"https:\/\/blog.sierranortedeguadalajara.com\/wp-content\/uploads\/2023\/02\/mforestal-1.jpg\" alt=\"\" width=\"500\" height=\"397\" \/><figcaption id=\"caption-attachment-19072\" class=\"wp-caption-text\"><strong><em>Cortes\u00eda Adel Sierra Norte<\/em><\/strong><\/figcaption><\/figure>\n<p align=\"JUSTIFY\"><span style=\"font-size:small;\">La parte m\u00e1s agreste es la occidental; aqu\u00ed predominan, adem\u00e1s de los bosques, pastos, matorrales y suelos desnudos. Por contrario, en la parte oriental lo hacen las tierras de cultivo y reinan los encinares.<\/span><\/p>\n<p align=\"JUSTIFY\"><span style=\"font-size:small;\">Adem\u00e1s de los pinares de repoblaci\u00f3n, nuestra sierra est\u00e1 salpicada de robledales y encinas, que conviven con pastos y pinos. Sin contar con los bosques de ribera en nuestros r\u00edos <\/span><span style=\"font-size:small;\"><i>(espectacular en el <\/i><\/span><span style=\"font-size:small;\"><i><b><a href=\"http:\/\/www.turismocastillalamancha.es\/naturaleza\/barranco-del-rio-dulce-53272\/descripcion\/\">r\u00edo Dulc<\/a>e <\/b><\/i><\/span><span style=\"font-size:small;\"><i>y en el <\/i><\/span><span style=\"font-size:small;\"><i><b><a href=\"http:\/\/www.turismocastillalamancha.es\/naturaleza\/reserva-fluvial-del-rio-pelagallinas-60073\/descripcion\/\">Pelagallinas<\/a>)<\/b><\/i><\/span><i> <\/i><span style=\"font-size:small;\">y los olivares <\/span><span style=\"font-size:small;\"><i>(antes de la filoxera, vi\u00f1as)<\/i><\/span><span style=\"font-size:small;\"> en la parte m\u00e1s meridional<\/span><span style=\"font-size:small;\">. El <\/span><span style=\"font-size:small;\"><a href=\"https:\/\/blog.laveredadepuebla.com\/2017\/06\/05\/el-hayedo-de-tejera-negra-en-mayo\/\"><i><b>Hayedo de Tejera Negra <\/b><\/i><\/a><\/span><span style=\"font-size:small;\"><i>(Patrimonio de la Humanidad) <\/i><\/span><span style=\"font-size:small;\"> y <\/span><span style=\"font-size:small;\"><a href=\"http:\/\/www.senderismoguadalajara.es\/el-sabinar-de-tamajon-camino-de-almiruete\/\"><i><b>el Sabinar de Almiruete<\/b><\/i><\/a><\/span><span style=\"font-size:small;\"> completan el mapa forestal.<\/span><\/p>\n<p align=\"JUSTIFY\"><span style=\"font-size:small;\"><img loading=\"lazy\" decoding=\"async\" class=\"alignright wp-image-19076\" src=\"https:\/\/blog.sierranortedeguadalajara.com\/wp-content\/uploads\/2023\/02\/170728-mforestal-2.jpg\" alt=\"\" width=\"240\" height=\"180\" \/><img loading=\"lazy\" decoding=\"async\" class=\"alignleft wp-image-19077\" src=\"https:\/\/blog.sierranortedeguadalajara.com\/wp-content\/uploads\/2023\/02\/170728-mforestal-3.jpg\" alt=\"\" width=\"240\" height=\"180\" \/>Dicho as\u00ed no impresiona, pero circulando por las carreteras comarcales que cruzan la sierra se obtienen im\u00e1genes tan impactantes como estas.<\/span><\/p>\n<p align=\"JUSTIFY\"><i><b>Lar-ami<\/b><\/i><\/p>\n","protected":false},"excerpt":{"rendered":"<p>El mapa forestal de la Sierra Norte de Guadalajara es un bello y complejo mosaico donde se reparten, casi por igual, bosques y tierras de cultivo (amarillo) con matorrales y pastos (verde amarillento). Dado que la superficie de nuestra comarca es 3.200 Kms, tenemos alrededor de 1.000 kms de bosques. La parte m\u00e1s agreste es &hellip; <\/p>\n<p class=\"link-more\"><a href=\"https:\/\/blog.sierranortedeguadalajara.com\/?p=19071\" class=\"more-link\">Seguir leyendo<span class=\"screen-reader-text\"> \u00abLos bosques de la Sierra Norte de Guadalajara\u00bb<\/span><\/a><\/p>\n","protected":false},"author":1,"featured_media":0,"comment_status":"open","ping_status":"open","sticky":false,"template":"","format":"standard","meta":{"footnotes":""},"categories":[12,6,17],"tags":[2,4,5,7,10],"class_list":["post-19071","post","type-post","status-publish","format-standard","hentry","category-actualidad","category-mundo-rural","category-paisajes-y-lugares-de-la-sierra-norte","tag-actualidad","tag-cultura","tag-historia","tag-naturaleza","tag-sierra-norte","entry"],"_links":{"self":[{"href":"https:\/\/blog.sierranortedeguadalajara.com\/index.php?rest_route=\/wp\/v2\/posts\/19071","targetHints":{"allow":["GET"]}}],"collection":[{"href":"https:\/\/blog.sierranortedeguadalajara.com\/index.php?rest_route=\/wp\/v2\/posts"}],"about":[{"href":"https:\/\/blog.sierranortedeguadalajara.com\/index.php?rest_route=\/wp\/v2\/types\/post"}],"author":[{"embeddable":true,"href":"https:\/\/blog.sierranortedeguadalajara.com\/index.php?rest_route=\/wp\/v2\/users\/1"}],"replies":[{"embeddable":true,"href":"https:\/\/blog.sierranortedeguadalajara.com\/index.php?rest_route=%2Fwp%2Fv2%2Fcomments&post=19071"}],"version-history":[{"count":1,"href":"https:\/\/blog.sierranortedeguadalajara.com\/index.php?rest_route=\/wp\/v2\/posts\/19071\/revisions"}],"predecessor-version":[{"id":26488,"href":"https:\/\/blog.sierranortedeguadalajara.com\/index.php?rest_route=\/wp\/v2\/posts\/19071\/revisions\/26488"}],"wp:attachment":[{"href":"https:\/\/blog.sierranortedeguadalajara.com\/index.php?rest_route=%2Fwp%2Fv2%2Fmedia&parent=19071"}],"wp:term":[{"taxonomy":"category","embeddable":true,"href":"https:\/\/blog.sierranortedeguadalajara.com\/index.php?rest_route=%2Fwp%2Fv2%2Fcategories&post=19071"},{"taxonomy":"post_tag","embeddable":true,"href":"https:\/\/blog.sierranortedeguadalajara.com\/index.php?rest_route=%2Fwp%2Fv2%2Ftags&post=19071"}],"curies":[{"name":"wp","href":"https:\/\/api.w.org\/{rel}","templated":true}]}}