{"id":19065,"date":"2017-07-26T00:05:54","date_gmt":"2017-07-25T22:05:54","guid":{"rendered":"http:\/\/blog.laveredadepuebla.com\/?p=19065"},"modified":"2023-02-10T12:13:02","modified_gmt":"2023-02-10T12:13:02","slug":"el-castillo-de-ynesque","status":"publish","type":"post","link":"https:\/\/blog.sierranortedeguadalajara.com\/?p=19065","title":{"rendered":"El castillo de Ynesque"},"content":{"rendered":"<p align=\"JUSTIFY\"><span style=\"font-size:small;\">Situado en un cerro junto al vallejo que baja desde Ang\u00f3n hasta el r\u00edo Ca\u00f1amares, <\/span><span style=\"color:#800000;\"><span style=\"font-size:small;\"><i><b>Ynesque <\/b><\/i><\/span><\/span><span style=\"font-size:small;\">es un peque\u00f1o castillo de origen musulm\u00e1n <\/span><span style=\"font-size:small;\"><i>(de los llamados castillo de cerro) <\/i><\/span><span style=\"font-size:small;\">y su funci\u00f3n era defender el <span style=\"color:#800000;\"><strong>paso entre los valles del Salado y del Ca\u00f1amares. <\/strong><\/span><\/span><\/p>\n<p align=\"JUSTIFY\"><span style=\"font-size:small;\"><img loading=\"lazy\" decoding=\"async\" class=\"alignleft wp-image-19067\" src=\"https:\/\/blog.sierranortedeguadalajara.com\/wp-content\/uploads\/2023\/02\/ynesques-1.jpg\" alt=\"\" width=\"240\" height=\"163\" \/>Seg\u00fan el <\/span><span style=\"font-size:small;\"><a href=\"http:\/\/www.herreracasado.com\/1985\/05\/17\/el-castillo-de-iniesque\/\"><i><b>maestro Herrera Casado<\/b><\/i><\/a><\/span><span style=\"font-size:small;\"><i>, <\/i><\/span><span style=\"font-size:small;\">el castillo de Ynesques era un castillo de apoyo de <\/span><span style=\"font-size:small;\"><a href=\"http:\/\/biblioteca2.uclm.es\/biblioteca\/ceclm\/ARTREVISTAS\/Wad\/wad12Herrera.pdf\"><i><b>\u201cLa Marca Media del Al-Andalus<\/b><\/i><\/a><\/span><span style=\"font-size:small;\">\u201d, linea de frontera con el reino de Castilla, con varios castillos importantes <\/span><span style=\"font-size:small;\"><i>(Jadraque, Hita, Sig\u00fcenza)<\/i><\/span><span style=\"font-size:small;\"> apoyados por otras fortalezas menores <\/span><span style=\"font-size:small;\"><i>(como las de <\/i><\/span><span style=\"font-size:small;\"><a href=\"https:\/\/www.palmaces.com\/historia\"><i><b>P\u00e1lmaces <\/b><\/i><\/a><\/span><span style=\"font-size:small;\"><i>y Torrubia de Miedes). <\/i><\/span><\/p>\n<p align=\"JUSTIFY\"><span style=\"font-size:small;\">El <em><strong><a href=\"http:\/\/www.herreracasado.com\/1985\/05\/17\/el-castillo-de-iniesque\/\">maestro lo describe as\u00ed<\/a><\/strong><\/em>: <\/span><span style=\"font-size:small;\"><i>\u201c<\/i><\/span><span style=\"font-size:small;\"><i>un n\u00facleo central, estrecho y alargado con muros casi intactos y cuatro torreones de planta circular en sus esquinas&#8230;por fuera se aprecia un nivel de murall\u00f3n \u2026 que vendr\u00eda a ser el muro exterior de la fortaleza&#8230; m\u00e1s afuera se aprecia una tercera l\u00ednea defensiva, mucho m\u00e1s erosionada\u201d \u2026 <\/i><\/span><span style=\"font-size:small;\">que bien pudiera proteger una peque\u00f1a poblaci\u00f3n.<\/span><\/p>\n<p align=\"JUSTIFY\"><span style=\"font-size:small;\">El historiador <\/span><span style=\"font-size:small;\"><a href=\"https:\/\/dialnet.unirioja.es\/servlet\/autor?codigo=27702\"><i><b>Pav\u00f3n Maldonado<\/b><\/i><\/a><\/span><span style=\"font-size:small;\"> afirma que el sillar del recinto central es \u00e1rabe, si bien con la reconquista fue reforzado; con la repoblaci\u00f3n posterior, lo fue una vez m\u00e1s para proteger al peque\u00f1o poblado. Perteneci\u00f3 siempre al Com\u00fan de las tierras y villa de Atienza, incluso despu\u00e9s de la segregaci\u00f3n del com\u00fan de Jadraque en 1.434, a pesar de la distancia.<\/span><\/p>\n<p align=\"JUSTIFY\"><span style=\"font-size:small;\"><img loading=\"lazy\" decoding=\"async\" class=\"alignright size-medium wp-image-19068\" src=\"https:\/\/blog.sierranortedeguadalajara.com\/wp-content\/uploads\/2023\/02\/ynesques-2.jpg\" alt=\"\" width=\"300\" height=\"225\" \/>Es mencionado en el <\/span><span style=\"font-size:small;\"><a href=\"https:\/\/blog.laveredadepuebla.com\/2010\/04\/18\/el-libro-de-la-monteria\/\"><i><b>Libro de la Monter\u00eda de Alfonso XI <\/b><\/i><\/a><\/span><span style=\"font-size:small;\"><i>(a\u00f1o 1.352), <\/i><\/span><span style=\"font-size:small;\">y en las <\/span><span style=\"font-size:small;\"> Relaciones Topogr\u00e1ficas de Felipe II referentes de <\/span><span style=\"font-size:small;\"><a href=\"https:\/\/www.palmaces.com\/historia\"><i><b>P\u00e1lmaces <\/b><\/i><\/a><\/span><span style=\"font-size:small;\">se dice <\/span><span style=\"font-size:small;\"><i>\u201ca <\/i><\/span><span style=\"font-size:small;\"><i>\u00bc de legua est\u00e1 el castillo de Ynesque, que dicen fue de moros\u201d <\/i><\/span><span style=\"font-size:small;\">El <\/span><span style=\"font-size:small;\"><a href=\"http:\/\/www.castillosnet.org\/espana\/informacion.php?ref=GU-CAS-107\"><i><b>castillo de Inesque<\/b><\/i><\/a><\/span><span style=\"font-size:small;\"> fue destruido a mediados del siglo XV por el rey Juan de Arag\u00f3n, en uno de sus enfrentamientos con el rey Juan II de Castilla. <\/span><\/p>\n<p align=\"JUSTIFY\"><span style=\"font-size:small;\">Desde entonces est\u00e1 en ruinas, pero bien <\/span><span style=\"font-size:small;\"><a href=\"http:\/\/www.castillosnet.org\/espana\/album.php?ref=GU-CAS-107&amp;seo=Castillo%20de%20Inesque\"><i><b>merece un vistazo <\/b><\/i><\/a><\/span><span style=\"font-size:small;\">y un paseo. Se accede desde P\u00e1lmaces, en una <a href=\"https:\/\/www.google.es\/maps\/dir\/P%C3%A1lmaces+de+Jadraque\/Castillo+de+Ynesques,+Unnamed+Road,+19245+Ang%C3%B3n,+Guadalajara\/@41.0350196,-2.9015741,2933a,35y,38.65t\/data=!3m1!1e3!4m13!4m12!1m5!1m1!1s0xd436faf1282d527:0x4642e85c5ad4d833!2m2!1d-2.9076094!2d41.0532335!1m5!1m1!1s0xd436f15e2844a47:0xba84e3a41f970622!2m2!1d-2.8784186!2d41.0590282?shorturl=1\"><em><strong>agradable ruta<\/strong><\/em><\/a>. <\/span><\/p>\n<p align=\"JUSTIFY\"><i><b>Lar-ami<\/b><\/i><\/p>\n","protected":false},"excerpt":{"rendered":"<p>Situado en un cerro junto al vallejo que baja desde Ang\u00f3n hasta el r\u00edo Ca\u00f1amares, Ynesque es un peque\u00f1o castillo de origen musulm\u00e1n (de los llamados castillo de cerro) y su funci\u00f3n era defender el paso entre los valles del Salado y del Ca\u00f1amares. Seg\u00fan el maestro Herrera Casado, el castillo de Ynesques era un &hellip; <\/p>\n<p class=\"link-more\"><a href=\"https:\/\/blog.sierranortedeguadalajara.com\/?p=19065\" class=\"more-link\">Seguir leyendo<span class=\"screen-reader-text\"> \u00abEl castillo de Ynesque\u00bb<\/span><\/a><\/p>\n","protected":false},"author":1,"featured_media":0,"comment_status":"open","ping_status":"open","sticky":false,"template":"","format":"standard","meta":{"footnotes":""},"categories":[12,17],"tags":[2,4,5,7,10],"class_list":["post-19065","post","type-post","status-publish","format-standard","hentry","category-actualidad","category-paisajes-y-lugares-de-la-sierra-norte","tag-actualidad","tag-cultura","tag-historia","tag-naturaleza","tag-sierra-norte","entry"],"_links":{"self":[{"href":"https:\/\/blog.sierranortedeguadalajara.com\/index.php?rest_route=\/wp\/v2\/posts\/19065","targetHints":{"allow":["GET"]}}],"collection":[{"href":"https:\/\/blog.sierranortedeguadalajara.com\/index.php?rest_route=\/wp\/v2\/posts"}],"about":[{"href":"https:\/\/blog.sierranortedeguadalajara.com\/index.php?rest_route=\/wp\/v2\/types\/post"}],"author":[{"embeddable":true,"href":"https:\/\/blog.sierranortedeguadalajara.com\/index.php?rest_route=\/wp\/v2\/users\/1"}],"replies":[{"embeddable":true,"href":"https:\/\/blog.sierranortedeguadalajara.com\/index.php?rest_route=%2Fwp%2Fv2%2Fcomments&post=19065"}],"version-history":[{"count":1,"href":"https:\/\/blog.sierranortedeguadalajara.com\/index.php?rest_route=\/wp\/v2\/posts\/19065\/revisions"}],"predecessor-version":[{"id":26491,"href":"https:\/\/blog.sierranortedeguadalajara.com\/index.php?rest_route=\/wp\/v2\/posts\/19065\/revisions\/26491"}],"wp:attachment":[{"href":"https:\/\/blog.sierranortedeguadalajara.com\/index.php?rest_route=%2Fwp%2Fv2%2Fmedia&parent=19065"}],"wp:term":[{"taxonomy":"category","embeddable":true,"href":"https:\/\/blog.sierranortedeguadalajara.com\/index.php?rest_route=%2Fwp%2Fv2%2Fcategories&post=19065"},{"taxonomy":"post_tag","embeddable":true,"href":"https:\/\/blog.sierranortedeguadalajara.com\/index.php?rest_route=%2Fwp%2Fv2%2Ftags&post=19065"}],"curies":[{"name":"wp","href":"https:\/\/api.w.org\/{rel}","templated":true}]}}