{"id":19060,"date":"2017-07-24T00:05:29","date_gmt":"2017-07-23T22:05:29","guid":{"rendered":"http:\/\/blog.laveredadepuebla.com\/?p=19060"},"modified":"2023-02-10T12:13:02","modified_gmt":"2023-02-10T12:13:02","slug":"rebelion-en-la-sierra-norte-de-guadalajara","status":"publish","type":"post","link":"https:\/\/blog.sierranortedeguadalajara.com\/?p=19060","title":{"rendered":"Rebeli\u00f3n en la Sierra Norte de Guadalajara"},"content":{"rendered":"<p><span style=\"font-size:small;\">En la \u00e9poca de Franco la rebeli\u00f3n era imposible, so pena de ser castigado duramente. Por eso resulta impactante la historia de <\/span><span style=\"font-size:small;\"><i><b>Las Navas de Jadraque<\/b><\/i><\/span><span style=\"font-size:small;\">, un pueblo de la <\/span><span style=\"font-size:small;\"><i><b>Sierra Norte de Guadalajara <\/b><\/i><\/span><span style=\"font-size:small;\">que <\/span><span style=\"color:#7e0021;\"><span style=\"font-size:small;\"><b>os\u00f3 rebelarse contra el sistema<\/b><\/span><\/span><span style=\"font-size:small;\">.<\/span><\/p>\n<p align=\"LEFT\"><span style=\"color:#000000;\"><span style=\"font-size:small;\"><img loading=\"lazy\" decoding=\"async\" class=\"alignleft wp-image-19061\" src=\"https:\/\/blog.sierranortedeguadalajara.com\/wp-content\/uploads\/2023\/02\/170424-rebelic3b3n-2.jpg\" alt=\"\" width=\"240\" height=\"180\" \/>El decreto <\/span><\/span><span style=\"color:#000000;\"><span style=\"font-size:small;\"><i><b>2168\/1961 del Ministerio de Agricultura<\/b><\/i><\/span><\/span><span style=\"color:#000000;\"><span style=\"font-size:small;\"> aprobaba la repoblaci\u00f3n forestal con pinos de la cuenca del <\/span><\/span><span style=\"color:#000000;\"><span style=\"font-size:small;\"><i><b>pantano de Alcorlo<\/b><\/i><\/span><\/span><span style=\"color:#000000;\"><span style=\"font-size:small;\">, que afectaba a varios pueblos, entre ellos Las Navas de Jadraque. El 31 octubre de 1.962 se firmaba el <\/span><\/span><span style=\"color:#7e0021;\"><span style=\"font-size:small;\"><b>Consorcio GU-3118 , \u201cTaina Vieja y otros\u201d<\/b><\/span><\/span><span style=\"color:#000000;\"><span style=\"font-size:small;\">, entre el Patronato Forestal del Estado y el Ayuntamiento, que delimitaba la zona a repoblar <\/span><\/span><span style=\"color:#000000;\"><span style=\"font-size:small;\"><i>(119,98 Has, propiedad del ayuntamiento).<\/i><\/span><\/span><\/p>\n<p align=\"LEFT\"><span style=\"color:#000000;\"><span style=\"font-size:small;\">Cuando tiempo despu\u00e9s la m\u00e1quina fue a hacer su trabajo en el t\u00e9rmino de Las Navas, los vecinos se rebelaron. El ayuntamiento envi\u00f3 con presteza a 2 vecinos<\/span><\/span><span style=\"color:#000000;\"><span style=\"font-size:small;\"><i> (entre ellos Emilio, el futuro alcalde)<\/i><\/span><\/span><span style=\"color:#000000;\"><span style=\"font-size:small;\"> y consiguieron pararla. El Concejo y los vecinos acordaron impedir la repoblaci\u00f3n con un solo argumento: <\/span><\/span><span style=\"color:#7e0021;\"><span style=\"font-size:small;\"><i><b>Si a 900 Has del t\u00e9rmino, le quitaban 120 Has para pinos \u00bfde que iban a comer? <\/b><\/i><\/span><\/span><\/p>\n<p align=\"LEFT\"><span style=\"color:#000000;\"><span style=\"font-size:small;\"><img loading=\"lazy\" decoding=\"async\" class=\"alignright size-medium wp-image-19062\" src=\"https:\/\/blog.sierranortedeguadalajara.com\/wp-content\/uploads\/2023\/02\/170724-rebelic3b3n-1.jpg\" alt=\"\" width=\"300\" height=\"225\" \/>Los vecinos se enfrentaron a las m\u00e1quinas y las pararon tantas veces como hizo falta. Tras m\u00faltiples gestiones en Madrid con el <\/span><\/span><span style=\"color:#000000;\"><span style=\"font-size:small;\"><i><b>ICONA,<\/b><\/i><\/span><\/span><span style=\"color:#000000;\"><span style=\"font-size:small;\"> donde acudieron <\/span><\/span><span style=\"color:#7e0021;\"><span style=\"font-size:small;\"><b>alcalde, concejales y el cura D. Juli\u00e1n<\/b><\/span><\/span><span style=\"color:#000000;\"><span style=\"font-size:small;\">, en 1.969 lo consiguieron<\/span><\/span><span style=\"color:#7e0021;\"><span style=\"font-size:small;\"><b>. <\/b><\/span><\/span> <span style=\"color:#000000;\"><span style=\"font-size:small;\">A partir de ese a\u00f1o<\/span><\/span> <span style=\"color:#000000;\"><span style=\"font-size:small;\">ICONA no insisti\u00f3 m\u00e1s y dej\u00f3 aparcado el tema (<\/span><\/span><span style=\"color:#000000;\"><span style=\"font-size:small;\"><i>creemos que alguien sensato, y con poder, decidi\u00f3 dejarlo en el caj\u00f3n sine die)<\/i><\/span><\/span><span style=\"color:#000000;\"><span style=\"font-size:small;\">. A efectos pr\u00e1cticos, <\/span><\/span><span style=\"color:#7e0021;\"><span style=\"font-size:small;\"><b>la repoblaci\u00f3n se par\u00f3 para siempre.<\/b><\/span><\/span><\/p>\n<p align=\"LEFT\"><span style=\"color:#000000;\"><span style=\"font-size:small;\">Recientemente se ha firmado la anulaci\u00f3n definitiva del Convenio con la <\/span><\/span><span style=\"color:#000000;\"><span style=\"font-size:small;\"><i><b>Junta de Castilla La Mancha<\/b><\/i><\/span><\/span><span style=\"color:#000000;\"><span style=\"font-size:small;\">, <\/span><\/span><span style=\"color:#000000;\"><span style=\"font-size:small;\"><i>(que asumi\u00f3 las competencias de ICONA)<\/i><\/span><\/span><span style=\"color:#000000;\"><span style=\"font-size:small;\">, <\/span><\/span><span style=\"color:#7e0021;\"><span style=\"font-size:small;\"><b>volviendo las tierras a su leg\u00edtimo due\u00f1o \u2026 \u00a1 y sin repoblar! <\/b><\/span><\/span><span style=\"color:#000000;\"><span style=\"font-size:small;\">Sea este nuestro peque\u00f1o homenaje.<\/span><\/span><\/p>\n<p align=\"JUSTIFY\"><i><b>Lar-ami<\/b><\/i><\/p>\n","protected":false},"excerpt":{"rendered":"<p>En la \u00e9poca de Franco la rebeli\u00f3n era imposible, so pena de ser castigado duramente. Por eso resulta impactante la historia de Las Navas de Jadraque, un pueblo de la Sierra Norte de Guadalajara que os\u00f3 rebelarse contra el sistema. El decreto 2168\/1961 del Ministerio de Agricultura aprobaba la repoblaci\u00f3n forestal con pinos de la &hellip; <\/p>\n<p class=\"link-more\"><a href=\"https:\/\/blog.sierranortedeguadalajara.com\/?p=19060\" class=\"more-link\">Seguir leyendo<span class=\"screen-reader-text\"> \u00abRebeli\u00f3n en la Sierra Norte de Guadalajara\u00bb<\/span><\/a><\/p>\n","protected":false},"author":1,"featured_media":0,"comment_status":"open","ping_status":"open","sticky":false,"template":"","format":"standard","meta":{"footnotes":""},"categories":[6],"tags":[2,4,5,7,10,19,22],"class_list":["post-19060","post","type-post","status-publish","format-standard","hentry","category-mundo-rural","tag-actualidad","tag-cultura","tag-historia","tag-naturaleza","tag-sierra-norte","tag-siglo-xx","tag-siglo-xxi","entry"],"_links":{"self":[{"href":"https:\/\/blog.sierranortedeguadalajara.com\/index.php?rest_route=\/wp\/v2\/posts\/19060","targetHints":{"allow":["GET"]}}],"collection":[{"href":"https:\/\/blog.sierranortedeguadalajara.com\/index.php?rest_route=\/wp\/v2\/posts"}],"about":[{"href":"https:\/\/blog.sierranortedeguadalajara.com\/index.php?rest_route=\/wp\/v2\/types\/post"}],"author":[{"embeddable":true,"href":"https:\/\/blog.sierranortedeguadalajara.com\/index.php?rest_route=\/wp\/v2\/users\/1"}],"replies":[{"embeddable":true,"href":"https:\/\/blog.sierranortedeguadalajara.com\/index.php?rest_route=%2Fwp%2Fv2%2Fcomments&post=19060"}],"version-history":[{"count":1,"href":"https:\/\/blog.sierranortedeguadalajara.com\/index.php?rest_route=\/wp\/v2\/posts\/19060\/revisions"}],"predecessor-version":[{"id":26494,"href":"https:\/\/blog.sierranortedeguadalajara.com\/index.php?rest_route=\/wp\/v2\/posts\/19060\/revisions\/26494"}],"wp:attachment":[{"href":"https:\/\/blog.sierranortedeguadalajara.com\/index.php?rest_route=%2Fwp%2Fv2%2Fmedia&parent=19060"}],"wp:term":[{"taxonomy":"category","embeddable":true,"href":"https:\/\/blog.sierranortedeguadalajara.com\/index.php?rest_route=%2Fwp%2Fv2%2Fcategories&post=19060"},{"taxonomy":"post_tag","embeddable":true,"href":"https:\/\/blog.sierranortedeguadalajara.com\/index.php?rest_route=%2Fwp%2Fv2%2Ftags&post=19060"}],"curies":[{"name":"wp","href":"https:\/\/api.w.org\/{rel}","templated":true}]}}