{"id":18862,"date":"2017-05-29T00:05:53","date_gmt":"2017-05-28T22:05:53","guid":{"rendered":"http:\/\/blog.laveredadepuebla.com\/?p=18862"},"modified":"2023-02-10T12:13:03","modified_gmt":"2023-02-10T12:13:03","slug":"la-tercera-mision-pedagogica-a-la-sierra-norte","status":"publish","type":"post","link":"https:\/\/blog.sierranortedeguadalajara.com\/?p=18862","title":{"rendered":"La tercera Misi\u00f3n Pedag\u00f3gica a la Sierra Norte"},"content":{"rendered":"<p><span style=\"font-size:small;\">Pocos datos hay de esta <a href=\"http:\/\/cipres.residencia.csic.es\/misiones\/\"><i><b>Misi\u00f3n Pedag\u00f3gica<\/b><\/i><\/a> que se realiz\u00f3 del 1 al 8 de abril de 1934 y que visit\u00f3 <span style=\"color:#7e0021;\"><b>El Cardoso de la Sierra, Boc\u00edgano, Pe\u00f1alba de la Sierra y Colmenar de la Sierra<\/b><\/span>. Como es habitual no hay memoria (<i>como de <\/i><i><b><a href=\"https:\/\/blog.laveredadepuebla.com\/2014\/01\/02\/de-las-misiones-pedagogicas\/\">la primera<\/a>)<\/b><\/i> ni notas de los misioneros (<i>como en<\/i> <a href=\"https:\/\/blog.laveredadepuebla.com\/2017\/05\/24\/la-segunda-mision-pedagogica-a-la-sierra-norte\/\"><i><b>la segunda<\/b><\/i><\/a>) que dejaron datos muy interesantes de\u00a0<a href=\"https:\/\/blog.laveredadepuebla.com\/2016\/05\/10\/el-mapa-de-la-sierra-norte\/\"><i><b>la Sierra Norte.<\/b><\/i><\/a><\/span><\/p>\n<p><span style=\"font-size:small;\"><i><b><a href=\"http:\/\/biblioteca2.uclm.es\/biblioteca\/CECLM\/ARTREVISTAS\/Wad\/wad25_misiones_perez.pdf\">Estuvo dirigida<\/a> <\/b><\/i>por el profesor <span style=\"color:#7e0021;\"><b>Eusebio Criado Manzano<\/b><\/span> <i>(como la segunda)<\/i>, acompa\u00f1ado por el maestro de Barcelona <span style=\"color:#7e0021;\"><i>Ricardo Giner y los alumnos de Magisterio Lorenzo V\u00e1zquez, Bernardino Moya, Aurelio Archilla, Lorenzo Vazquez, Carlos Olivier y los hermanos Fernando y Gonzalo Mart\u00edn N\u00e9e.<\/i><\/span><\/span><\/p>\n<p><span style=\"font-size:small;\"><img loading=\"lazy\" decoding=\"async\" class=\"alignright wp-image-18866\" src=\"https:\/\/blog.sierranortedeguadalajara.com\/wp-content\/uploads\/2023\/02\/170529-3ra-mision.jpg\" alt=\"\" width=\"360\" height=\"246\" \/>Hubo servicio de cine y de m\u00fasica <i>(cl\u00e1sica y popular con gram\u00f3fono)<\/i> pero no se especifican fechas ni las actuaciones realizadas en los pueblos. Sabemos que se cre\u00f3 una biblioteca en Colmenar de la Sierra, dejando unos 100 libros de todas las materias, encuadernados, con papel para forrarlos, acompa\u00f1ados de instrucciones y un talonario para el pr\u00e9stamo de libros.<\/span><\/p>\n<p><span style=\"font-size:small;\">Curiosamente <span style=\"color:#7e0021;\"><b>Colmenar de la Sierra<\/b><\/span> figura en las Misiones de 1.933 <i>(segunda) <\/i>y en la tercera ; no sabemos si por error y\/o porque fue visitada dos veces. Tambi\u00e9n consta que se crearon bibliotecas en Albendiego y Sig\u00fcenza, pero no hemos encontrado documentaci\u00f3n sobre ellas. <\/span><\/p>\n<p><span style=\"font-size:small;\">Como dice <a href=\"http:\/\/www.elcultural.com\/revista\/letras\/Gabriel-Jackson\/142\"><i><b>Gabriel Jackson,<\/b><\/i><\/a> a pesar de los escasos resultados Las Misiones simbolizan una nueva forma de ver <span style=\"color:#7e0021;\"><b>las relaciones entre el mundo rural y urbano. <\/b><\/span><span style=\"color:#000000;\">De<\/span> tener \u00e9xito, hubiera supuesto el comienzo de un profundo despertar del pueblo espa\u00f1ol. <span style=\"color:#7e0021;\"><b>Y en eso estamos. <\/b><\/span><\/span><\/p>\n<p><span style=\"font-size:small;\"><em><strong>Lar-ami<\/strong><\/em><\/span><\/p>\n","protected":false},"excerpt":{"rendered":"<p>Pocos datos hay de esta Misi\u00f3n Pedag\u00f3gica que se realiz\u00f3 del 1 al 8 de abril de 1934 y que visit\u00f3 El Cardoso de la Sierra, Boc\u00edgano, Pe\u00f1alba de la Sierra y Colmenar de la Sierra. Como es habitual no hay memoria (como de la primera) ni notas de los misioneros (como en la segunda) &hellip; <\/p>\n<p class=\"link-more\"><a href=\"https:\/\/blog.sierranortedeguadalajara.com\/?p=18862\" class=\"more-link\">Seguir leyendo<span class=\"screen-reader-text\"> \u00abLa tercera Misi\u00f3n Pedag\u00f3gica a la Sierra Norte\u00bb<\/span><\/a><\/p>\n","protected":false},"author":1,"featured_media":0,"comment_status":"open","ping_status":"open","sticky":false,"template":"","format":"standard","meta":{"footnotes":""},"categories":[12,6,15],"tags":[2,4,5,7,10],"class_list":["post-18862","post","type-post","status-publish","format-standard","hentry","category-actualidad","category-mundo-rural","category-rincones-de-guadalajara","tag-actualidad","tag-cultura","tag-historia","tag-naturaleza","tag-sierra-norte","entry"],"_links":{"self":[{"href":"https:\/\/blog.sierranortedeguadalajara.com\/index.php?rest_route=\/wp\/v2\/posts\/18862","targetHints":{"allow":["GET"]}}],"collection":[{"href":"https:\/\/blog.sierranortedeguadalajara.com\/index.php?rest_route=\/wp\/v2\/posts"}],"about":[{"href":"https:\/\/blog.sierranortedeguadalajara.com\/index.php?rest_route=\/wp\/v2\/types\/post"}],"author":[{"embeddable":true,"href":"https:\/\/blog.sierranortedeguadalajara.com\/index.php?rest_route=\/wp\/v2\/users\/1"}],"replies":[{"embeddable":true,"href":"https:\/\/blog.sierranortedeguadalajara.com\/index.php?rest_route=%2Fwp%2Fv2%2Fcomments&post=18862"}],"version-history":[{"count":1,"href":"https:\/\/blog.sierranortedeguadalajara.com\/index.php?rest_route=\/wp\/v2\/posts\/18862\/revisions"}],"predecessor-version":[{"id":26568,"href":"https:\/\/blog.sierranortedeguadalajara.com\/index.php?rest_route=\/wp\/v2\/posts\/18862\/revisions\/26568"}],"wp:attachment":[{"href":"https:\/\/blog.sierranortedeguadalajara.com\/index.php?rest_route=%2Fwp%2Fv2%2Fmedia&parent=18862"}],"wp:term":[{"taxonomy":"category","embeddable":true,"href":"https:\/\/blog.sierranortedeguadalajara.com\/index.php?rest_route=%2Fwp%2Fv2%2Fcategories&post=18862"},{"taxonomy":"post_tag","embeddable":true,"href":"https:\/\/blog.sierranortedeguadalajara.com\/index.php?rest_route=%2Fwp%2Fv2%2Ftags&post=18862"}],"curies":[{"name":"wp","href":"https:\/\/api.w.org\/{rel}","templated":true}]}}