{"id":18855,"date":"2017-05-26T00:05:18","date_gmt":"2017-05-25T22:05:18","guid":{"rendered":"http:\/\/blog.laveredadepuebla.com\/?p=18855"},"modified":"2023-02-10T12:13:03","modified_gmt":"2023-02-10T12:13:03","slug":"el-museo-del-prado-en-atienza","status":"publish","type":"post","link":"https:\/\/blog.sierranortedeguadalajara.com\/?p=18855","title":{"rendered":"El Museo del Prado en Atienza"},"content":{"rendered":"<p><span style=\"font-size:small;\">Ahora que se ha inaugurado en <span style=\"color:#800000;\"><strong>Sig\u00fcenza<\/strong><\/span> la <a href=\"http:\/\/es.cisneros2017.es\/exposicion-sobre-cisneros-en-siguenza\/\"><em><strong>exposici\u00f3n del Cardenal Cisneros<\/strong><\/em><\/a>, conviene recordar que otras interesantes exposiciones visitaron<a href=\"https:\/\/blog.laveredadepuebla.com\/2016\/05\/10\/el-mapa-de-la-sierra-norte\/\"><em><strong> la Sierra Norte<\/strong><\/em><\/a> en \u00e9pocas pasadas. Ocurri\u00f3 en los a\u00f1os 30, cuando los cuadro del Prado estuvieron <a href=\"http:\/\/www.atienza.es\/\"><strong><em>Atienz<\/em><\/strong><\/a>a <em>(realmente eran copias de un tama\u00f1o similar al original).<\/em> <\/span><\/p>\n<p><span style=\"font-size:small;\"><a href=\"http:\/\/cipres.residencia.csic.es\/misiones\/\"><em><strong>Las Misiones Pedag\u00f3gicas<\/strong><\/em><\/a> <em>(1.932-34<\/em>) con su museo itinerante visitaron algunos pueblos grandes y bien comunicados, entre ellos Atienza. Los cuadros <em>(copias)<\/em> se transportaban en camionetas alquiladas y acondicionadas para tal fin, acompa\u00f1adas de 3 misioneros, que se ocupaban del transporte y cuidaban de los cuadros, y un especialista que los explicaba a la gente.<\/span><\/p>\n<p><span style=\"font-size:small;\"><a href=\"http:\/\/biblioteca2.uclm.es\/biblioteca\/CECLM\/ARTREVISTAS\/Wad\/wad25_misiones_perez.pdf\"><em><strong><img loading=\"lazy\" decoding=\"async\" class=\"alignright wp-image-18860\" src=\"https:\/\/blog.sierranortedeguadalajara.com\/wp-content\/uploads\/2023\/02\/170526-la-maja-desnuda.jpg\" alt=\"\" width=\"400\" height=\"203\" \/>La colecci\u00f3n expuesta<\/strong><\/em><\/a> en Atienza inclu\u00eda <em>Auto de fe<\/em> de <span style=\"color:#800000;\"><strong>Berruguete<\/strong><\/span>, Retrato del<em> pr\u00edncipe D Carlo<\/em>s de <strong><span style=\"color:#800000;\">Sanchez Coelllo<\/span><\/strong>, de <span style=\"color:#800000;\"><strong>El Greco<\/strong><\/span> <em>Resurrecci\u00f3n y Retrato de un caballero<\/em>,<em> El sue\u00f1o de Jacob<\/em> de <strong><span style=\"color:#800000;\">Riber<\/span><\/strong>a, de<strong><span style=\"color:#800000;\"> Zurbar\u00e1n<\/span> <\/strong><em>La visi\u00f3n de San Pedro Nolasco<\/em> y de <span style=\"color:#800000;\"><strong>Murillo<\/strong><\/span>,<em> El ni\u00f1o Dios Pastor y Santa Isabel de Hungr\u00eda. <\/em>Obras de <span style=\"color:#800000;\"><strong>Velazquez<\/strong><\/span><em> (Las Hilanderas, Retrato de la Infanta Margarita y D. Antonio el ingl\u00e9s)<\/em> y de <em><strong>Goya<\/strong> (Los fusilamientos del 2 de mayo, la maja desnuda y la maja vestida, el pelele y una serie de grabados)<\/em> completaban la exposici\u00f3n. Para darle sentido y unidad se realizaron proyecciones y conferencias sobre pintura. <\/span><\/p>\n<p><span style=\"font-size:small;\">Los cuadros estuvieron expuestos en la sala municipal del 4 al 8 de Noviembre de 1932. La exposici\u00f3n fue inaugurada por el diputado atencino <span style=\"color:#800000;\"><strong>D. Jose Serrano Batanero<\/strong><\/span>. Al final los misioneros (como hac\u00edan siempre) regalaron 14 fotograf\u00edas (26 x 35 cms) de los cuadros expuestos para adornar la escuela y el ayuntamiento. Tambi\u00e9n repartieron 192 fotograf\u00edas de los cuadros (de 13 x 18 cms) entre los vecinosSeguro que algunos atencinos las conservan, entre las fotos heredadas de este evento.<strong><span style=\"color:#800000;\"> \u00a1Que las saquen a la luz!<\/span><\/strong><\/span><\/p>\n<p><span style=\"font-size:small;\"><em><strong>Lar-ami<\/strong><\/em><\/span><\/p>\n","protected":false},"excerpt":{"rendered":"<p>Ahora que se ha inaugurado en Sig\u00fcenza la exposici\u00f3n del Cardenal Cisneros, conviene recordar que otras interesantes exposiciones visitaron la Sierra Norte en \u00e9pocas pasadas. Ocurri\u00f3 en los a\u00f1os 30, cuando los cuadro del Prado estuvieron Atienza (realmente eran copias de un tama\u00f1o similar al original). Las Misiones Pedag\u00f3gicas (1.932-34) con su museo itinerante visitaron &hellip; <\/p>\n<p class=\"link-more\"><a href=\"https:\/\/blog.sierranortedeguadalajara.com\/?p=18855\" class=\"more-link\">Seguir leyendo<span class=\"screen-reader-text\"> \u00abEl Museo del Prado en Atienza\u00bb<\/span><\/a><\/p>\n","protected":false},"author":1,"featured_media":0,"comment_status":"open","ping_status":"open","sticky":false,"template":"","format":"standard","meta":{"footnotes":""},"categories":[12,6,17],"tags":[2,4,5,7,10],"class_list":["post-18855","post","type-post","status-publish","format-standard","hentry","category-actualidad","category-mundo-rural","category-paisajes-y-lugares-de-la-sierra-norte","tag-actualidad","tag-cultura","tag-historia","tag-naturaleza","tag-sierra-norte","entry"],"_links":{"self":[{"href":"https:\/\/blog.sierranortedeguadalajara.com\/index.php?rest_route=\/wp\/v2\/posts\/18855","targetHints":{"allow":["GET"]}}],"collection":[{"href":"https:\/\/blog.sierranortedeguadalajara.com\/index.php?rest_route=\/wp\/v2\/posts"}],"about":[{"href":"https:\/\/blog.sierranortedeguadalajara.com\/index.php?rest_route=\/wp\/v2\/types\/post"}],"author":[{"embeddable":true,"href":"https:\/\/blog.sierranortedeguadalajara.com\/index.php?rest_route=\/wp\/v2\/users\/1"}],"replies":[{"embeddable":true,"href":"https:\/\/blog.sierranortedeguadalajara.com\/index.php?rest_route=%2Fwp%2Fv2%2Fcomments&post=18855"}],"version-history":[{"count":1,"href":"https:\/\/blog.sierranortedeguadalajara.com\/index.php?rest_route=\/wp\/v2\/posts\/18855\/revisions"}],"predecessor-version":[{"id":26570,"href":"https:\/\/blog.sierranortedeguadalajara.com\/index.php?rest_route=\/wp\/v2\/posts\/18855\/revisions\/26570"}],"wp:attachment":[{"href":"https:\/\/blog.sierranortedeguadalajara.com\/index.php?rest_route=%2Fwp%2Fv2%2Fmedia&parent=18855"}],"wp:term":[{"taxonomy":"category","embeddable":true,"href":"https:\/\/blog.sierranortedeguadalajara.com\/index.php?rest_route=%2Fwp%2Fv2%2Fcategories&post=18855"},{"taxonomy":"post_tag","embeddable":true,"href":"https:\/\/blog.sierranortedeguadalajara.com\/index.php?rest_route=%2Fwp%2Fv2%2Ftags&post=18855"}],"curies":[{"name":"wp","href":"https:\/\/api.w.org\/{rel}","templated":true}]}}