{"id":18839,"date":"2017-05-24T00:05:40","date_gmt":"2017-05-23T22:05:40","guid":{"rendered":"http:\/\/blog.laveredadepuebla.com\/?p=18839"},"modified":"2023-02-10T12:13:03","modified_gmt":"2023-02-10T12:13:03","slug":"la-segunda-mision-pedagogica-a-la-sierra-norte","status":"publish","type":"post","link":"https:\/\/blog.sierranortedeguadalajara.com\/?p=18839","title":{"rendered":"La segunda Misi\u00f3n Pedag\u00f3gica a la Sierra Norte"},"content":{"rendered":"<p><span style=\"font-size:small;\">Ya hablamos de las <\/span><span style=\"font-size:small;\"><a href=\"https:\/\/blog.laveredadepuebla.com\/2009\/10\/03\/misiones-pedagogicas-en-la-ribera\/\"><i><b>Misiones Pedag\u00f3gicas<\/b><\/i><\/a><\/span><span style=\"font-size:small;\">, de<\/span><span style=\"font-size:small;\"><a href=\"https:\/\/blog.laveredadepuebla.com\/2014\/01\/02\/de-las-misiones-pedagogicas\/\"><i><b> la primera<\/b><\/i><\/a><\/span><span style=\"font-size:small;\"> que recorri\u00f3 la <\/span><span style=\"font-size:small;\"><a href=\"https:\/\/blog.laveredadepuebla.com\/2016\/05\/10\/el-mapa-de-la-sierra-norte\/\"><i><b>Sierra Norte\u00a0<\/b><\/i><\/a><\/span><span style=\"font-size:small;\"> en 1.932, y<\/span><span style=\"font-size:small;\"> nos hicimos eco de las otras dos en a\u00f1os posteriores. Un <\/span><span style=\"font-size:small;\"><a href=\"http:\/\/nuevaalcarria.com\/\"><i><b>art\u00edculo en Nueva Alcarria<\/b><\/i><\/a><\/span><span style=\"font-size:small;\"><i> (28 abril)<\/i><\/span><span style=\"font-size:small;\"> del maestro <\/span><span style=\"font-size:small;\"><a href=\"https:\/\/www.aache.com\/alcarrians\/gismera.htm\"><i><b>Tom\u00e1s Gismera <\/b><\/i><\/a><\/span><span style=\"font-size:small;\">nos da detalles de la misi\u00f3n, que tuvo lugar del 24 mayo al 1 junio de 1.933:<\/span><\/p>\n<ul>\n<li><span style=\"font-size:small;\">La organiz\u00f3 y dirigi\u00f3 el profesor de la Escuela Normal de Guadalajara <strong><span style=\"color:#800000;\">D. Eusebio Criado<\/span><\/strong>, ayudado por el ingeniero industrial Ricardo Martinez y 12 alumnos de Magisterio; algunos con experiencia en misiones y otros debutantes <\/span><span style=\"font-size:small;\"><i>(Tom\u00e1s los nombra a todos). <\/i><\/span><\/li>\n<li><span style=\"font-size:small;\">Estuvieron en <\/span><span style=\"color:#800000;\"><span style=\"font-size:small;\"><b>Condemios de Abajo, Galve de Sorbe, Cantalojas, Valverde de los Arroyo, Campillo de Ranas y Colmenar de la Sierra.<\/b><\/span><\/span><\/li>\n<li><span style=\"color:#800000;\"><span style=\"font-size:small;\"><i><b>Hubo audiciones <\/b><\/i><\/span><\/span><span style=\"font-size:small;\">en Codemios de Abajo, dos en el Ayto y el resto en la escuela: un dia para mujeres y j\u00f3venes <\/span><span style=\"font-size:small;\"><i>(un \u00e9xito, solo faltaron 6)<\/i><\/span><span style=\"font-size:small;\"> y otro para hombres<\/span><span style=\"font-size:small;\"><i> (fueron casi todos).<\/i><\/span><\/li>\n<li><span style=\"font-size:small;\">Se establecieron <\/span><span style=\"color:#800000;\"><span style=\"font-size:small;\"><i><b>servicios de m\u00fasica<\/b><\/i><\/span><\/span><span style=\"font-size:small;\"> en Campillo y Condemios de Abajo. <img loading=\"lazy\" decoding=\"async\" class=\"alignright size-medium wp-image-18840\" src=\"https:\/\/blog.sierranortedeguadalajara.com\/wp-content\/uploads\/2023\/02\/170522-mision-pedagogica-2.jpg\" alt=\"\" width=\"300\" height=\"183\" \/><\/span><\/li>\n<li><span style=\"font-size:small;\">Hubo <\/span><span style=\"color:#800000;\"><span style=\"font-size:small;\"><i><b>proyecciones<\/b><\/i><\/span><\/span><span style=\"font-size:small;\"> en Condemios de Abajo <\/span><span style=\"font-size:small;\"><i>(23 mayo)<\/i><\/span><span style=\"font-size:small;\">, Galve de Sorbe <\/span><span style=\"font-size:small;\"><i>(24)<\/i><\/span><span style=\"font-size:small;\">, Cantalojas <\/span><span style=\"font-size:small;\"><i>(25 y 26)<\/i><\/span><span style=\"font-size:small;\">, Campillo de Ranas <\/span><span style=\"font-size:small;\"><i>(29<\/i><\/span><span style=\"font-size:small;\">) y Colmenar de la Sierra <\/span><span style=\"font-size:small;\"><i>(30)<\/i><\/span><span style=\"font-size:small;\">.<\/span><\/li>\n<li><span style=\"font-size:small;\">Se organizaron bibliotecas en<\/span><span style=\"color:#800000;\"><span style=\"font-size:small;\"><b> Cantalojas y Valverde de los Arroyos<\/b><\/span><\/span><\/li>\n<\/ul>\n<p><span style=\"font-size:small;\">El profesor Criado fotografi\u00f3 a los <\/span><span style=\"font-size:small;color:#800000;\"><b>danzantes de Valverde de los Arroyos <\/b><\/span><span style=\"font-size:small;\"><i>(que bailaron en honor de las misiones)<\/i><\/span><span style=\"font-size:small;\"> y recopil\u00f3 algunas fotos antiguas, que constituyen un peque\u00f1os tesoro. Todav\u00eda <\/span><span style=\"font-size:small;\"><a href=\"https:\/\/www.facebook.com\/VALVERDE-DE-LOS-ARROYOS-390221326114\/\"><i><b>se recuerda <\/b><\/i><\/a><\/span><span style=\"font-size:small;\">que subieron al Ocej\u00f3n y que escucharon con fervor los <strong><span style=\"color:#800000;\">romances de la Condesira<\/span><\/strong> y <\/span><span style=\"font-size:small;\"><a href=\"https:\/\/blog.laveredadepuebla.com\/2017\/05\/17\/el-romance-de-la-loba-parda\/\"><i><b>la Loba Parda, <\/b><\/i><\/a><\/span><span style=\"font-size:small;\"> recitados por dos vecinos.<\/span><\/p>\n<p align=\"JUSTIFY\"><i><b>Lar-ami<\/b><\/i><\/p>\n","protected":false},"excerpt":{"rendered":"<p>Ya hablamos de las Misiones Pedag\u00f3gicas, de la primera que recorri\u00f3 la Sierra Norte\u00a0 en 1.932, y nos hicimos eco de las otras dos en a\u00f1os posteriores. Un art\u00edculo en Nueva Alcarria (28 abril) del maestro Tom\u00e1s Gismera nos da detalles de la misi\u00f3n, que tuvo lugar del 24 mayo al 1 junio de 1.933: &hellip; <\/p>\n<p class=\"link-more\"><a href=\"https:\/\/blog.sierranortedeguadalajara.com\/?p=18839\" class=\"more-link\">Seguir leyendo<span class=\"screen-reader-text\"> \u00abLa segunda Misi\u00f3n Pedag\u00f3gica a la Sierra Norte\u00bb<\/span><\/a><\/p>\n","protected":false},"author":1,"featured_media":0,"comment_status":"open","ping_status":"open","sticky":false,"template":"","format":"standard","meta":{"footnotes":""},"categories":[12,6],"tags":[2,100,4,5,7,10,19],"class_list":["post-18839","post","type-post","status-publish","format-standard","hentry","category-actualidad","category-mundo-rural","tag-actualidad","tag-costumbres-y-tradiciones","tag-cultura","tag-historia","tag-naturaleza","tag-sierra-norte","tag-siglo-xx","entry"],"_links":{"self":[{"href":"https:\/\/blog.sierranortedeguadalajara.com\/index.php?rest_route=\/wp\/v2\/posts\/18839","targetHints":{"allow":["GET"]}}],"collection":[{"href":"https:\/\/blog.sierranortedeguadalajara.com\/index.php?rest_route=\/wp\/v2\/posts"}],"about":[{"href":"https:\/\/blog.sierranortedeguadalajara.com\/index.php?rest_route=\/wp\/v2\/types\/post"}],"author":[{"embeddable":true,"href":"https:\/\/blog.sierranortedeguadalajara.com\/index.php?rest_route=\/wp\/v2\/users\/1"}],"replies":[{"embeddable":true,"href":"https:\/\/blog.sierranortedeguadalajara.com\/index.php?rest_route=%2Fwp%2Fv2%2Fcomments&post=18839"}],"version-history":[{"count":1,"href":"https:\/\/blog.sierranortedeguadalajara.com\/index.php?rest_route=\/wp\/v2\/posts\/18839\/revisions"}],"predecessor-version":[{"id":26572,"href":"https:\/\/blog.sierranortedeguadalajara.com\/index.php?rest_route=\/wp\/v2\/posts\/18839\/revisions\/26572"}],"wp:attachment":[{"href":"https:\/\/blog.sierranortedeguadalajara.com\/index.php?rest_route=%2Fwp%2Fv2%2Fmedia&parent=18839"}],"wp:term":[{"taxonomy":"category","embeddable":true,"href":"https:\/\/blog.sierranortedeguadalajara.com\/index.php?rest_route=%2Fwp%2Fv2%2Fcategories&post=18839"},{"taxonomy":"post_tag","embeddable":true,"href":"https:\/\/blog.sierranortedeguadalajara.com\/index.php?rest_route=%2Fwp%2Fv2%2Ftags&post=18839"}],"curies":[{"name":"wp","href":"https:\/\/api.w.org\/{rel}","templated":true}]}}