{"id":18832,"date":"2017-05-19T00:05:06","date_gmt":"2017-05-18T22:05:06","guid":{"rendered":"http:\/\/blog.laveredadepuebla.com\/?p=18832"},"modified":"2023-02-10T12:13:03","modified_gmt":"2023-02-10T12:13:03","slug":"el-beleno-y-el-vuelo-de-las-brujas","status":"publish","type":"post","link":"https:\/\/blog.sierranortedeguadalajara.com\/?p=18832","title":{"rendered":"El bele\u00f1o y el vuelo de las brujas"},"content":{"rendered":"<p align=\"JUSTIFY\"><span style=\"font-size:small;\">Una planta tan importante en la Edad Media que dio nombre a un lugar de la <\/span><span style=\"font-size:small;\"><i><b><a href=\"https:\/\/blog.laveredadepuebla.com\/2016\/05\/10\/el-mapa-de-la-sierra-norte\/\">Sierra Norte<\/a> (<a href=\"http:\/\/www.laveredadepuebla.com\/rutasypueblos\/visitabelena.pdf\">Bele\u00f1a<\/a>, <\/b><\/i><\/span><span style=\"font-size:small;\"><i>campo de bele\u00f1os<\/i><\/span><span style=\"font-size:small;\">)<\/span><span style=\"font-size:small;\"> y posteriormente a un Se\u00f1or\u00edo<\/span><span style=\"color:#000000;\"><span style=\"font-size:small;\"><i><b> (<a href=\"https:\/\/blog.laveredadepuebla.com\/2013\/06\/24\/apuntes-sobre-el-senorio-de-belena\/\">Se\u00f1or\u00edo de Bele\u00f1a)<\/a><\/b><\/i><\/span><\/span><span style=\"color:#000000;\"><span style=\"font-size:small;\"><i>,<\/i><\/span><\/span><span style=\"font-size:small;\"> bien merece que le dediquemos unas l\u00edneas.<\/span><\/p>\n<p align=\"JUSTIFY\"><span style=\"font-size:small;\"><a href=\"http:\/\/www.internatura.org\/guias\/plantas\/belenyo.html\"><i><b>El bele\u00f1o <\/b><\/i><\/a><\/span><span style=\"font-size:small;\">es <span style=\"color:#800000;\"><strong>venenoso <\/strong><\/span><\/span><span style=\"font-size:small;\"><i>(est\u00e1 en el cat\u00e1logo de plantas t\u00f3xicas),<\/i><strong><span style=\"color:#800000;\"> m\u00e1gico <\/span><\/strong><i>(tiene forma humana y, seg\u00fan la leyenda, grita al ser arrancada hasta hacer enloquecer al sujeto; por eso amarraban un perro al tallo antes de hacerlo)<\/i><\/span><span style=\"font-size:small;\"> y <strong><span style=\"color:#800000;\">alucin\u00f3geno<\/span><\/strong>&#8230; sobre todo para las brujas.<\/span>\u00a0<span style=\"font-size:small;\"> Una cita del siglo XV <\/span><span style=\"font-size:small;\"><i>(recogida por <\/i><\/span><span style=\"font-size:small;\"><a href=\"http:\/\/www.escohotado.com\/historiageneraldelasdrogas.asp\"><i><b>D. Antonio Escohotado<\/b><\/i><\/a><\/span><span style=\"font-size:small;\">) afirma que <\/span><span style=\"color:#800000;font-size:small;\"><i><b>\u201del vulgo cree y las brujas confiesan que en ciertos d\u00eda untan un palo y lo montan para llegar a un lugar, o bien se untan ellas mismas bajo los brazos y en otros lugares donde crece vello y a veces llevan amuletos entre el cabello\u201d.<\/b><\/i><\/span><\/p>\n<p><img loading=\"lazy\" decoding=\"async\" class=\"alignright wp-image-18833 size-medium\" src=\"https:\/\/blog.sierranortedeguadalajara.com\/wp-content\/uploads\/2023\/02\/170522-bruja.jpg\" alt=\"\" width=\"300\" height=\"184\" \/><\/p>\n<p align=\"JUSTIFY\"><span style=\"font-size:small;\">La tradici\u00f3n del mundo rural cuenta que las brujas volaban; untaban su cuerpo con el jugo del bele\u00f1o y creaban la sensaci\u00f3n de volar <\/span><span style=\"font-size:small;\"><i>(en las brujas)<\/i><\/span><span style=\"font-size:small;\"> y de que levitaban <\/span><span style=\"font-size:small;\"><i>(as\u00ed la ve\u00edan los asistentes). <\/i>Una raz\u00f3n m\u00e1s para<i> <\/i><\/span><span style=\"font-size:small;\">que fueran perseguidas por la Inquisici\u00f3n hasta el siglo XIX. <\/span><\/p>\n<p align=\"JUSTIFY\"><span style=\"font-size:small;\">Pero el aut\u00e9ntico vuelo se produc\u00eda cuando untaban el palo de una escoba con el jugo del bele\u00f1o <\/span><span style=\"font-size:small;\"><i>(que obten\u00edan machacando la planta) <\/i><\/span><span style=\"font-size:small;\">y se lo introduc\u00edan por la vagina, frot\u00e1ndose repetidas veces. As\u00ed consegu\u00edan <\/span><span style=\"color:#800000;\"><span style=\"font-size:small;\"><i><b>orgasmos m\u00faltiples y prolongados, que les hac\u00edan sentir que volaba<\/b><\/i><\/span><span style=\"font-size:small;\">n \u2026 <\/span><\/span><span style=\"color:#7e0021;\"><span style=\"font-size:small;\"><i><b><span style=\"color:#800000;\">a lomos del palo de una escoba.<\/span> <\/b><\/i><\/span><\/span><\/p>\n<p align=\"JUSTIFY\"><i><b>Lar-ami<\/b><\/i><\/p>\n","protected":false},"excerpt":{"rendered":"<p>Una planta tan importante en la Edad Media que dio nombre a un lugar de la Sierra Norte (Bele\u00f1a, campo de bele\u00f1os) y posteriormente a un Se\u00f1or\u00edo (Se\u00f1or\u00edo de Bele\u00f1a), bien merece que le dediquemos unas l\u00edneas. El bele\u00f1o es venenoso (est\u00e1 en el cat\u00e1logo de plantas t\u00f3xicas), m\u00e1gico (tiene forma humana y, seg\u00fan la &hellip; <\/p>\n<p class=\"link-more\"><a href=\"https:\/\/blog.sierranortedeguadalajara.com\/?p=18832\" class=\"more-link\">Seguir leyendo<span class=\"screen-reader-text\"> \u00abEl bele\u00f1o y el vuelo de las brujas\u00bb<\/span><\/a><\/p>\n","protected":false},"author":1,"featured_media":0,"comment_status":"open","ping_status":"open","sticky":false,"template":"","format":"standard","meta":{"footnotes":""},"categories":[3,6],"tags":[2,47,4,5,62,7,10],"class_list":["post-18832","post","type-post","status-publish","format-standard","hentry","category-costumbres-y-tradiciones","category-mundo-rural","tag-actualidad","tag-belena","tag-cultura","tag-historia","tag-leyenda","tag-naturaleza","tag-sierra-norte","entry"],"_links":{"self":[{"href":"https:\/\/blog.sierranortedeguadalajara.com\/index.php?rest_route=\/wp\/v2\/posts\/18832","targetHints":{"allow":["GET"]}}],"collection":[{"href":"https:\/\/blog.sierranortedeguadalajara.com\/index.php?rest_route=\/wp\/v2\/posts"}],"about":[{"href":"https:\/\/blog.sierranortedeguadalajara.com\/index.php?rest_route=\/wp\/v2\/types\/post"}],"author":[{"embeddable":true,"href":"https:\/\/blog.sierranortedeguadalajara.com\/index.php?rest_route=\/wp\/v2\/users\/1"}],"replies":[{"embeddable":true,"href":"https:\/\/blog.sierranortedeguadalajara.com\/index.php?rest_route=%2Fwp%2Fv2%2Fcomments&post=18832"}],"version-history":[{"count":1,"href":"https:\/\/blog.sierranortedeguadalajara.com\/index.php?rest_route=\/wp\/v2\/posts\/18832\/revisions"}],"predecessor-version":[{"id":26579,"href":"https:\/\/blog.sierranortedeguadalajara.com\/index.php?rest_route=\/wp\/v2\/posts\/18832\/revisions\/26579"}],"wp:attachment":[{"href":"https:\/\/blog.sierranortedeguadalajara.com\/index.php?rest_route=%2Fwp%2Fv2%2Fmedia&parent=18832"}],"wp:term":[{"taxonomy":"category","embeddable":true,"href":"https:\/\/blog.sierranortedeguadalajara.com\/index.php?rest_route=%2Fwp%2Fv2%2Fcategories&post=18832"},{"taxonomy":"post_tag","embeddable":true,"href":"https:\/\/blog.sierranortedeguadalajara.com\/index.php?rest_route=%2Fwp%2Fv2%2Ftags&post=18832"}],"curies":[{"name":"wp","href":"https:\/\/api.w.org\/{rel}","templated":true}]}}