{"id":18742,"date":"2017-04-12T00:05:00","date_gmt":"2017-04-11T22:05:00","guid":{"rendered":"http:\/\/blog.laveredadepuebla.com\/?p=18742"},"modified":"2023-02-10T12:13:04","modified_gmt":"2023-02-10T12:13:04","slug":"lecturas-serranas-para-semana-santa","status":"publish","type":"post","link":"https:\/\/blog.sierranortedeguadalajara.com\/?p=18742","title":{"rendered":"Lecturas serranas para Semana Santa"},"content":{"rendered":"<p><span style=\"font-size:small;\">A los que vienen esta Semana Santa, a quienes vendr\u00e1n en breve y a los amigos de la<i><b><a href=\"https:\/\/blog.laveredadepuebla.com\/2016\/05\/10\/el-mapa-de-la-sierra-norte\/\"> Sierra Norte<\/a><\/b><\/i> les proponemos que se ambienten con estas leyendas serranas:<\/span><\/p>\n<ul>\n<li><span style=\"font-size:small;\">La <a href=\"http:\/\/www.bibliotecaspublicas.es\/guadalajara\/imagenes\/contenido_16949.pdf\"><i><b>fuente de la Mierla,<\/b><\/i><\/a> con el Marqu\u00e9s de Santillana<\/span><\/li>\n<li><span style=\"font-size:small;\">Sobre <a href=\"https:\/\/blog.laveredadepuebla.com\/2009\/09\/14\/del-castillo-de-dona-urraca\/\"><i><b>Bele\u00f1a de Sorbe<\/b><\/i><\/a>, <a href=\"https:\/\/blog.laveredadepuebla.com\/2009\/09\/16\/del-castillo-de-dona-urraca-ii\/\"><i><b>su castillo<\/b><\/i> y <i><b>su reina<\/b><\/i><\/a><\/span><\/li>\n<li><span style=\"font-size:small;\">El <a href=\"https:\/\/blog.laveredadepuebla.com\/2016\/10\/14\/la-leyenda-del-bandolero-santamera\/\"><i><b>bandolero Santamera<\/b><\/i><\/a><\/span><\/li>\n<li><span style=\"font-size:small;\"><i><b>L<a href=\"https:\/\/blog.laveredadepuebla.com\/2016\/08\/05\/leyendas-de-rios-en-la-sierra-norte\/\">eyendas de r\u00edos<\/a><\/b><\/i> (<i>la<b> <a href=\"https:\/\/blog.laveredadepuebla.com\/2010\/01\/08\/la-serpiente-del-hocino\/\">serpiente del Hocino<\/a><\/b><\/i>,<a href=\"https:\/\/blog.laveredadepuebla.com\/2011\/08\/11\/las-lagrimas-de-una-reina\/\"><i><b> l\u00e1grimas de una reina<\/b><\/i><\/a>)<img loading=\"lazy\" decoding=\"async\" class=\"alignright size-medium wp-image-18744\" src=\"https:\/\/blog.sierranortedeguadalajara.com\/wp-content\/uploads\/2023\/02\/170412-lecturas-serranas.jpg\" alt=\"\" width=\"292\" height=\"300\" \/><\/span><\/li>\n<li><span style=\"font-size:small;\">Del <strong><span style=\"color:#800000;\">Monasterio de Bonaval<\/span><\/strong>, <a href=\"https:\/\/blog.laveredadepuebla.com\/2013\/06\/13\/la-leyenda-del-reloj-de-bonaval\/\"><i><b>leyenda del reloj<\/b><\/i> <\/a>y<a href=\"https:\/\/blog.laveredadepuebla.com\/2013\/11\/28\/el-tesoro-de-bonaval-leyenda\/\"><i><b> del tesoro<\/b><\/i><\/a><\/span><\/li>\n<li><span style=\"font-size:small;\"><a href=\"https:\/\/blog.laveredadepuebla.com\/2009\/09\/04\/la-leyenda-del-anima\/\"><i><b>El \u00e1nima <\/b><\/i><\/a>de <strong><span style=\"color:#800000;\">Puebla de Valles<\/span><\/strong><i><b><br \/>\n<\/b><\/i><\/span><\/li>\n<li><a href=\"https:\/\/blog.laveredadepuebla.com\/2012\/01\/19\/otra-leyenda-de-canrayao\/\"><span style=\"font-size:small;\"><i><b>Canrayao<\/b><\/i><\/span><\/a><\/li>\n<li><span style=\"font-size:small;\"><a href=\"https:\/\/blog.laveredadepuebla.com\/2016\/08\/16\/__trashed\/\"><i><b>Leyendas del Altorey<\/b><\/i><\/a>, <i><b><a href=\"https:\/\/blog.laveredadepuebla.com\/2016\/08\/29\/leyendas-de-la-sierra-del-altorey\/\">sierra<\/a>, <a href=\"https:\/\/blog.laveredadepuebla.com\/2016\/08\/24\/mas-leyendas-de-la-ermita-del-altorey\/\">ermita<\/a> <\/b>y<b> <a href=\"https:\/\/blog.laveredadepuebla.com\/2016\/08\/19\/las-lagrimas-de-la-mora-del-altorey\/\">mora<\/a><\/b><\/i><\/span><\/li>\n<\/ul>\n<p><span style=\"font-size:small;\">Esta es una selecci\u00f3n de<strong><span style=\"color:#800000;\"> 15 leyendas<\/span><\/strong>, elegidas a vuela pluma, pero hay otras muchas <\/span><span style=\"font-size:small;\"><i>(hemos sumado m\u00e1s de 100)<\/i><\/span><span style=\"font-size:small;\">. Alg\u00fan d\u00eda ver\u00e1n la luz en forma de libro.<span style=\"color:#800000;\"><strong> \u00a1Que las disfruten!<\/strong> <\/span><\/span><\/p>\n<p><span style=\"font-size:small;\"><i><b>Lar-ami<\/b><\/i><\/span><\/p>\n","protected":false},"excerpt":{"rendered":"<p>A los que vienen esta Semana Santa, a quienes vendr\u00e1n en breve y a los amigos de la Sierra Norte les proponemos que se ambienten con estas leyendas serranas: La fuente de la Mierla, con el Marqu\u00e9s de Santillana Sobre Bele\u00f1a de Sorbe, su castillo y su reina El bandolero Santamera Leyendas de r\u00edos (la &hellip; <\/p>\n<p class=\"link-more\"><a href=\"https:\/\/blog.sierranortedeguadalajara.com\/?p=18742\" class=\"more-link\">Seguir leyendo<span class=\"screen-reader-text\"> \u00abLecturas serranas para Semana Santa\u00bb<\/span><\/a><\/p>\n","protected":false},"author":1,"featured_media":0,"comment_status":"open","ping_status":"open","sticky":false,"template":"","format":"standard","meta":{"footnotes":""},"categories":[12,42,6,17],"tags":[2,47,24,4,5,25,7,8,10],"class_list":["post-18742","post","type-post","status-publish","format-standard","hentry","category-actualidad","category-fiestas-y-eventos","category-mundo-rural","category-paisajes-y-lugares-de-la-sierra-norte","tag-actualidad","tag-belena","tag-cuentos","tag-cultura","tag-historia","tag-leyendas","tag-naturaleza","tag-puebla-de-valles","tag-sierra-norte","entry"],"_links":{"self":[{"href":"https:\/\/blog.sierranortedeguadalajara.com\/index.php?rest_route=\/wp\/v2\/posts\/18742","targetHints":{"allow":["GET"]}}],"collection":[{"href":"https:\/\/blog.sierranortedeguadalajara.com\/index.php?rest_route=\/wp\/v2\/posts"}],"about":[{"href":"https:\/\/blog.sierranortedeguadalajara.com\/index.php?rest_route=\/wp\/v2\/types\/post"}],"author":[{"embeddable":true,"href":"https:\/\/blog.sierranortedeguadalajara.com\/index.php?rest_route=\/wp\/v2\/users\/1"}],"replies":[{"embeddable":true,"href":"https:\/\/blog.sierranortedeguadalajara.com\/index.php?rest_route=%2Fwp%2Fv2%2Fcomments&post=18742"}],"version-history":[{"count":1,"href":"https:\/\/blog.sierranortedeguadalajara.com\/index.php?rest_route=\/wp\/v2\/posts\/18742\/revisions"}],"predecessor-version":[{"id":26617,"href":"https:\/\/blog.sierranortedeguadalajara.com\/index.php?rest_route=\/wp\/v2\/posts\/18742\/revisions\/26617"}],"wp:attachment":[{"href":"https:\/\/blog.sierranortedeguadalajara.com\/index.php?rest_route=%2Fwp%2Fv2%2Fmedia&parent=18742"}],"wp:term":[{"taxonomy":"category","embeddable":true,"href":"https:\/\/blog.sierranortedeguadalajara.com\/index.php?rest_route=%2Fwp%2Fv2%2Fcategories&post=18742"},{"taxonomy":"post_tag","embeddable":true,"href":"https:\/\/blog.sierranortedeguadalajara.com\/index.php?rest_route=%2Fwp%2Fv2%2Ftags&post=18742"}],"curies":[{"name":"wp","href":"https:\/\/api.w.org\/{rel}","templated":true}]}}