{"id":18691,"date":"2017-03-31T00:05:54","date_gmt":"2017-03-30T23:05:54","guid":{"rendered":"http:\/\/blog.laveredadepuebla.com\/?p=18691"},"modified":"2023-02-10T12:13:04","modified_gmt":"2023-02-10T12:13:04","slug":"abril-y-sus-fiestas-en-la-sierra-norte-de-guadalajara","status":"publish","type":"post","link":"https:\/\/blog.sierranortedeguadalajara.com\/?p=18691","title":{"rendered":"Abril y sus fiestas en la Sierra Norte de Guadalajara"},"content":{"rendered":"<p><span style=\"font-size:small;\">Este a\u00f1o el mes de abril en la <\/span><a href=\"https:\/\/blog.laveredadepuebla.com\/2016\/05\/10\/el-mapa-de-la-sierra-norte\/\"><span style=\"font-size:small;\"><i><b>Sierra Norte<\/b><\/i><\/span><\/a><span style=\"font-size:small;\"> viene marcado por la Semana Santa y porque el \u00faltimo fin de semana coincide con el comienzo del puente de mayo <\/span><span style=\"font-size:small;\"><i><b><a href=\"https:\/\/blog.laveredadepuebla.com\/2010\/04\/28\/la-fiesta-de-los%C2%A0mayos\/\">(Los Mayos)<\/a>. <\/b><\/i><\/span><span style=\"font-size:small;\">Tambi\u00e9n han aparecido nuevas manifestaciones festivas <\/span><span style=\"font-size:small;\"><i>(ya con cierta tradici\u00f3n)<\/i><\/span><span style=\"font-size:small;\"> y se han recuperado otras.<\/span><\/p>\n<p><span style=\"font-size:small;\">Aunque la despoblaci\u00f3n ha hecho que se pierdan <strong>ritos ancestrales<\/strong> <\/span><span style=\"color:#800000;\"><span style=\"font-size:small;\">(<\/span><\/span><span style=\"color:#800000;\"><span style=\"font-size:small;\"><i>las ramas, <\/i><\/span><\/span><span style=\"color:#800000;\"><span style=\"font-size:small;\"><i>la tra\u00edda de im\u00e1genes a la parroquia<\/i><\/span><\/span><span style=\"color:#800000;\"><span style=\"font-size:small;\"><i>, <\/i><\/span><\/span><span style=\"color:#000000;\"><span style=\"font-size:small;\"><i><b><a href=\"https:\/\/blog.laveredadepuebla.com\/2010\/03\/28\/el-monumento-del-jueves-santo\/\">el Monumento<\/a>,<\/b><\/i><\/span><\/span><i> <\/i><a href=\"https:\/\/blog.laveredadepuebla.com\/2016\/03\/17\/asi-era-la-semana-santa-en-la-sierra-norte\/\"><span style=\"color:#000000;\"><span style=\"font-size:small;\"><i><b>Via Crucis alrededor de la iglesia<\/b><\/i><\/span><\/span><span style=\"color:#800000;\"><span style=\"font-size:small;\"><i>, <\/i><\/span><\/span><\/a><span style=\"color:#000000;\"><span style=\"font-size:small;\"><i><b><a href=\"https:\/\/blog.laveredadepuebla.com\/2010\/03\/29\/oficio-de-tinieblas\/\">el oficio de tiniebla<\/a>s,<\/b><\/i><\/span><\/span><span style=\"color:#800000;\"><span style=\"font-size:small;\"><i> la procesi\u00f3n del silencio, \u2026)<\/i><\/span><\/span><span style=\"font-size:small;\"><i>,<\/i><\/span><span style=\"font-size:small;\"> otros a\u00fan se conservan. <\/span><i> <\/i><span style=\"font-size:small;\">De los que a\u00fan no hemos hablado lo haremos en estos d\u00edas; es <\/span><i> <\/i><span style=\"font-size:small;\">obligaci\u00f3n de todos los serranos preservarlos para las futuras generaciones.<\/span><\/p>\n<ul>\n<li><span style=\"font-size:small;\"><b>Dia 7: <\/b><\/span><span style=\"font-size:small;\">procesi\u00f3n y<\/span><span style=\"color:#800000;\"><span style=\"font-size:small;\"><i><b> rosario de Los Faroles <\/b><\/i><\/span><\/span><span style=\"font-size:small;\">en Atienza<img loading=\"lazy\" decoding=\"async\" class=\"alignright size-medium wp-image-18696\" src=\"https:\/\/blog.sierranortedeguadalajara.com\/wp-content\/uploads\/2023\/02\/170331-cancionero-castilla.jpg\" alt=\"\" width=\"212\" height=\"300\" \/><\/span><\/li>\n<li><b>8: <\/b><span style=\"color:#800000;\"><span style=\"font-size:small;\"><i><b>Mercadillo del Trueque <\/b><\/i><\/span><\/span>en Majaelrayo<\/li>\n<li><span style=\"font-size:small;\"><b>8: <\/b><\/span><span style=\"color:#800000;\"><span style=\"font-size:small;\"><i><b>Cancionero de Castilla <\/b><\/i><\/span><\/span><span style=\"font-size:small;\">en la Plazuela de la c\u00e1rcel de Sig\u00fcenza<\/span><\/li>\n<li><span style=\"font-size:small;\"><b>13: <\/b><\/span><span style=\"font-size:small;\">Oficios del Jueves Santo en<\/span> <span style=\"color:#800000;\"><span style=\"color:#800000;\"><span style=\"font-size:small;\"><b>Atienza<\/b><\/span><\/span><\/span><\/li>\n<li><span style=\"font-size:small;\"><b>14: <\/b><\/span><a href=\"http:\/\/www.youtube.com\/watch?v=CsR3nCcqRdE\"><span style=\"font-size:small;\"><span style=\"font-size:small;\"><i><b>Pasi\u00f3n viviente de Hiendelaencina<\/b><\/i><\/span><\/span><\/a><\/li>\n<li><span style=\"font-size:small;\"><b>14:<\/b><\/span><span style=\"font-size:small;\"> Procesi\u00f3n de los toreros en <\/span><span style=\"color:#800000;\"><span style=\"font-size:small;\"><b>Arbanc\u00f3n<\/b><\/span><\/span><\/li>\n<li><span style=\"font-size:small;\"><b>14:<\/b><\/span><span style=\"font-size:small;\"> Via Crucis y Procesi\u00f3n del Entierro en <\/span><span style=\"color:#800000;\"><span style=\"font-size:small;\"><b>Atienza<\/b><\/span><\/span><\/li>\n<li><strong>14<\/strong>: Procesi\u00f3n matinal en <a href=\"http:\/\/www.ciudadsegontia.com\/semsanta.html\"><span style=\"color:#000000;\"><span style=\"font-size:small;\"><i><b>Sig\u00fcenza<\/b><\/i><\/span><\/span><\/a><\/li>\n<li><strong>14<\/strong>: <span style=\"color:#800000;\"><span style=\"font-size:small;\"><i><b>Procesi\u00f3n de los armaos <\/b><\/i><\/span><\/span><span style=\"color:#000000;\"><span style=\"font-size:small;\">en Sig\u00fcenza<\/span><\/span><\/li>\n<li><span style=\"font-size:small;\"><b>15: <\/b><\/span><span style=\"font-size:small;\"><i>Procesi\u00f3n del encuentro<\/i><\/span><span style=\"font-size:small;\"> en Atienza y <a href=\"https:\/\/www.youtube.com\/watch?v=CsR3nCcqRdE;\"><strong><em>Puebla de Valles<img loading=\"lazy\" decoding=\"async\" class=\"alignright wp-image-18692\" src=\"https:\/\/blog.sierranortedeguadalajara.com\/wp-content\/uploads\/2023\/02\/170331-medieval-tamajon.jpg\" alt=\"\" width=\"170\" height=\"240\" \/><\/em><\/strong><\/a><\/span><\/li>\n<li><span style=\"font-size:small;\"><b>15: <\/b><\/span><span style=\"font-size:small;\">Manteo, coplas y quema del pelele en <\/span><span style=\"color:#800000;\"><span style=\"font-size:small;\"><b>Cogolludo<\/b><\/span><\/span><\/li>\n<li><span style=\"font-size:small;\"><b>15: <\/b><\/span><span style=\"font-size:small;\">Quema del judas en <\/span><span style=\"color:#800000;\"><span style=\"font-size:small;\"><b>Valverde de los Arroyos, Boc\u00edgano y Zarzuela de Jadraque<\/b><\/span><\/span><\/li>\n<li><span style=\"font-size:small;\"><b>25: <\/b><\/span><span style=\"font-size:small;\">Fiesta de la Virgen de la Magdalena en<\/span><b> <\/b><span style=\"color:#800000;\"><span style=\"font-size:small;\"><b>Villares de Jadraque<\/b><\/span><\/span><\/li>\n<li><strong>29-30<\/strong>: <span style=\"color:#800000;\"><span style=\"color:#800000;\"><span style=\"font-size:small;\"><i><b>Mercado medieval de Tamaj\u00f3n<\/b><\/i><\/span><\/span><\/span><\/li>\n<li><span style=\"font-size:small;\"><b>30: <\/b><\/span><span style=\"font-size:small;\">Planta del mayo en <\/span><span style=\"color:#800000;\"><span style=\"font-size:small;\"><b>Cogolludo<\/b><\/span><\/span><\/li>\n<\/ul>\n<p>\u2026 <span style=\"font-size:small;\">adem\u00e1s de naturaleza, historia, tradici\u00f3n, cultura, gastronom\u00eda, actividades,\u2026 Ven y entender\u00e1s por qu\u00e9 la<\/span><a href=\"http:\/\/www.sierranortedeguadalajara.com\"><span style=\"font-size:small;\"><i><b> Sierra Norte es un para\u00edso a tu alcance.<\/b><\/i><\/span><\/a><\/p>\n<p align=\"JUSTIFY\"><span style=\"font-size:small;\"><i><b>Lar-ami<\/b><\/i><\/span><\/p>\n","protected":false},"excerpt":{"rendered":"<p>Este a\u00f1o el mes de abril en la Sierra Norte viene marcado por la Semana Santa y porque el \u00faltimo fin de semana coincide con el comienzo del puente de mayo (Los Mayos). Tambi\u00e9n han aparecido nuevas manifestaciones festivas (ya con cierta tradici\u00f3n) y se han recuperado otras. Aunque la despoblaci\u00f3n ha hecho que se &hellip; <\/p>\n<p class=\"link-more\"><a href=\"https:\/\/blog.sierranortedeguadalajara.com\/?p=18691\" class=\"more-link\">Seguir leyendo<span class=\"screen-reader-text\"> \u00abAbril y sus fiestas en la Sierra Norte de Guadalajara\u00bb<\/span><\/a><\/p>\n","protected":false},"author":1,"featured_media":0,"comment_status":"open","ping_status":"open","sticky":false,"template":"","format":"standard","meta":{"footnotes":""},"categories":[12],"tags":[2,100,4,115,5,8,10,21],"class_list":["post-18691","post","type-post","status-publish","format-standard","hentry","category-actualidad","tag-actualidad","tag-costumbres-y-tradiciones","tag-cultura","tag-fiestas-y-eventos","tag-historia","tag-puebla-de-valles","tag-sierra-norte","tag-tamajon","entry"],"_links":{"self":[{"href":"https:\/\/blog.sierranortedeguadalajara.com\/index.php?rest_route=\/wp\/v2\/posts\/18691","targetHints":{"allow":["GET"]}}],"collection":[{"href":"https:\/\/blog.sierranortedeguadalajara.com\/index.php?rest_route=\/wp\/v2\/posts"}],"about":[{"href":"https:\/\/blog.sierranortedeguadalajara.com\/index.php?rest_route=\/wp\/v2\/types\/post"}],"author":[{"embeddable":true,"href":"https:\/\/blog.sierranortedeguadalajara.com\/index.php?rest_route=\/wp\/v2\/users\/1"}],"replies":[{"embeddable":true,"href":"https:\/\/blog.sierranortedeguadalajara.com\/index.php?rest_route=%2Fwp%2Fv2%2Fcomments&post=18691"}],"version-history":[{"count":1,"href":"https:\/\/blog.sierranortedeguadalajara.com\/index.php?rest_route=\/wp\/v2\/posts\/18691\/revisions"}],"predecessor-version":[{"id":26632,"href":"https:\/\/blog.sierranortedeguadalajara.com\/index.php?rest_route=\/wp\/v2\/posts\/18691\/revisions\/26632"}],"wp:attachment":[{"href":"https:\/\/blog.sierranortedeguadalajara.com\/index.php?rest_route=%2Fwp%2Fv2%2Fmedia&parent=18691"}],"wp:term":[{"taxonomy":"category","embeddable":true,"href":"https:\/\/blog.sierranortedeguadalajara.com\/index.php?rest_route=%2Fwp%2Fv2%2Fcategories&post=18691"},{"taxonomy":"post_tag","embeddable":true,"href":"https:\/\/blog.sierranortedeguadalajara.com\/index.php?rest_route=%2Fwp%2Fv2%2Ftags&post=18691"}],"curies":[{"name":"wp","href":"https:\/\/api.w.org\/{rel}","templated":true}]}}