{"id":18679,"date":"2017-03-29T00:05:08","date_gmt":"2017-03-28T23:05:08","guid":{"rendered":"http:\/\/blog.laveredadepuebla.com\/?p=18679"},"modified":"2023-02-10T12:13:04","modified_gmt":"2023-02-10T12:13:04","slug":"el-cambio-climatico-en-la-sierra-norte-de-guadalajara","status":"publish","type":"post","link":"https:\/\/blog.sierranortedeguadalajara.com\/?p=18679","title":{"rendered":"El cambio clim\u00e1tico en la Sierra Norte de Guadalajara"},"content":{"rendered":"<p align=\"JUSTIFY\"><span style=\"font-size:small;\">Parece que nadie duda que el <\/span><span style=\"font-size:small;\"><i><b>cambio clim\u00e1tico <\/b><\/i><\/span><span style=\"font-size:small;\">est\u00e1 aqu\u00ed <\/span><span style=\"font-size:small;\"><i>(ni siquiera aquel primo, experto y sevillano&#8230; de no recuerdo quien). <\/i><\/span><span style=\"font-size:small;\">Disfrutamos de <\/span><span style=\"color:#cc0000;\"><span style=\"font-size:small;\"><b>d\u00edas de manga corta<\/b><\/span><\/span><i> <\/i><span style=\"font-size:small;\">precedidos y seguidos de <\/span><span style=\"color:#cc0000;\"><span style=\"font-size:small;\"><b>otros de intenso fr\u00edo<\/b><\/span><\/span><span style=\"font-size:small;\">. Como en el puente de San Jos\u00e9.<\/span><\/p>\n<p align=\"JUSTIFY\"><span style=\"font-size:small;\"><img loading=\"lazy\" decoding=\"async\" class=\"alignleft wp-image-18680\" src=\"https:\/\/blog.sierranortedeguadalajara.com\/wp-content\/uploads\/2023\/02\/cambio-cli-1.jpg\" alt=\"\" width=\"240\" height=\"180\" \/><img loading=\"lazy\" decoding=\"async\" class=\"alignright wp-image-18681\" src=\"https:\/\/blog.sierranortedeguadalajara.com\/wp-content\/uploads\/2023\/02\/cambio-cli-2.jpg\" alt=\"\" width=\"240\" height=\"180\" \/>Los serranos, que no somos tan expertos, detectamos ciertos s\u00edntomas en la naturaleza que nos indican que algo est\u00e1 cambiando en la <\/span><span style=\"font-size:small;\"><i><b>Sierra Norte:<\/b><\/i><\/span><\/p>\n<ul>\n<li><span style=\"font-size:small;\">Los p\u00e1jaros ya est\u00e1n cortejando a las hembras, sobre todo verdoncillos, mirlos, ruise\u00f1ores y jilgueros. Sus cantos llenan el aire.<\/span><\/li>\n<li><span style=\"font-size:small;\">El romero est\u00e1 en plena floraci\u00f3n<\/span><\/li>\n<li><span style=\"font-size:small;\">El picapino se afana en construir su nido <\/span><span style=\"color:#cc0000;\"><span style=\"font-size:small;\"><i>(no sol\u00eda empezar hasta abril<\/i><\/span><\/span><\/li>\n<li><span style=\"font-size:small;\">Las ovejas dejan parte de su lana por jaras y retamas, en un vano intento de aliviarse del calor<\/span><\/li>\n<li><span style=\"font-size:small;\">La luminosidad del d\u00eda <\/span><span style=\"color:#cc0000;\"><span style=\"font-size:small;\"><i>(primaveral a todas luces)<\/i><\/span><\/span><span style=\"font-size:small;\"> produce reflejos en el <\/span><span style=\"font-size:small;\"><i><b>Jarama,<\/b><\/i><\/span><span style=\"font-size:small;\"> \u00fan cuando alisos y fresnos a\u00fan no han despertado de su letargo.<\/span><\/li>\n<li><span style=\"font-size:small;\">Las puestas de sol recuerdan las del mes de mayo<\/span><\/li>\n<\/ul>\n<p align=\"JUSTIFY\"><span style=\"font-size:small;\"><img loading=\"lazy\" decoding=\"async\" class=\"alignleft wp-image-18682\" src=\"https:\/\/blog.sierranortedeguadalajara.com\/wp-content\/uploads\/2023\/02\/cambio-cli-4.jpg\" alt=\"\" width=\"240\" height=\"180\" \/><img loading=\"lazy\" decoding=\"async\" class=\"alignright wp-image-18683\" src=\"https:\/\/blog.sierranortedeguadalajara.com\/wp-content\/uploads\/2023\/02\/cambio-cli-3.jpg\" alt=\"\" width=\"240\" height=\"180\" \/>Quiz\u00e1s a los urbanitas esto no les digan nada, pero a los serranos estos <span style=\"color:#cc0000;\"><b>comentarios de la naturaleza<\/b><\/span> nos preocupan&#8230; porque no auguran una buena primavera.<\/span><\/p>\n<p align=\"JUSTIFY\"><i><b>Lar-ami<\/b><\/i><\/p>\n","protected":false},"excerpt":{"rendered":"<p>Parece que nadie duda que el cambio clim\u00e1tico est\u00e1 aqu\u00ed (ni siquiera aquel primo, experto y sevillano&#8230; de no recuerdo quien). Disfrutamos de d\u00edas de manga corta precedidos y seguidos de otros de intenso fr\u00edo. Como en el puente de San Jos\u00e9. Los serranos, que no somos tan expertos, detectamos ciertos s\u00edntomas en la naturaleza &hellip; <\/p>\n<p class=\"link-more\"><a href=\"https:\/\/blog.sierranortedeguadalajara.com\/?p=18679\" class=\"more-link\">Seguir leyendo<span class=\"screen-reader-text\"> \u00abEl cambio clim\u00e1tico en la Sierra Norte de Guadalajara\u00bb<\/span><\/a><\/p>\n","protected":false},"author":1,"featured_media":0,"comment_status":"open","ping_status":"open","sticky":false,"template":"","format":"standard","meta":{"footnotes":""},"categories":[12,3,6],"tags":[2,4,14,7,10],"class_list":["post-18679","post","type-post","status-publish","format-standard","hentry","category-actualidad","category-costumbres-y-tradiciones","category-mundo-rural","tag-actualidad","tag-cultura","tag-hijos-de-la-tierra","tag-naturaleza","tag-sierra-norte","entry"],"_links":{"self":[{"href":"https:\/\/blog.sierranortedeguadalajara.com\/index.php?rest_route=\/wp\/v2\/posts\/18679","targetHints":{"allow":["GET"]}}],"collection":[{"href":"https:\/\/blog.sierranortedeguadalajara.com\/index.php?rest_route=\/wp\/v2\/posts"}],"about":[{"href":"https:\/\/blog.sierranortedeguadalajara.com\/index.php?rest_route=\/wp\/v2\/types\/post"}],"author":[{"embeddable":true,"href":"https:\/\/blog.sierranortedeguadalajara.com\/index.php?rest_route=\/wp\/v2\/users\/1"}],"replies":[{"embeddable":true,"href":"https:\/\/blog.sierranortedeguadalajara.com\/index.php?rest_route=%2Fwp%2Fv2%2Fcomments&post=18679"}],"version-history":[{"count":1,"href":"https:\/\/blog.sierranortedeguadalajara.com\/index.php?rest_route=\/wp\/v2\/posts\/18679\/revisions"}],"predecessor-version":[{"id":26637,"href":"https:\/\/blog.sierranortedeguadalajara.com\/index.php?rest_route=\/wp\/v2\/posts\/18679\/revisions\/26637"}],"wp:attachment":[{"href":"https:\/\/blog.sierranortedeguadalajara.com\/index.php?rest_route=%2Fwp%2Fv2%2Fmedia&parent=18679"}],"wp:term":[{"taxonomy":"category","embeddable":true,"href":"https:\/\/blog.sierranortedeguadalajara.com\/index.php?rest_route=%2Fwp%2Fv2%2Fcategories&post=18679"},{"taxonomy":"post_tag","embeddable":true,"href":"https:\/\/blog.sierranortedeguadalajara.com\/index.php?rest_route=%2Fwp%2Fv2%2Ftags&post=18679"}],"curies":[{"name":"wp","href":"https:\/\/api.w.org\/{rel}","templated":true}]}}