{"id":18644,"date":"2017-03-15T00:05:27","date_gmt":"2017-03-14T23:05:27","guid":{"rendered":"http:\/\/blog.laveredadepuebla.com\/?p=18644"},"modified":"2023-02-10T12:13:04","modified_gmt":"2023-02-10T12:13:04","slug":"sierra-norte-de-guadalajara-tierra-de-oportunidades","status":"publish","type":"post","link":"https:\/\/blog.sierranortedeguadalajara.com\/?p=18644","title":{"rendered":"Sierra Norte de Guadalajara, tierra de oportunidades."},"content":{"rendered":"<p>La noche del pasado 12 de marzo, <a href=\"http:\/\/www.vanitatis.elconfidencial.com\/television\/audiencias\/2017-02-20\/audiencias-salvados-regresa-muy-fuerte-record-risto_1334840\/\"><strong><em>Jordi \u00c9vole<\/em><\/strong> <strong><em>mostraba a 2.700.000 espa\u00f1oles<\/em><\/strong><\/a> el grave problema de <a href=\"https:\/\/blog.laveredadepuebla.com\/2016\/03\/08\/mapa-interactivo-de-la-serrania-celtiberica\/\"><strong><em>la despoblaci\u00f3n<\/em><\/strong><\/a> del mundo rural en su programa <a href=\"http:\/\/www.atresplayer.com\/television\/programas\/salvados\/temporada-12\/capitulo-14-tierra-nadie_2017031100204.html\"><strong><em>\u201cSalvados\u201d<\/em><\/strong><\/a><strong><em>,<\/em><\/strong> <span style=\"color:#800000;\"><strong>Tierra de nadie<\/strong><\/span>, pero no presentaba soluciones. Quiz\u00e1s porque no hay un <span style=\"color:#800000;\"><strong><u>Compromiso de Estado<\/u><\/strong><\/span> para resolver el problema \u00f3 porque la soluci\u00f3n parece obvia: <strong><span style=\"color:#800000;\"><em>atraer y asentar gente joven en los pueblos. El c\u00f3mo conseguirlo ya es otra historia<\/em>.<\/span><\/strong><\/p>\n<p><img loading=\"lazy\" decoding=\"async\" class=\"alignright size-medium wp-image-18645\" src=\"https:\/\/blog.sierranortedeguadalajara.com\/wp-content\/uploads\/2023\/02\/170315-tierra-oportunidades.jpg\" alt=\"\" width=\"300\" height=\"300\" \/>Le falt\u00f3 decir que estas tierras despobladas <em>(y a menudo olvidadas<\/em>) son tambi\u00e9n <strong><em><span style=\"color:#800000;\">Tierras de oportunidades<\/span>.<\/em><\/strong> Al menos en la <strong><em><a href=\"http:\/\/www.atresplayer.com\/television\/programas\/salvados\/temporada-12\/capitulo-14-tierra-nadie_2017031100204.html\">Sierra Norte de Guadalajara<\/a>, <\/em><\/strong>donde hay m\u00faltiples ayudas para empresas, aut\u00f3nomos y emprendedores que deseen comenzar su actividad en nuestros pueblos.<\/p>\n<p>Entre ellas destaca la <span style=\"color:#800000;\"><strong><em>Medida 19-Leader <\/em><\/strong><\/span>del <strong>PDR <\/strong><em>(Plan de Desarrollo Rural)<\/em><strong> de Castilla La Mancha (2.014-2.020), <\/strong>que en nuestro territorio gestiona <strong><em><a href=\"http:\/\/www.atresplayer.com\/television\/programas\/salvados\/temporada-12\/capitulo-14-tierra-nadie_2017031100204.html\">Adel Sierra Norte<\/a>. <\/em><\/strong>En los pr\u00f3ximos d\u00edas la va a presentar en reuniones informativas, de acuerdo con el siguiente calendario:<\/p>\n<ul>\n<li>20 marzo (12 h.) en <strong>Hiendelaencina.<\/strong> Centro Social (C\/Santa Cecilia)<\/li>\n<li>20 marzo (17 h.) en <strong>Sig\u00fcenza<\/strong>, Centro Cultural El Torre\u00f3n<\/li>\n<li>22 marzo (12 h.) en <strong>Cogolludo<\/strong>, Sal\u00f3n de plenos del Ayuntamiento<\/li>\n<li>27 marzo (12 h.) en <strong>Jadraque<\/strong>, Centro Jubilados (C\/ Peaje 7)<\/li>\n<li>28 marzo (17 h.) en <strong>Tamaj\u00f3n,<\/strong> Sal\u00f3n de pleno del Ayuntamiento<\/li>\n<li>29 marzo (17 h.) en <strong>Galve de Sorbe<\/strong>, Sal\u00f3n de plenos del Ayuntamiento<\/li>\n<\/ul>\n<p>Si tienes un proyecto, una idea, un sue\u00f1o\u2026 y quieres venir a la<a href=\"https:\/\/blog.laveredadepuebla.com\/2011\/04\/01\/parque-natural-sierra-norte-de-guadalajara\/\"> <strong><em>Sierra Norte de Guadalajara<\/em><\/strong><\/a>, <span style=\"color:#800000;\"><strong>\u00a1esta puede ser tu oportunidad! \u00a0<\/strong>\u00a0<\/span><\/p>\n<p><strong><em>Lar-ami<\/em><\/strong><\/p>\n","protected":false},"excerpt":{"rendered":"<p>La noche del pasado 12 de marzo, Jordi \u00c9vole mostraba a 2.700.000 espa\u00f1oles el grave problema de la despoblaci\u00f3n del mundo rural en su programa \u201cSalvados\u201d, Tierra de nadie, pero no presentaba soluciones. Quiz\u00e1s porque no hay un Compromiso de Estado para resolver el problema \u00f3 porque la soluci\u00f3n parece obvia: atraer y asentar gente &hellip; <\/p>\n<p class=\"link-more\"><a href=\"https:\/\/blog.sierranortedeguadalajara.com\/?p=18644\" class=\"more-link\">Seguir leyendo<span class=\"screen-reader-text\"> \u00abSierra Norte de Guadalajara, tierra de oportunidades.\u00bb<\/span><\/a><\/p>\n","protected":false},"author":1,"featured_media":0,"comment_status":"open","ping_status":"open","sticky":false,"template":"","format":"standard","meta":{"footnotes":""},"categories":[12,6],"tags":[2,4,7,164,10],"class_list":["post-18644","post","type-post","status-publish","format-standard","hentry","category-actualidad","category-mundo-rural","tag-actualidad","tag-cultura","tag-naturaleza","tag-oportunidades","tag-sierra-norte","entry"],"_links":{"self":[{"href":"https:\/\/blog.sierranortedeguadalajara.com\/index.php?rest_route=\/wp\/v2\/posts\/18644","targetHints":{"allow":["GET"]}}],"collection":[{"href":"https:\/\/blog.sierranortedeguadalajara.com\/index.php?rest_route=\/wp\/v2\/posts"}],"about":[{"href":"https:\/\/blog.sierranortedeguadalajara.com\/index.php?rest_route=\/wp\/v2\/types\/post"}],"author":[{"embeddable":true,"href":"https:\/\/blog.sierranortedeguadalajara.com\/index.php?rest_route=\/wp\/v2\/users\/1"}],"replies":[{"embeddable":true,"href":"https:\/\/blog.sierranortedeguadalajara.com\/index.php?rest_route=%2Fwp%2Fv2%2Fcomments&post=18644"}],"version-history":[{"count":1,"href":"https:\/\/blog.sierranortedeguadalajara.com\/index.php?rest_route=\/wp\/v2\/posts\/18644\/revisions"}],"predecessor-version":[{"id":26655,"href":"https:\/\/blog.sierranortedeguadalajara.com\/index.php?rest_route=\/wp\/v2\/posts\/18644\/revisions\/26655"}],"wp:attachment":[{"href":"https:\/\/blog.sierranortedeguadalajara.com\/index.php?rest_route=%2Fwp%2Fv2%2Fmedia&parent=18644"}],"wp:term":[{"taxonomy":"category","embeddable":true,"href":"https:\/\/blog.sierranortedeguadalajara.com\/index.php?rest_route=%2Fwp%2Fv2%2Fcategories&post=18644"},{"taxonomy":"post_tag","embeddable":true,"href":"https:\/\/blog.sierranortedeguadalajara.com\/index.php?rest_route=%2Fwp%2Fv2%2Ftags&post=18644"}],"curies":[{"name":"wp","href":"https:\/\/api.w.org\/{rel}","templated":true}]}}