{"id":18630,"date":"2017-03-13T00:05:31","date_gmt":"2017-03-12T23:05:31","guid":{"rendered":"http:\/\/blog.laveredadepuebla.com\/?p=18630"},"modified":"2023-02-10T12:13:04","modified_gmt":"2023-02-10T12:13:04","slug":"como-esta-de-salud-la-sierra-norte-de-guadalajara","status":"publish","type":"post","link":"https:\/\/blog.sierranortedeguadalajara.com\/?p=18630","title":{"rendered":"\u00bfC\u00f3mo est\u00e1 de salud la Sierra Norte de Guadalajara?"},"content":{"rendered":"<p>Bien, gracias. En <a href=\"https:\/\/blog.laveredadepuebla.com\/2011\/04\/01\/parque-natural-sierra-norte-de-guadalajara\/\"><strong><em>estas tierras<\/em><\/strong><\/a> se superan con frecuencia los 90 a\u00f1os. Resulta bastante habitual encontrar nonagenarios que cuidan su huerto, <a href=\"https:\/\/blog.laveredadepuebla.com\/2010\/12\/01\/cogiendo-aceitunas\/\"><strong><em>van a olivas<\/em><\/strong><\/a> y\/o viven solos en su casa de siempre; algunos ya son centenarios.\u00a0 Cuesti\u00f3n de clima y de ausencia de contaminaci\u00f3n <em>(tenemos el <a href=\"http:\/\/cadenaser.com\/emisora\/2016\/12\/29\/ser_guadalajara\/1482997493_157657.html\"><strong>aire m\u00e1s limpio de Europa<\/strong><\/a>).<\/em><\/p>\n<p><strong><span style=\"color:#800000;\">No era esa la pregunta; no la hicimos bien<\/span>. <\/strong>\u00bfC\u00f3mo est\u00e1 la Sanidad en la <a href=\"https:\/\/blog.laveredadepuebla.com\/2016\/05\/10\/el-mapa-de-la-sierra-norte\/\"><strong><em>Sierra Norte<\/em><\/strong><\/a>? Pues mire Vd, seg\u00fan se mire.\u00a0 Para los habitantes que somos <em>(13.000), <\/em><strong><span style=\"color:#800000;\">7 Centros de Salud<\/span><\/strong> pueden parecer suficientes.<\/p>\n<p><img loading=\"lazy\" decoding=\"async\" class=\"alignright wp-image-18631\" src=\"https:\/\/blog.sierranortedeguadalajara.com\/wp-content\/uploads\/2023\/02\/170313-salud-en-la-sierra-norte-guadalajara.jpg\" alt=\"\" width=\"400\" height=\"267\" \/>Pero si consideramos que esta poblaci\u00f3n est\u00e1 repartida en 79 municipios y 85 pedan\u00edas, no parecen tantos <strong><em>(<a href=\"http:\/\/sociedad.elpais.com\/sociedad\/2013\/01\/15\/actualidad\/1358245460_395181.html\">podr\u00edan ser menos<\/a><\/em><\/strong><em> si la gente no se echa a la calle en 2.012; <a href=\"http:\/\/pagina.jccm.es\/hiendelaencina\/\"><strong>Hiendelaencina <\/strong><\/a>lider\u00f3 una protesta que lo impidi\u00f3). <\/em><\/p>\n<p>Si tenemos en cuenta la orograf\u00eda, lo extremo del clima, la edad media de la poblaci\u00f3n <em>(&gt; 65 a\u00f1os)<\/em> y que algunos cierran al mediod\u00eda, en ciertos momentos resultan escasos. <span style=\"color:#800000;\"><em>Los centros de salud est\u00e1n ubicados en Atienza, Cogolludo, Galve de Sorbe, Hiendelaencina, Jadraque, Sig\u00fcenza y Tamaj\u00f3n. En todos ellos hay farmacia; tambi\u00e9n en Torremocha del Campo y Valdepe\u00f1as de la Sierra.<\/em><\/span><\/p>\n<p>El m\u00e9dico y la enfermera se desplazan al pueblo cada 7\/15 d\u00edas, y <span style=\"color:#800000;\"><strong>cada vez que se le reclama por alguna urgencia<\/strong>.<\/span> Su dedicaci\u00f3n, profesionalidad y cari\u00f1o con los vecinos suplen posibles carencias. <span style=\"color:#800000;\"><strong>Desde aqu\u00ed nuestro agradecimiento por siempre.<\/strong><\/span><\/p>\n<p><strong><em>Lar-ami<\/em><\/strong><\/p>\n","protected":false},"excerpt":{"rendered":"<p>Bien, gracias. En estas tierras se superan con frecuencia los 90 a\u00f1os. Resulta bastante habitual encontrar nonagenarios que cuidan su huerto, van a olivas y\/o viven solos en su casa de siempre; algunos ya son centenarios.\u00a0 Cuesti\u00f3n de clima y de ausencia de contaminaci\u00f3n (tenemos el aire m\u00e1s limpio de Europa). No era esa la &hellip; <\/p>\n<p class=\"link-more\"><a href=\"https:\/\/blog.sierranortedeguadalajara.com\/?p=18630\" class=\"more-link\">Seguir leyendo<span class=\"screen-reader-text\"> \u00ab\u00bfC\u00f3mo est\u00e1 de salud la Sierra Norte de Guadalajara?\u00bb<\/span><\/a><\/p>\n","protected":false},"author":1,"featured_media":0,"comment_status":"open","ping_status":"open","sticky":false,"template":"","format":"standard","meta":{"footnotes":""},"categories":[12,6],"tags":[2,4,5,7,10],"class_list":["post-18630","post","type-post","status-publish","format-standard","hentry","category-actualidad","category-mundo-rural","tag-actualidad","tag-cultura","tag-historia","tag-naturaleza","tag-sierra-norte","entry"],"_links":{"self":[{"href":"https:\/\/blog.sierranortedeguadalajara.com\/index.php?rest_route=\/wp\/v2\/posts\/18630","targetHints":{"allow":["GET"]}}],"collection":[{"href":"https:\/\/blog.sierranortedeguadalajara.com\/index.php?rest_route=\/wp\/v2\/posts"}],"about":[{"href":"https:\/\/blog.sierranortedeguadalajara.com\/index.php?rest_route=\/wp\/v2\/types\/post"}],"author":[{"embeddable":true,"href":"https:\/\/blog.sierranortedeguadalajara.com\/index.php?rest_route=\/wp\/v2\/users\/1"}],"replies":[{"embeddable":true,"href":"https:\/\/blog.sierranortedeguadalajara.com\/index.php?rest_route=%2Fwp%2Fv2%2Fcomments&post=18630"}],"version-history":[{"count":1,"href":"https:\/\/blog.sierranortedeguadalajara.com\/index.php?rest_route=\/wp\/v2\/posts\/18630\/revisions"}],"predecessor-version":[{"id":26657,"href":"https:\/\/blog.sierranortedeguadalajara.com\/index.php?rest_route=\/wp\/v2\/posts\/18630\/revisions\/26657"}],"wp:attachment":[{"href":"https:\/\/blog.sierranortedeguadalajara.com\/index.php?rest_route=%2Fwp%2Fv2%2Fmedia&parent=18630"}],"wp:term":[{"taxonomy":"category","embeddable":true,"href":"https:\/\/blog.sierranortedeguadalajara.com\/index.php?rest_route=%2Fwp%2Fv2%2Fcategories&post=18630"},{"taxonomy":"post_tag","embeddable":true,"href":"https:\/\/blog.sierranortedeguadalajara.com\/index.php?rest_route=%2Fwp%2Fv2%2Ftags&post=18630"}],"curies":[{"name":"wp","href":"https:\/\/api.w.org\/{rel}","templated":true}]}}