{"id":18600,"date":"2017-02-27T00:05:08","date_gmt":"2017-02-26T23:05:08","guid":{"rendered":"http:\/\/blog.laveredadepuebla.com\/?p=18600"},"modified":"2023-02-10T12:13:04","modified_gmt":"2023-02-10T12:13:04","slug":"las-minas-de-plata-de-la-bodera","status":"publish","type":"post","link":"https:\/\/blog.sierranortedeguadalajara.com\/?p=18600","title":{"rendered":"Las minas de plata de La Bodera"},"content":{"rendered":"<p>Poco sabemos de estas minas, y eso que hubo a\u00f1os (1.890-91) que generaron m\u00e1s de <span style=\"color:#800000;\"><strong>1.200 quintales de mineral de plata<\/strong><\/span>. Un excelente, y poco conocido, trabajo de <span style=\"color:#800000;\"><strong>C\u00e9sar<\/strong> <\/span><strong><span style=\"color:#800000;\">Menor, Luis Jord\u00e1 y Alfonso Guti\u00e9rrez<\/span>, <\/strong>publicado en la revista <strong><em><a href=\"http:\/\/www.sedpgym.es\/index.php\/publicaciones\/revista-de-re-metallica\/indices-resumenes-y-textos-completos-de-re-metallica\">De Re Metallica<\/a><\/em> <\/strong>en diciembre de 2.005, aporta informaci\u00f3n muy valiosa sobre su historia y evoluci\u00f3n.<\/p>\n<p>Las minas est\u00e1n situadas a orillas del <a href=\"https:\/\/es.wikipedia.org\/wiki\/R%C3%ADo_Ca%C3%B1amares_(Guadalajara)\"><strong><em>r\u00edo Ca\u00f1amares<\/em><\/strong>;<\/a> el mineral argent\u00edfero principal era la blenda. Los primeros indicios son del siglo XV, si bien se hicieron prospecciones en siglos siguientes, sin \u00e9xito, quedando olvidado el asunto hasta 1.840. Tuvo una primera \u00e9poca de prosperidad hasta 1.855, seguido de un declive que dur\u00f3 30 a\u00f1os, y un segundo periodo exitoso desde 1.884 a 1.916, tras el cual entr\u00f3 en decadencia hasta su cierre definitivo en 1.925.<\/p>\n<figure id=\"attachment_18602\" aria-describedby=\"caption-attachment-18602\" style=\"width: 300px\" class=\"wp-caption alignright\"><img loading=\"lazy\" decoding=\"async\" class=\"size-medium wp-image-18602\" src=\"https:\/\/blog.sierranortedeguadalajara.com\/wp-content\/uploads\/2023\/02\/170227-la-bodera-4.jpg\" alt=\"Cortes\u00eda de los autores y De Re Metalica\" width=\"300\" height=\"228\" \/><figcaption id=\"caption-attachment-18602\" class=\"wp-caption-text\"><strong><em>Cortes\u00eda de los autores y De Re Metalica<\/em><\/strong><\/figcaption><\/figure>\n<p>Al principio hab\u00eda numerosas catas y minas peque\u00f1as al suroeste del pueblo de <strong><em><a href=\"https:\/\/www.guiarepsol.com\/es\/turismo\/localidades\/3753-la-bodera\/\">La Bodera.<\/a><\/em><\/strong> Cuando comenz\u00f3 el <a href=\"https:\/\/blog.laveredadepuebla.com\/2011\/04\/20\/las-minas-de-hiendelaencina\/\"><strong><em>desarrollo de la miner\u00eda en Hiendelaencina<\/em><\/strong><\/a> (1.844), aumentaron las prospecciones siguiendo la direcci\u00f3n de los filones. En los escarpados del r\u00edo Ca\u00f1amares aparecieron afloramientos de <strong><em><a href=\"https:\/\/www.asturnatura.com\/mineral\/barita\/1611.html\">barita,<\/a> <\/em><\/strong>lo que dio lugar a una \u00e9poca de intensos y an\u00e1rquicos trabajos en la zona.<\/p>\n<p>La mina <span style=\"color:#800000;\"><strong>\u201cSan Faustino\u201d<\/strong> <\/span>explotaba un peque\u00f1o fil\u00f3n de <span style=\"color:#800000;\"><em>barita, con galena, blenda, pirita y \u201cplata agria<\/em>\u201d.<\/span> La mina <span style=\"color:#800000;\"><strong>\u201cSanta B\u00e1rbara\u201d<\/strong> <\/span>explotaba galena argent\u00edfera de una riqueza estimable, <span style=\"color:#800000;\"><em>\u201c5 o 6 onzas por quintal de mineral\u201d<\/em>,<\/span> siendo la m\u00e1s productiva. Adem\u00e1s de estas minas y de <span style=\"color:#800000;\"><strong>\u201cTirolesa\u201d<\/strong><\/span> <em>(la menos rentable de las tres)<\/em>, exist\u00edan abundantes pocillos y catas de exploraci\u00f3n <em>(calicatas)<\/em>, con profusi\u00f3n de registros y denuncias.<\/p>\n<p>Con\u00a0numerosos conflictos, se dispersaron inversiones y esfuerzos en las explotaciones, lo que condujo inevitablemente a su\u00a0abandono. La sociedad <strong><span style=\"color:#800000;\">\u201cVeragua\u201d<\/span> <\/strong>controlaba en 1852 la explotaci\u00f3n de <strong><span style=\"color:#800000;\">\u201cTirolesa\u201d y \u201cSan Faustino\u201d,<\/span> <\/strong>que entraron en dificultades por la estrechez de la boca y las crecidas del r\u00edo. Se requer\u00edan grandes inversiones, que no se hicieron, y acabaron cerrando en 1.855, coincidiendo con la <span style=\"color:#800000;\"><strong>decadencia de Hiendelaencina<\/strong>.<\/span><\/p>\n<p><strong><em>Lar-ami<\/em><\/strong><\/p>\n","protected":false},"excerpt":{"rendered":"<p>Poco sabemos de estas minas, y eso que hubo a\u00f1os (1.890-91) que generaron m\u00e1s de 1.200 quintales de mineral de plata. Un excelente, y poco conocido, trabajo de C\u00e9sar Menor, Luis Jord\u00e1 y Alfonso Guti\u00e9rrez, publicado en la revista De Re Metallica en diciembre de 2.005, aporta informaci\u00f3n muy valiosa sobre su historia y evoluci\u00f3n. &hellip; <\/p>\n<p class=\"link-more\"><a href=\"https:\/\/blog.sierranortedeguadalajara.com\/?p=18600\" class=\"more-link\">Seguir leyendo<span class=\"screen-reader-text\"> \u00abLas minas de plata de La Bodera\u00bb<\/span><\/a><\/p>\n","protected":false},"author":1,"featured_media":0,"comment_status":"open","ping_status":"open","sticky":false,"template":"","format":"standard","meta":{"footnotes":""},"categories":[6,17,15],"tags":[2,4,5,158,7,10,18],"class_list":["post-18600","post","type-post","status-publish","format-standard","hentry","category-mundo-rural","category-paisajes-y-lugares-de-la-sierra-norte","category-rincones-de-guadalajara","tag-actualidad","tag-cultura","tag-historia","tag-minas","tag-naturaleza","tag-sierra-norte","tag-siglo-xix","entry"],"_links":{"self":[{"href":"https:\/\/blog.sierranortedeguadalajara.com\/index.php?rest_route=\/wp\/v2\/posts\/18600","targetHints":{"allow":["GET"]}}],"collection":[{"href":"https:\/\/blog.sierranortedeguadalajara.com\/index.php?rest_route=\/wp\/v2\/posts"}],"about":[{"href":"https:\/\/blog.sierranortedeguadalajara.com\/index.php?rest_route=\/wp\/v2\/types\/post"}],"author":[{"embeddable":true,"href":"https:\/\/blog.sierranortedeguadalajara.com\/index.php?rest_route=\/wp\/v2\/users\/1"}],"replies":[{"embeddable":true,"href":"https:\/\/blog.sierranortedeguadalajara.com\/index.php?rest_route=%2Fwp%2Fv2%2Fcomments&post=18600"}],"version-history":[{"count":1,"href":"https:\/\/blog.sierranortedeguadalajara.com\/index.php?rest_route=\/wp\/v2\/posts\/18600\/revisions"}],"predecessor-version":[{"id":26673,"href":"https:\/\/blog.sierranortedeguadalajara.com\/index.php?rest_route=\/wp\/v2\/posts\/18600\/revisions\/26673"}],"wp:attachment":[{"href":"https:\/\/blog.sierranortedeguadalajara.com\/index.php?rest_route=%2Fwp%2Fv2%2Fmedia&parent=18600"}],"wp:term":[{"taxonomy":"category","embeddable":true,"href":"https:\/\/blog.sierranortedeguadalajara.com\/index.php?rest_route=%2Fwp%2Fv2%2Fcategories&post=18600"},{"taxonomy":"post_tag","embeddable":true,"href":"https:\/\/blog.sierranortedeguadalajara.com\/index.php?rest_route=%2Fwp%2Fv2%2Ftags&post=18600"}],"curies":[{"name":"wp","href":"https:\/\/api.w.org\/{rel}","templated":true}]}}