{"id":18588,"date":"2017-02-22T00:05:33","date_gmt":"2017-02-21T23:05:33","guid":{"rendered":"http:\/\/blog.laveredadepuebla.com\/?p=18588"},"modified":"2023-02-10T12:13:04","modified_gmt":"2023-02-10T12:13:04","slug":"el-monasterio-de-santuy-despues-del-cardenal-cisneros","status":"publish","type":"post","link":"https:\/\/blog.sierranortedeguadalajara.com\/?p=18588","title":{"rendered":"El Monasterio de Santuy despu\u00e9s del Cardenal Cisneros"},"content":{"rendered":"<p><img loading=\"lazy\" decoding=\"async\" class=\"alignleft wp-image-18590\" src=\"https:\/\/blog.sierranortedeguadalajara.com\/wp-content\/uploads\/2023\/02\/2-santuy-dcisneros-1.jpg\" alt=\"2-santuy-dcisneros-1\" width=\"163\" height=\"240\" \/>Tras la <a href=\"https:\/\/blog.laveredadepuebla.com\/2017\/02\/08\/el-cardenal-cisneros-y-el-monasterio-de-santuy\/\"><strong><em>anexi\u00f3n al Colegio Mayor San Ildefonso<\/em><\/strong><\/a> <em>\u201ccon las rentas del priorato y casa de Santuy con su tierra, censos y beneficios\u201d <\/em>\u00a0ordenada por el <a href=\"http:\/\/www.cisneros2017.es\/\"><strong><em>Cardenal Cisneros<\/em><\/strong><\/a> y ratificada por el papa Julio II, <a href=\"https:\/\/blog.laveredadepuebla.com\/2017\/01\/18\/el-monasterio-de-santuy-los-origenes\/\"><strong><em>el Monasterio de Santuy<\/em><\/strong><\/a> \u00a0toma un fuerte impulso gracias al nuevo propietario.<\/p>\n<p><img loading=\"lazy\" decoding=\"async\" class=\"alignright wp-image-18591\" src=\"https:\/\/blog.sierranortedeguadalajara.com\/wp-content\/uploads\/2023\/02\/2-santuy-dcisneros-2.jpg\" alt=\"2-santuy-dcisneros-2\" width=\"161\" height=\"240\" \/>Se comienza con un inventario <em>(a\u00f1o 1.511<\/em>) de tierras, juros, censos y beneficios, poniendo en explotaci\u00f3n tierras, inmuebles y ganado. Este inventario se actualiza varias veces a lo largo del siglo XVI. El rey Carlos V y el papa Clemente VII confirman todos los <a href=\"https:\/\/blog.laveredadepuebla.com\/2017\/01\/20\/el-monasterio-de-santuy-en-la-edad-media\/\"><strong><em>privilegios medievales<\/em><\/strong> <\/a>que pose\u00edan antes de la anexi\u00f3n. Asimismo se reconstruye\u00a0 el viejo edificio, en mal estado por el abandono que sufri\u00f3 en el \u00faltimo cuarto del <strong><em>s<a href=\"https:\/\/blog.laveredadepuebla.com\/2017\/02\/08\/el-cardenal-cisneros-y-el-monasterio-de-santuy\/\">iglo XV debido las disputas sobre el priorato<\/a><\/em><\/strong>.<\/p>\n<p>Ya convertido en\u00a0 residencia de vacaciones para estudiantes, profesores y prelados <em>(desde al menos 1.548),<\/em> el monasterio debi\u00f3 vivir momentos l\u00fadicos y muy interesantes. En 1.553 se estipulan las condiciones que debe cumplir el cargo de subprior y dos a\u00f1os despu\u00e9s se dicta un reglamento <span style=\"color:#800000;\"><strong><em>\u201ccon las\u00a0 penas aplicables dentro del priorato de Santuy por el uso y aprovechamiento indebido de los bienes de dicho priorato\u201d<\/em><\/strong><\/span><\/p>\n<p><img loading=\"lazy\" decoding=\"async\" class=\"alignleft wp-image-18592\" src=\"https:\/\/blog.sierranortedeguadalajara.com\/wp-content\/uploads\/2023\/02\/2-santuy-dcisneros-3.jpg\" alt=\"2-santuy-dcisneros-3\" width=\"163\" height=\"240\" \/>Se debieron producir incidente varios, como el <span style=\"color:#800000;\"><strong>asesinato a cuchilladas de un estudiante de Alcal\u00e1 y la mujer del mayordomo del Priorato de\u00a0 Santuy a manos de este \u00faltimo<\/strong><\/span>, seg\u00fan se refleja el pleito del 25 de julio de 1.585. Hubo otros pleitos por deudas de un can\u00f3nigo de Santuy <span style=\"color:#800000;\"><em>(525 reales de un pr\u00e9stamo no cobrado)<\/em> y de un maestro de Alcal\u00e1 <em>\u00a0\u201cde 50 ducados en virtud del prometido que gan\u00f3 sobre las rentas de la heredad del priorato de Santuy\u201d<\/em> <\/span>que huelen a deudas de juego.<\/p>\n<p>Poco m\u00e1s sabemos de la evoluci\u00f3n de la residencia, salvo que en 1.666\u00a0 fue reformado por \u00a0Felipe IV. Pero esto lo contaremos otro d\u00eda.<\/p>\n<p><strong><em>Lar-ami<\/em><\/strong><\/p>\n","protected":false},"excerpt":{"rendered":"<p>Tras la anexi\u00f3n al Colegio Mayor San Ildefonso \u201ccon las rentas del priorato y casa de Santuy con su tierra, censos y beneficios\u201d \u00a0ordenada por el Cardenal Cisneros y ratificada por el papa Julio II, el Monasterio de Santuy \u00a0toma un fuerte impulso gracias al nuevo propietario. Se comienza con un inventario (a\u00f1o 1.511) de &hellip; <\/p>\n<p class=\"link-more\"><a href=\"https:\/\/blog.sierranortedeguadalajara.com\/?p=18588\" class=\"more-link\">Seguir leyendo<span class=\"screen-reader-text\"> \u00abEl Monasterio de Santuy despu\u00e9s del Cardenal Cisneros\u00bb<\/span><\/a><\/p>\n","protected":false},"author":1,"featured_media":0,"comment_status":"open","ping_status":"open","sticky":false,"template":"","format":"standard","meta":{"footnotes":""},"categories":[6,17,15],"tags":[2,4,44,5,7,10],"class_list":["post-18588","post","type-post","status-publish","format-standard","hentry","category-mundo-rural","category-paisajes-y-lugares-de-la-sierra-norte","category-rincones-de-guadalajara","tag-actualidad","tag-cultura","tag-edad-media","tag-historia","tag-naturaleza","tag-sierra-norte","entry"],"_links":{"self":[{"href":"https:\/\/blog.sierranortedeguadalajara.com\/index.php?rest_route=\/wp\/v2\/posts\/18588","targetHints":{"allow":["GET"]}}],"collection":[{"href":"https:\/\/blog.sierranortedeguadalajara.com\/index.php?rest_route=\/wp\/v2\/posts"}],"about":[{"href":"https:\/\/blog.sierranortedeguadalajara.com\/index.php?rest_route=\/wp\/v2\/types\/post"}],"author":[{"embeddable":true,"href":"https:\/\/blog.sierranortedeguadalajara.com\/index.php?rest_route=\/wp\/v2\/users\/1"}],"replies":[{"embeddable":true,"href":"https:\/\/blog.sierranortedeguadalajara.com\/index.php?rest_route=%2Fwp%2Fv2%2Fcomments&post=18588"}],"version-history":[{"count":1,"href":"https:\/\/blog.sierranortedeguadalajara.com\/index.php?rest_route=\/wp\/v2\/posts\/18588\/revisions"}],"predecessor-version":[{"id":26680,"href":"https:\/\/blog.sierranortedeguadalajara.com\/index.php?rest_route=\/wp\/v2\/posts\/18588\/revisions\/26680"}],"wp:attachment":[{"href":"https:\/\/blog.sierranortedeguadalajara.com\/index.php?rest_route=%2Fwp%2Fv2%2Fmedia&parent=18588"}],"wp:term":[{"taxonomy":"category","embeddable":true,"href":"https:\/\/blog.sierranortedeguadalajara.com\/index.php?rest_route=%2Fwp%2Fv2%2Fcategories&post=18588"},{"taxonomy":"post_tag","embeddable":true,"href":"https:\/\/blog.sierranortedeguadalajara.com\/index.php?rest_route=%2Fwp%2Fv2%2Ftags&post=18588"}],"curies":[{"name":"wp","href":"https:\/\/api.w.org\/{rel}","templated":true}]}}