{"id":18578,"date":"2017-02-20T00:05:24","date_gmt":"2017-02-19T23:05:24","guid":{"rendered":"http:\/\/blog.laveredadepuebla.com\/?p=18578"},"modified":"2023-02-10T12:13:05","modified_gmt":"2023-02-10T12:13:05","slug":"la-prehistoria-se-re-escribe-en-la-sierra-norte-de-guadalajara","status":"publish","type":"post","link":"https:\/\/blog.sierranortedeguadalajara.com\/?p=18578","title":{"rendered":"La Prehistoria se re-escribe en la Sierra Norte de Guadalajara"},"content":{"rendered":"<p>Hasta ahora se cre\u00eda que en el periodo de transici\u00f3n entre el<span style=\"color:#800000;\"> <strong>Paleol\u00edtico Medio y el Superior<\/strong> <\/span><em>(hace 40.000.-a\u00f1os),<\/em> cuando <span style=\"color:#800000;\"><strong>los neandertales<\/strong><\/span> daban paso al<span style=\"color:#800000;\"> <strong>homo sapiens<\/strong>,<\/span> los poblamientos humanos eran escasos en la meseta <em>(algunos localizados en la <a href=\"https:\/\/blog.laveredadepuebla.com\/2016\/05\/10\/el-mapa-de-la-sierra-norte\/\"><strong>Sierra Norte<\/strong><\/a>),<\/em> concentr\u00e1ndose en el Levante por el clima. Un trabajo de los <span style=\"color:#800000;\"><strong><em>Drs Manuel Alcaraz-Casta\u00f1o<\/em><\/strong> <strong><em>y Gerd-Christian Weniger<\/em><\/strong><\/span> del <a href=\"http:\/\/www.germany.travel\/es\/ciudades-turismo-cultural\/museos\/naturaleza-tecnologia\/museo-de-neanderthal-mettmann.html\"><strong><em>Neanderthal Museum<\/em><\/strong> <\/a><strong><em>de Alemania,<\/em><\/strong> y del <strong><em><a href=\"https:\/\/dialnet.unirioja.es\/servlet\/autor?codigo=335613\">Dr Jos\u00e9 Javier Alcolea<\/a> <\/em><\/strong>de la Universidad de Alcal\u00e1, <strong><span style=\"color:#800000;\">pone las primeras piedras para desmontar esta teor\u00eda.<\/span> <\/strong><\/p>\n<p>Su investigaci\u00f3n en la <a href=\"http:\/\/www.geoparquemolina.es\/web\/guest\/cueva-y-poblado-de-los-casares\"><strong><em>Cueva de los Casares<\/em><\/strong><\/a>,<a href=\"https:\/\/blog.laveredadepuebla.com\/2009\/11\/26\/estrecho-de-penacabras\/\"><strong><em> Pe\u00f1acabra<\/em><\/strong> <\/a>y <strong><em><span style=\"color:#800000;\">Pe\u00f1a Cap\u00f3n<\/span><\/em><\/strong> as\u00ed lo confirman, como recoge <a href=\"http:\/\/www.eldiario.es\/clm\/descubrimiento-prehistorico-Guadalajara-desmonta-teorias_0_606140111.html\"><strong><em>eldiario.es<\/em><\/strong><em> <strong>en un art\u00edculo<\/strong><\/em>.<\/a> <span style=\"color:#800000;\"><strong>Pe\u00f1acabra<\/strong> y <strong>Pe\u00f1a Cap\u00f3n<\/strong><\/span> son dos yacimientos a orillas del Sorbe, conocidos pero poco investigados por las dificultades que presenta el <a href=\"https:\/\/blog.laveredadepuebla.com\/2009\/08\/23\/la-presa-de-belena\/\"><strong><em>pantano de Bele\u00f1a<\/em><\/strong><\/a>.<\/p>\n<figure id=\"attachment_18579\" aria-describedby=\"caption-attachment-18579\" style=\"width: 300px\" class=\"wp-caption alignright\"><img loading=\"lazy\" decoding=\"async\" class=\"wp-image-18579 size-medium\" src=\"https:\/\/blog.sierranortedeguadalajara.com\/wp-content\/uploads\/2023\/02\/170220-prehistoria-se-reescribe.jpg\" alt=\"170220-prehistoria-se-reescribe\" width=\"300\" height=\"183\" \/><figcaption id=\"caption-attachment-18579\" class=\"wp-caption-text\"><strong><em>Cortes\u00eda www.eldiario.es<\/em><\/strong><\/figcaption><\/figure>\n<p><span style=\"color:#800000;\"><strong>Pe\u00f1a Cap\u00f3n<\/strong> <\/span>aporta novedades referidas al <span style=\"color:#800000;\"><strong>M\u00e1ximo Glacial<\/strong> <\/span><em>(hace 25.000 a\u00f1os),<\/em> cuando las capas de hielo alcanzaron el m\u00e1ximo espesor, y del que hay pocos datos.\u00a0 Se ha encontrado una <strong><em><span style=\"color:#800000;\">\u201csecuencia de poblamiento recurrente\u201d<\/span> <\/em><\/strong>con restos humanos, de animales y de utensilios de caza en un excelente grado de conservaci\u00f3n. Y esto solo es el principio. Quedan por excavar cientos de metros, hacia abajo hasta llegar al suelo rocoso del abrigo <em>(roca madre)<\/em>, por lo que las expectativas son ilusionantes.<\/p>\n<p>Aunque ya tenemos yacimientos del\u00a0 Paleol\u00edtico <em>en <a href=\"https:\/\/blog.laveredadepuebla.com\/2016\/02\/19\/cien-propuestas-imprescindibles-para-conocer-la-provincia-de-guadalajara\/\"><strong>sitio de los Enebrales<\/strong> <\/a>y en <a href=\"https:\/\/blog.laveredadepuebla.com\/2013\/02\/07\/el-jarama-y-los-neandertales\/\"><strong>Ca\u00f1\u00f3n del Jarama<\/strong><\/a>, <\/em>ahora con los datos descubiertos <em>(y los que quedan por descubrir)<\/em> podemos decir con ogullo que la \u00ab<span style=\"color:#800000;\"><strong>Prehistoria se re-escribe en la Sierra Norte\u00bb<\/strong><\/span>. Otro argumento m\u00e1s para confirmar que la <a href=\"http:\/\/sierranortedeguadalajara.com\/\"><strong><em>Sierra Norte es un para\u00edso&#8230; al alcance de todos.<\/em><\/strong><\/a><\/p>\n<p><strong><em>Lar-ami<\/em><\/strong><\/p>\n","protected":false},"excerpt":{"rendered":"<p>Hasta ahora se cre\u00eda que en el periodo de transici\u00f3n entre el Paleol\u00edtico Medio y el Superior (hace 40.000.-a\u00f1os), cuando los neandertales daban paso al homo sapiens, los poblamientos humanos eran escasos en la meseta (algunos localizados en la Sierra Norte), concentr\u00e1ndose en el Levante por el clima. Un trabajo de los Drs Manuel Alcaraz-Casta\u00f1o &hellip; <\/p>\n<p class=\"link-more\"><a href=\"https:\/\/blog.sierranortedeguadalajara.com\/?p=18578\" class=\"more-link\">Seguir leyendo<span class=\"screen-reader-text\"> \u00abLa Prehistoria se re-escribe en la Sierra Norte de Guadalajara\u00bb<\/span><\/a><\/p>\n","protected":false},"author":1,"featured_media":0,"comment_status":"open","ping_status":"open","sticky":false,"template":"","format":"standard","meta":{"footnotes":""},"categories":[12,6,17,15],"tags":[2,47,4,5,7,31,10,60],"class_list":["post-18578","post","type-post","status-publish","format-standard","hentry","category-actualidad","category-mundo-rural","category-paisajes-y-lugares-de-la-sierra-norte","category-rincones-de-guadalajara","tag-actualidad","tag-belena","tag-cultura","tag-historia","tag-naturaleza","tag-prehistoria","tag-sierra-norte","tag-sorbe","entry"],"_links":{"self":[{"href":"https:\/\/blog.sierranortedeguadalajara.com\/index.php?rest_route=\/wp\/v2\/posts\/18578","targetHints":{"allow":["GET"]}}],"collection":[{"href":"https:\/\/blog.sierranortedeguadalajara.com\/index.php?rest_route=\/wp\/v2\/posts"}],"about":[{"href":"https:\/\/blog.sierranortedeguadalajara.com\/index.php?rest_route=\/wp\/v2\/types\/post"}],"author":[{"embeddable":true,"href":"https:\/\/blog.sierranortedeguadalajara.com\/index.php?rest_route=\/wp\/v2\/users\/1"}],"replies":[{"embeddable":true,"href":"https:\/\/blog.sierranortedeguadalajara.com\/index.php?rest_route=%2Fwp%2Fv2%2Fcomments&post=18578"}],"version-history":[{"count":1,"href":"https:\/\/blog.sierranortedeguadalajara.com\/index.php?rest_route=\/wp\/v2\/posts\/18578\/revisions"}],"predecessor-version":[{"id":26682,"href":"https:\/\/blog.sierranortedeguadalajara.com\/index.php?rest_route=\/wp\/v2\/posts\/18578\/revisions\/26682"}],"wp:attachment":[{"href":"https:\/\/blog.sierranortedeguadalajara.com\/index.php?rest_route=%2Fwp%2Fv2%2Fmedia&parent=18578"}],"wp:term":[{"taxonomy":"category","embeddable":true,"href":"https:\/\/blog.sierranortedeguadalajara.com\/index.php?rest_route=%2Fwp%2Fv2%2Fcategories&post=18578"},{"taxonomy":"post_tag","embeddable":true,"href":"https:\/\/blog.sierranortedeguadalajara.com\/index.php?rest_route=%2Fwp%2Fv2%2Ftags&post=18578"}],"curies":[{"name":"wp","href":"https:\/\/api.w.org\/{rel}","templated":true}]}}