{"id":18564,"date":"2017-02-15T00:05:44","date_gmt":"2017-02-14T23:05:44","guid":{"rendered":"http:\/\/blog.laveredadepuebla.com\/?p=18564"},"modified":"2023-02-10T12:13:05","modified_gmt":"2023-02-10T12:13:05","slug":"la-poda-y-los-trasmochos","status":"publish","type":"post","link":"https:\/\/blog.sierranortedeguadalajara.com\/?p=18564","title":{"rendered":"La poda y los trasmochos"},"content":{"rendered":"<p>Se acerca la primavera. Es hora de hablar de la <a href=\"http:\/\/historiasdemoralzarzal.blogspot.com.es\/2015\/07\/trasmochos-pendoleros-y-candelabros-la.html\"><strong><em>poda y de sus tipos<\/em><\/strong>:<\/a> <strong><span style=\"color:#800000;\">trasmocho, horca y pend\u00f3n, candelabro<\/span><em>,<\/em><\/strong><em>\u2026<\/em> tan habituales anta\u00f1o en los robles de nuestra <a href=\"https:\/\/blog.laveredadepuebla.com\/2016\/05\/10\/el-mapa-de-la-sierra-norte\/\"><strong><em>Sierra Norte de Guadalajara<\/em><\/strong><\/a>. <span style=\"color:#800000;\"><strong>Alicia <\/strong><\/span>en <a href=\"http:\/\/alvientodelocejon.com\/\"><strong><em>su blog<\/em><\/strong> <\/a>lo explica de forma magistral. Con su permiso y el mayor cari\u00f1o, destacamos los aspectos m\u00e1s interesantes.<\/p>\n<figure id=\"attachment_18565\" aria-describedby=\"caption-attachment-18565\" style=\"width: 300px\" class=\"wp-caption alignleft\"><a href=\"http:\/\/alvientodelocejon.com\/\"><img loading=\"lazy\" decoding=\"async\" class=\"wp-image-18565 size-medium\" src=\"https:\/\/blog.sierranortedeguadalajara.com\/wp-content\/uploads\/2023\/02\/2-poda-1.jpg\" alt=\"Cortesia de Alicia\" width=\"300\" height=\"225\" \/><\/a><figcaption id=\"caption-attachment-18565\" class=\"wp-caption-text\"><em><strong>Cortesia Alicia<\/strong><\/em><\/figcaption><\/figure>\n<p>La<span style=\"color:#800000;\"><strong> poda de horca y pend\u00f3n<\/strong><\/span> deja el tronco principal en vertical mientras se cortan todas las ramas, excepto una lateral, que con el tiempo forma un aut\u00e9ntico \u00e1rbol\u2026 pero en horizontal y orientada contra el viento, como contrapeso para equilibrarlo. Hoy apenas se ven robles as\u00ed. Si se ven con frecuencia robles podados <strong><span style=\"color:#800000;\">en candelabro<\/span>. <\/strong>Se dejan en el roble no m\u00e1s de 4 ramas repartidas en el tronco, creando fant\u00e1sticas copas.\u00a0 Los tallos y ramas tiernas, que generan en abundancia los robles, se usaban para ramoneo <em>(alimento de las cabras), <\/em>que los animales cog\u00edan directamente del \u00e1rbol \u00f3 el hombre cortaba cuando era menester.<\/p>\n<p><a href=\"http:\/\/naturayala.blogspot.com.es\/2015\/07\/el-fin-de-los-arboles-trasmochos.html\"><strong><em>Los trasmochos<\/em><\/strong><\/a> no se entienden sin los <span style=\"color:#800000;\"><strong>\u00e1rboles de sesteo<\/strong>,<\/span> grandes robles solitarios <em>(por la tala de sus vecinos,<\/em> <em>creando grandes espacios a su alrededor).<\/em> De grueso tronco y enorme copa bajo la que sesteaba el reba\u00f1o eran fundamentales en la <span style=\"color:#800000;\"><strong>trashumancia<\/strong><\/span>, cuando el ganado ven\u00eda a pasar el verano desde tierras extreme\u00f1as. Este tipo de poda se realizaba cada 8\/10 a\u00f1os de forma muy severa, cortando la copa y las ramas importantes por arriba dej\u00e1ndola casi plana <em>(desmoche \u00f3 trasmoche).<\/em><\/p>\n<figure id=\"attachment_18567\" aria-describedby=\"caption-attachment-18567\" style=\"width: 300px\" class=\"wp-caption alignright\"><a href=\"http:\/\/alvientodelocejon.com\/\"><img loading=\"lazy\" decoding=\"async\" class=\"size-medium wp-image-18567\" src=\"https:\/\/blog.sierranortedeguadalajara.com\/wp-content\/uploads\/2023\/02\/2-poda-2.jpg\" alt=\"Cortes\u00eda de Alicia\" width=\"300\" height=\"182\" \/><\/a><figcaption id=\"caption-attachment-18567\" class=\"wp-caption-text\"><strong><em>Cortes\u00eda de Alicia<\/em><\/strong><\/figcaption><\/figure>\n<p>As\u00ed se creaban <span style=\"color:#800000;\"><strong>\u00e1rboles de sesteo<\/strong> <\/span>y se generaba madera para la construcci\u00f3n adem\u00e1s de le\u00f1a, imprescindible en el invierno para la chimenea. Los troncos de estos robles se han ido abriendo <em>(por el peso y los a\u00f1os)<\/em>, \u00a0se han creado huecos que han servido de nido, guarida de alima\u00f1as, \u2026 y han alimentado leyendas populares, que iremos contando.<\/p>\n<p><strong><em>Lar-ami<\/em><\/strong><\/p>\n","protected":false},"excerpt":{"rendered":"<p>Se acerca la primavera. Es hora de hablar de la poda y de sus tipos: trasmocho, horca y pend\u00f3n, candelabro,\u2026 tan habituales anta\u00f1o en los robles de nuestra Sierra Norte de Guadalajara. Alicia en su blog lo explica de forma magistral. Con su permiso y el mayor cari\u00f1o, destacamos los aspectos m\u00e1s interesantes. La poda &hellip; <\/p>\n<p class=\"link-more\"><a href=\"https:\/\/blog.sierranortedeguadalajara.com\/?p=18564\" class=\"more-link\">Seguir leyendo<span class=\"screen-reader-text\"> \u00abLa poda y los trasmochos\u00bb<\/span><\/a><\/p>\n","protected":false},"author":1,"featured_media":0,"comment_status":"open","ping_status":"open","sticky":false,"template":"","format":"standard","meta":{"footnotes":""},"categories":[12,3,6],"tags":[2,4,5,7,10],"class_list":["post-18564","post","type-post","status-publish","format-standard","hentry","category-actualidad","category-costumbres-y-tradiciones","category-mundo-rural","tag-actualidad","tag-cultura","tag-historia","tag-naturaleza","tag-sierra-norte","entry"],"_links":{"self":[{"href":"https:\/\/blog.sierranortedeguadalajara.com\/index.php?rest_route=\/wp\/v2\/posts\/18564","targetHints":{"allow":["GET"]}}],"collection":[{"href":"https:\/\/blog.sierranortedeguadalajara.com\/index.php?rest_route=\/wp\/v2\/posts"}],"about":[{"href":"https:\/\/blog.sierranortedeguadalajara.com\/index.php?rest_route=\/wp\/v2\/types\/post"}],"author":[{"embeddable":true,"href":"https:\/\/blog.sierranortedeguadalajara.com\/index.php?rest_route=\/wp\/v2\/users\/1"}],"replies":[{"embeddable":true,"href":"https:\/\/blog.sierranortedeguadalajara.com\/index.php?rest_route=%2Fwp%2Fv2%2Fcomments&post=18564"}],"version-history":[{"count":1,"href":"https:\/\/blog.sierranortedeguadalajara.com\/index.php?rest_route=\/wp\/v2\/posts\/18564\/revisions"}],"predecessor-version":[{"id":26687,"href":"https:\/\/blog.sierranortedeguadalajara.com\/index.php?rest_route=\/wp\/v2\/posts\/18564\/revisions\/26687"}],"wp:attachment":[{"href":"https:\/\/blog.sierranortedeguadalajara.com\/index.php?rest_route=%2Fwp%2Fv2%2Fmedia&parent=18564"}],"wp:term":[{"taxonomy":"category","embeddable":true,"href":"https:\/\/blog.sierranortedeguadalajara.com\/index.php?rest_route=%2Fwp%2Fv2%2Fcategories&post=18564"},{"taxonomy":"post_tag","embeddable":true,"href":"https:\/\/blog.sierranortedeguadalajara.com\/index.php?rest_route=%2Fwp%2Fv2%2Ftags&post=18564"}],"curies":[{"name":"wp","href":"https:\/\/api.w.org\/{rel}","templated":true}]}}