{"id":18348,"date":"2016-12-13T00:05:49","date_gmt":"2016-12-12T23:05:49","guid":{"rendered":"http:\/\/blog.laveredadepuebla.com\/?p=18348"},"modified":"2023-02-10T12:13:06","modified_gmt":"2023-02-10T12:13:06","slug":"el-monasterio-de-bonaval-en-colores","status":"publish","type":"post","link":"https:\/\/blog.sierranortedeguadalajara.com\/?p=18348","title":{"rendered":"El monasterio de Bonaval en colores"},"content":{"rendered":"<p><img loading=\"lazy\" decoding=\"async\" class=\"aligncenter wp-image-18349 size-full\" src=\"https:\/\/blog.sierranortedeguadalajara.com\/wp-content\/uploads\/2023\/02\/161213-bonaval-2.jpg\" alt=\"161213-bonaval-2\" width=\"800\" height=\"600\" \/>Son muchas las ocasiones que hemos hablado de este <a href=\"https:\/\/blog.laveredadepuebla.com\/2011\/11\/14\/bonaval-un-monasterio-atipico\/\"><strong><em>monasterio at\u00edpico<\/em><\/strong><\/a> pero no recuerdo que lo hayamos hecho de sus colores. Perd\u00f3n, quise decir de los colores que lo envuelven en oto\u00f1o: <strong><em><span style=\"color:#800000;\">ocres, grises, verdes, amarillos\u2026 con los m\u00e1s diversos matices.<\/span> <\/em><\/strong><\/p>\n<p><img loading=\"lazy\" decoding=\"async\" class=\"aligncenter wp-image-18350 size-full\" src=\"https:\/\/blog.sierranortedeguadalajara.com\/wp-content\/uploads\/2023\/02\/161213-bonaval-5.jpg\" alt=\"161213-bonaval-5\" width=\"800\" height=\"600\" \/>Estas im\u00e1genes, tomadas desde dos miradores diferentes, muestran adem\u00e1s la situaci\u00f3n privilegiada del <strong><em><a href=\"http:\/\/www.laveredadepuebla.com\/rutasypueblos\/bonaval.pdf\">Monasterio de Bonaval<\/a>.<\/em><\/strong> Una joya de la <a href=\"https:\/\/blog.laveredadepuebla.com\/2016\/05\/10\/el-mapa-de-la-sierra-norte\/\"><strong><em>Sierra Norte de Guadalajara<\/em><\/strong><\/a> que debemos preservar\u2026<a href=\"https:\/\/blog.laveredadepuebla.com\/2010\/11\/30\/de-como-bonaval-llego-a-su-estado-actual\/\"> <strong><em>\u00a1pero hay que darse prisa!<\/em><\/strong><\/a><span style=\"color:#800000;\"><strong>\u00a0 O no quedar\u00e1 nada que conservar.<\/strong><\/span><\/p>\n<p><strong><em>Lar-ami<\/em><\/strong><\/p>\n","protected":false},"excerpt":{"rendered":"<p>Son muchas las ocasiones que hemos hablado de este monasterio at\u00edpico pero no recuerdo que lo hayamos hecho de sus colores. Perd\u00f3n, quise decir de los colores que lo envuelven en oto\u00f1o: ocres, grises, verdes, amarillos\u2026 con los m\u00e1s diversos matices. Estas im\u00e1genes, tomadas desde dos miradores diferentes, muestran adem\u00e1s la situaci\u00f3n privilegiada del Monasterio &hellip; <\/p>\n<p class=\"link-more\"><a href=\"https:\/\/blog.sierranortedeguadalajara.com\/?p=18348\" class=\"more-link\">Seguir leyendo<span class=\"screen-reader-text\"> \u00abEl monasterio de Bonaval en colores\u00bb<\/span><\/a><\/p>\n","protected":false},"author":1,"featured_media":0,"comment_status":"open","ping_status":"open","sticky":false,"template":"","format":"standard","meta":{"footnotes":""},"categories":[12,17,15],"tags":[2,45,4,5,7,10],"class_list":["post-18348","post","type-post","status-publish","format-standard","hentry","category-actualidad","category-paisajes-y-lugares-de-la-sierra-norte","category-rincones-de-guadalajara","tag-actualidad","tag-bonaval","tag-cultura","tag-historia","tag-naturaleza","tag-sierra-norte","entry"],"_links":{"self":[{"href":"https:\/\/blog.sierranortedeguadalajara.com\/index.php?rest_route=\/wp\/v2\/posts\/18348","targetHints":{"allow":["GET"]}}],"collection":[{"href":"https:\/\/blog.sierranortedeguadalajara.com\/index.php?rest_route=\/wp\/v2\/posts"}],"about":[{"href":"https:\/\/blog.sierranortedeguadalajara.com\/index.php?rest_route=\/wp\/v2\/types\/post"}],"author":[{"embeddable":true,"href":"https:\/\/blog.sierranortedeguadalajara.com\/index.php?rest_route=\/wp\/v2\/users\/1"}],"replies":[{"embeddable":true,"href":"https:\/\/blog.sierranortedeguadalajara.com\/index.php?rest_route=%2Fwp%2Fv2%2Fcomments&post=18348"}],"version-history":[{"count":1,"href":"https:\/\/blog.sierranortedeguadalajara.com\/index.php?rest_route=\/wp\/v2\/posts\/18348\/revisions"}],"predecessor-version":[{"id":26786,"href":"https:\/\/blog.sierranortedeguadalajara.com\/index.php?rest_route=\/wp\/v2\/posts\/18348\/revisions\/26786"}],"wp:attachment":[{"href":"https:\/\/blog.sierranortedeguadalajara.com\/index.php?rest_route=%2Fwp%2Fv2%2Fmedia&parent=18348"}],"wp:term":[{"taxonomy":"category","embeddable":true,"href":"https:\/\/blog.sierranortedeguadalajara.com\/index.php?rest_route=%2Fwp%2Fv2%2Fcategories&post=18348"},{"taxonomy":"post_tag","embeddable":true,"href":"https:\/\/blog.sierranortedeguadalajara.com\/index.php?rest_route=%2Fwp%2Fv2%2Ftags&post=18348"}],"curies":[{"name":"wp","href":"https:\/\/api.w.org\/{rel}","templated":true}]}}