{"id":18330,"date":"2016-12-08T00:05:02","date_gmt":"2016-12-07T23:05:02","guid":{"rendered":"http:\/\/blog.laveredadepuebla.com\/?p=18330"},"modified":"2023-02-10T12:13:06","modified_gmt":"2023-02-10T12:13:06","slug":"la-ruta-amarilla","status":"publish","type":"post","link":"https:\/\/blog.sierranortedeguadalajara.com\/?p=18330","title":{"rendered":"La ruta amarilla"},"content":{"rendered":"<p>Una vez al a\u00f1o y por tres meses, de octubre a diciembre, la <a href=\"https:\/\/blog.laveredadepuebla.com\/2009\/08\/02\/la-ruta-verde-hacia-el-vado\/\"><strong><em>ruta verde<\/em><\/strong> <\/a>se torna amarilla.<\/p>\n<p><img loading=\"lazy\" decoding=\"async\" class=\"alignright wp-image-18331\" src=\"https:\/\/blog.sierranortedeguadalajara.com\/wp-content\/uploads\/2023\/02\/161208-amarilla-1.jpg\" alt=\"161208-amarilla-1\" width=\"240\" height=\"180\" \/><img loading=\"lazy\" decoding=\"async\" class=\"alignleft wp-image-18332\" src=\"https:\/\/blog.sierranortedeguadalajara.com\/wp-content\/uploads\/2023\/02\/161208-amarilla-3.jpg\" alt=\"161208-amarilla-3\" width=\"240\" height=\"180\" \/>Nada extraordinario para robles, quejigos y melojos, que antes de despojarse de sus hojas las ti\u00f1en de ocres. Estamos en oto\u00f1o. La ruta se embellece <span style=\"color:#800000;\"><em>(a\u00fan m\u00e1s)<\/em><\/span> por los contrastes con los verdes de pinos y jaras, y los grises de caliza y pizarra. Todo un espect\u00e1culo de color.<\/p>\n<p><img loading=\"lazy\" decoding=\"async\" class=\"alignleft wp-image-18333\" src=\"https:\/\/blog.sierranortedeguadalajara.com\/wp-content\/uploads\/2023\/02\/161208-amarilla-4.jpg\" alt=\"161208-amarilla-4\" width=\"240\" height=\"180\" \/><img loading=\"lazy\" decoding=\"async\" class=\"alignright wp-image-18334\" src=\"https:\/\/blog.sierranortedeguadalajara.com\/wp-content\/uploads\/2023\/02\/161208-amarilla-6.jpg\" alt=\"161208-amarilla-6\" width=\"240\" height=\"180\" \/>Estos agrestes parajes de la<a href=\"https:\/\/blog.laveredadepuebla.com\/2016\/05\/10\/el-mapa-de-la-sierra-norte\/\"><strong><em> Sierra Norte de Guadalajara<\/em> <\/strong><\/a>combinan magistralmente, naturaleza y construcciones hechas por la mano del hombre, color, monta\u00f1a y agua, \u2026 Una ruta inolvidable con final feliz en <a href=\"https:\/\/blog.laveredadepuebla.com\/2009\/08\/22\/la-presa-del-vado\/\"><strong><em>El Vado<\/em><\/strong>.<\/a> <span style=\"color:#800000;\"><strong>\u00a1Que la disfruten!<\/strong><\/span><\/p>\n<p><strong><em>Lar-ami<\/em><\/strong><\/p>\n","protected":false},"excerpt":{"rendered":"<p>Una vez al a\u00f1o y por tres meses, de octubre a diciembre, la ruta verde se torna amarilla. Nada extraordinario para robles, quejigos y melojos, que antes de despojarse de sus hojas las ti\u00f1en de ocres. Estamos en oto\u00f1o. La ruta se embellece (a\u00fan m\u00e1s) por los contrastes con los verdes de pinos y jaras, &hellip; <\/p>\n<p class=\"link-more\"><a href=\"https:\/\/blog.sierranortedeguadalajara.com\/?p=18330\" class=\"more-link\">Seguir leyendo<span class=\"screen-reader-text\"> \u00abLa ruta amarilla\u00bb<\/span><\/a><\/p>\n","protected":false},"author":1,"featured_media":0,"comment_status":"open","ping_status":"open","sticky":false,"template":"","format":"standard","meta":{"footnotes":""},"categories":[12,17],"tags":[2,4,26,7,10],"class_list":["post-18330","post","type-post","status-publish","format-standard","hentry","category-actualidad","category-paisajes-y-lugares-de-la-sierra-norte","tag-actualidad","tag-cultura","tag-el-vado","tag-naturaleza","tag-sierra-norte","entry"],"_links":{"self":[{"href":"https:\/\/blog.sierranortedeguadalajara.com\/index.php?rest_route=\/wp\/v2\/posts\/18330","targetHints":{"allow":["GET"]}}],"collection":[{"href":"https:\/\/blog.sierranortedeguadalajara.com\/index.php?rest_route=\/wp\/v2\/posts"}],"about":[{"href":"https:\/\/blog.sierranortedeguadalajara.com\/index.php?rest_route=\/wp\/v2\/types\/post"}],"author":[{"embeddable":true,"href":"https:\/\/blog.sierranortedeguadalajara.com\/index.php?rest_route=\/wp\/v2\/users\/1"}],"replies":[{"embeddable":true,"href":"https:\/\/blog.sierranortedeguadalajara.com\/index.php?rest_route=%2Fwp%2Fv2%2Fcomments&post=18330"}],"version-history":[{"count":1,"href":"https:\/\/blog.sierranortedeguadalajara.com\/index.php?rest_route=\/wp\/v2\/posts\/18330\/revisions"}],"predecessor-version":[{"id":26796,"href":"https:\/\/blog.sierranortedeguadalajara.com\/index.php?rest_route=\/wp\/v2\/posts\/18330\/revisions\/26796"}],"wp:attachment":[{"href":"https:\/\/blog.sierranortedeguadalajara.com\/index.php?rest_route=%2Fwp%2Fv2%2Fmedia&parent=18330"}],"wp:term":[{"taxonomy":"category","embeddable":true,"href":"https:\/\/blog.sierranortedeguadalajara.com\/index.php?rest_route=%2Fwp%2Fv2%2Fcategories&post=18330"},{"taxonomy":"post_tag","embeddable":true,"href":"https:\/\/blog.sierranortedeguadalajara.com\/index.php?rest_route=%2Fwp%2Fv2%2Ftags&post=18330"}],"curies":[{"name":"wp","href":"https:\/\/api.w.org\/{rel}","templated":true}]}}