{"id":18318,"date":"2016-12-06T00:05:00","date_gmt":"2016-12-05T23:05:00","guid":{"rendered":"http:\/\/blog.laveredadepuebla.com\/?p=18318"},"modified":"2023-02-10T12:13:06","modified_gmt":"2023-02-10T12:13:06","slug":"que-pocos-niscalos-hay-este-ano","status":"publish","type":"post","link":"https:\/\/blog.sierranortedeguadalajara.com\/?p=18318","title":{"rendered":"\u00a1Qu\u00e9 pocos n\u00edscalos hay este a\u00f1o!"},"content":{"rendered":"<p><a href=\"https:\/\/blog.laveredadepuebla.com\/2016\/11\/09\/hay -niscalos-este-a\u00f1o\/\"><strong><em><img loading=\"lazy\" decoding=\"async\" class=\"alignright wp-image-18320\" src=\"https:\/\/blog.sierranortedeguadalajara.com\/wp-content\/uploads\/2023\/02\/161206-pocos-3.jpg\" alt=\"161206-pocos-3\" width=\"210\" height=\"158\" \/>Ya lo explicamos<\/em><\/strong><\/a> hace unas semanas. Escasas lluvias y tard\u00edas, los fr\u00edos, los destrozos de la recogida descontrolada,\u2026 auguraban una temporada corta \u00a0para el n\u00edscalo en la <a href=\"https:\/\/blog.laveredadepuebla.com\/2016\/05\/10\/el-mapa-de-la-sierra-norte\/\"><strong><em>Sierra Norte.<\/em><\/strong><\/a><\/p>\n<p><img loading=\"lazy\" decoding=\"async\" class=\"alignleft wp-image-18321\" src=\"https:\/\/blog.sierranortedeguadalajara.com\/wp-content\/uploads\/2023\/02\/161206-pocos-1.jpg\" alt=\"161206-pocos-1\" width=\"210\" height=\"158\" \/>Si bien ya hay<a href=\"http:\/\/www.clm24.es\/articulo\/economia\/gobierno-clm-regula-recoleccion-setas-silvestres-montes-region\/20161121105944136982.html\"> <strong><em>ley de la Junta de Castilla La Mancha<\/em><\/strong><\/a><span style=\"color:#800000;\"><strong><em> (\u00a1por f\u00edn!) <\/em><\/strong><\/span>que regula la recogida de setas en la Comunidad, ha llegado tarde para este a\u00f1o, donde los efectos de los desmanes de temporadas anteriores se han hecho notar.<\/p>\n<p>A estos problemas sumamos que tras las\u00a0 lluvias de noviembre, la hierba est\u00e1 muy alta y hace dif\u00edcil ver los n\u00edscalos; entre la pinaza es tarea casi imposible. En <a href=\"https:\/\/blog.laveredadepuebla.com\/2015\/06\/25\/las-sierras-de-la-sierra-norte\/\"><strong><em>estas sierras,<\/em><\/strong><\/a> a pesar de ello y de lo tard\u00edo de las fechas, se est\u00e1n cogiendo ejemplares suficientes para una degustaci\u00f3n.<img loading=\"lazy\" decoding=\"async\" class=\"alignright wp-image-18322\" src=\"https:\/\/blog.sierranortedeguadalajara.com\/wp-content\/uploads\/2023\/02\/161206-pocos-2.jpg\" alt=\"161206-pocos-2\" width=\"210\" height=\"158\" \/><\/p>\n<p>Y si el fr\u00edo no aprieta en exceso, habr\u00e1 n\u00edscalos<span style=\"color:#800000;\"> <strong>hasta el 15 de diciembre.<\/strong>\u00a0<\/span> As\u00ed que ya sabes, <a href=\"http:\/\/www.laveredadepuebla.com\"><strong><em>vente a casa<\/em><\/strong><\/a> y aprovecha la oportunidad. Pero cuida el monte; no por ti, sino por tus descendientes.<\/p>\n<p><strong><em>Lar-ami<\/em><\/strong><\/p>\n","protected":false},"excerpt":{"rendered":"<p>Ya lo explicamos hace unas semanas. Escasas lluvias y tard\u00edas, los fr\u00edos, los destrozos de la recogida descontrolada,\u2026 auguraban una temporada corta \u00a0para el n\u00edscalo en la Sierra Norte. Si bien ya hay ley de la Junta de Castilla La Mancha (\u00a1por f\u00edn!) que regula la recogida de setas en la Comunidad, ha llegado tarde &hellip; <\/p>\n<p class=\"link-more\"><a href=\"https:\/\/blog.sierranortedeguadalajara.com\/?p=18318\" class=\"more-link\">Seguir leyendo<span class=\"screen-reader-text\"> \u00ab\u00a1Qu\u00e9 pocos n\u00edscalos hay este a\u00f1o!\u00bb<\/span><\/a><\/p>\n","protected":false},"author":1,"featured_media":0,"comment_status":"open","ping_status":"open","sticky":false,"template":"","format":"standard","meta":{"footnotes":""},"categories":[12,6,17],"tags":[2,4,5,7,10],"class_list":["post-18318","post","type-post","status-publish","format-standard","hentry","category-actualidad","category-mundo-rural","category-paisajes-y-lugares-de-la-sierra-norte","tag-actualidad","tag-cultura","tag-historia","tag-naturaleza","tag-sierra-norte","entry"],"_links":{"self":[{"href":"https:\/\/blog.sierranortedeguadalajara.com\/index.php?rest_route=\/wp\/v2\/posts\/18318","targetHints":{"allow":["GET"]}}],"collection":[{"href":"https:\/\/blog.sierranortedeguadalajara.com\/index.php?rest_route=\/wp\/v2\/posts"}],"about":[{"href":"https:\/\/blog.sierranortedeguadalajara.com\/index.php?rest_route=\/wp\/v2\/types\/post"}],"author":[{"embeddable":true,"href":"https:\/\/blog.sierranortedeguadalajara.com\/index.php?rest_route=\/wp\/v2\/users\/1"}],"replies":[{"embeddable":true,"href":"https:\/\/blog.sierranortedeguadalajara.com\/index.php?rest_route=%2Fwp%2Fv2%2Fcomments&post=18318"}],"version-history":[{"count":1,"href":"https:\/\/blog.sierranortedeguadalajara.com\/index.php?rest_route=\/wp\/v2\/posts\/18318\/revisions"}],"predecessor-version":[{"id":26801,"href":"https:\/\/blog.sierranortedeguadalajara.com\/index.php?rest_route=\/wp\/v2\/posts\/18318\/revisions\/26801"}],"wp:attachment":[{"href":"https:\/\/blog.sierranortedeguadalajara.com\/index.php?rest_route=%2Fwp%2Fv2%2Fmedia&parent=18318"}],"wp:term":[{"taxonomy":"category","embeddable":true,"href":"https:\/\/blog.sierranortedeguadalajara.com\/index.php?rest_route=%2Fwp%2Fv2%2Fcategories&post=18318"},{"taxonomy":"post_tag","embeddable":true,"href":"https:\/\/blog.sierranortedeguadalajara.com\/index.php?rest_route=%2Fwp%2Fv2%2Ftags&post=18318"}],"curies":[{"name":"wp","href":"https:\/\/api.w.org\/{rel}","templated":true}]}}