{"id":18299,"date":"2016-12-07T00:05:52","date_gmt":"2016-12-06T23:05:52","guid":{"rendered":"http:\/\/blog.laveredadepuebla.com\/?p=18299"},"modified":"2023-02-10T12:13:06","modified_gmt":"2023-02-10T12:13:06","slug":"hacenderas-y-trabajos-en-vereda","status":"publish","type":"post","link":"https:\/\/blog.sierranortedeguadalajara.com\/?p=18299","title":{"rendered":"Hacenderas y trabajos en vereda"},"content":{"rendered":"<p>El origen de los pueblos de la <a href=\"https:\/\/blog.laveredadepuebla.com\/2016\/05\/10\/el-mapa-de-la-sierra-norte\/\"><strong><em>Sierra Norte<\/em><\/strong> <\/a><span style=\"color:#800000;\"><em>(salvo excepciones como Atienza, Sig\u00fcenza, Jadraque, Cogolludo,\u2026)<\/em><\/span> se sit\u00faa en los siglo XII y XIII, en plena Edad Media. Las necesidades del pueblo eran muchas, y dado que el <a href=\"http:\/\/www.aache.com\/docs\/comunes.htm\"><strong><em>Se\u00f1or y\/o los corregidores del Com\u00fan<\/em><\/strong><\/a> no viv\u00edan aqu\u00ed, era la gente del lugar quien la solucionaba.<\/p>\n<p>Surgieron as\u00ed las <span style=\"color:#800000;\"><strong>\u00abhacenderas\u00bb o \u00abfacenderas\u00bb o \u00abcenderas\u201d\u00a0 o \u201ctrabajos en vereda\u201d, <\/strong><\/span>\u00a0prestaciones de trabajo de car\u00e1cter obligatorio y\/o como pago de tributos, con las que los vecinos contribu\u00edan a obras de utilidad publica: <span style=\"color:#800000;\"><em>arreglo de calles y caminos, canalizaciones, puentes, construcciones,<\/em>\u2026<\/span><\/p>\n<p>Con el paso de los siglos, se elimin\u00f3 el car\u00e1cter obligatorio pero se conserv\u00f3 la tradici\u00f3n\u2026 hasta la <a href=\"https:\/\/blog.laveredadepuebla.com\/2015\/12\/08\/evolucion-de-la-sierra-norte-la-huida\/\"><strong><em>despoblaci\u00f3n masiva<\/em><\/strong> <\/a>en los a\u00f1os sesenta. Las penurias y limitaciones de la sociedad, as\u00ed como la solidaridad, empujaban a los vecinos a realizar estas aportaciones comunitarias. La casa del cura de<a href=\"https:\/\/blog.laveredadepuebla.com\/2015\/09\/23\/puebla-de-valles-y-sus-carcavas\/\"> <strong><em>Puebla de Valles<\/em><\/strong>,<\/a> las canalizaciones de agua en <span style=\"color:#800000;\"><strong><em>Cendejas del Padrastro<\/em><\/strong> y <strong><em>Cendejas de Enmedio<\/em><\/strong>,\u2026<\/span> son algunos ejemplos.<\/p>\n<p><iframe loading=\"lazy\" title=\"Hacenderas en Popular TV Guadalajara\" width=\"640\" height=\"480\" src=\"https:\/\/www.youtube.com\/embed\/akzWQXDC3IY?feature=oembed\" frameborder=\"0\" allow=\"accelerometer; autoplay; clipboard-write; encrypted-media; gyroscope; picture-in-picture; web-share\" referrerpolicy=\"strict-origin-when-cross-origin\" allowfullscreen><\/iframe><\/p>\n<p>Con el <a href=\"https:\/\/blog.laveredadepuebla.com\/2015\/12\/09\/evolucion-de-la-sierra-norte-anos-ochenta\/\"><strong><em>renacer de la Sierra<\/em><\/strong><\/a> en los a\u00f1os 80\/90, se recuper\u00f3 la tradici\u00f3n y se realizaron algunas obras encomiables de recuperaci\u00f3n: <span style=\"color:#800000;\"><strong>Campillo de Ranas<\/strong><\/span> (la iglesia de <a href=\"https:\/\/blog.laveredadepuebla.com\/2015\/07\/24\/el-vado-y-la-iglesia-de-santa-maria\/\"><strong><em>Santa Mar\u00eda del Vado<\/em><\/strong><\/a>), <span style=\"color:#800000;\"><strong>Retiendas<\/strong> <\/span>(<a href=\"https:\/\/blog.laveredadepuebla.com\/2010\/09\/02\/la-fuente-de%C2%A0bonaval\/\"><strong><em>la fuente de los monjes en Bonaval<\/em><\/strong>),<\/a> \u2026 La costumbre sigue en vigor en algunos pueblos serranos, investida de cierto aire festivo, lo que le augura una larga vigencia: el remozamiento anual de <span style=\"color:#800000;\"><strong>Viana de Jadraque <\/strong>y de<\/span><strong><span style=\"color:#800000;\"> Hiendelaencina,<\/span> \u2026. <\/strong><span style=\"color:#800000;\"><em>\u00a0<strong>\u00a1<\/strong><\/em><strong><span style=\"color:#000000;\">Que cunda el ejemplo!<\/span><\/strong><\/span><\/p>\n<p><strong><em>Lar-ami<\/em><\/strong><\/p>\n","protected":false},"excerpt":{"rendered":"<p>El origen de los pueblos de la Sierra Norte (salvo excepciones como Atienza, Sig\u00fcenza, Jadraque, Cogolludo,\u2026) se sit\u00faa en los siglo XII y XIII, en plena Edad Media. Las necesidades del pueblo eran muchas, y dado que el Se\u00f1or y\/o los corregidores del Com\u00fan no viv\u00edan aqu\u00ed, era la gente del lugar quien la solucionaba. &hellip; <\/p>\n<p class=\"link-more\"><a href=\"https:\/\/blog.sierranortedeguadalajara.com\/?p=18299\" class=\"more-link\">Seguir leyendo<span class=\"screen-reader-text\"> \u00abHacenderas y trabajos en vereda\u00bb<\/span><\/a><\/p>\n","protected":false},"author":1,"featured_media":0,"comment_status":"open","ping_status":"open","sticky":false,"template":"","format":"standard","meta":{"footnotes":""},"categories":[12,17],"tags":[2,100,4,115,5,7,10],"class_list":["post-18299","post","type-post","status-publish","format-standard","hentry","category-actualidad","category-paisajes-y-lugares-de-la-sierra-norte","tag-actualidad","tag-costumbres-y-tradiciones","tag-cultura","tag-fiestas-y-eventos","tag-historia","tag-naturaleza","tag-sierra-norte","entry"],"_links":{"self":[{"href":"https:\/\/blog.sierranortedeguadalajara.com\/index.php?rest_route=\/wp\/v2\/posts\/18299","targetHints":{"allow":["GET"]}}],"collection":[{"href":"https:\/\/blog.sierranortedeguadalajara.com\/index.php?rest_route=\/wp\/v2\/posts"}],"about":[{"href":"https:\/\/blog.sierranortedeguadalajara.com\/index.php?rest_route=\/wp\/v2\/types\/post"}],"author":[{"embeddable":true,"href":"https:\/\/blog.sierranortedeguadalajara.com\/index.php?rest_route=\/wp\/v2\/users\/1"}],"replies":[{"embeddable":true,"href":"https:\/\/blog.sierranortedeguadalajara.com\/index.php?rest_route=%2Fwp%2Fv2%2Fcomments&post=18299"}],"version-history":[{"count":1,"href":"https:\/\/blog.sierranortedeguadalajara.com\/index.php?rest_route=\/wp\/v2\/posts\/18299\/revisions"}],"predecessor-version":[{"id":26797,"href":"https:\/\/blog.sierranortedeguadalajara.com\/index.php?rest_route=\/wp\/v2\/posts\/18299\/revisions\/26797"}],"wp:attachment":[{"href":"https:\/\/blog.sierranortedeguadalajara.com\/index.php?rest_route=%2Fwp%2Fv2%2Fmedia&parent=18299"}],"wp:term":[{"taxonomy":"category","embeddable":true,"href":"https:\/\/blog.sierranortedeguadalajara.com\/index.php?rest_route=%2Fwp%2Fv2%2Fcategories&post=18299"},{"taxonomy":"post_tag","embeddable":true,"href":"https:\/\/blog.sierranortedeguadalajara.com\/index.php?rest_route=%2Fwp%2Fv2%2Ftags&post=18299"}],"curies":[{"name":"wp","href":"https:\/\/api.w.org\/{rel}","templated":true}]}}