{"id":18182,"date":"2016-11-09T00:05:00","date_gmt":"2016-11-08T23:05:00","guid":{"rendered":"http:\/\/blog.laveredadepuebla.com\/?p=18182"},"modified":"2023-02-10T12:13:06","modified_gmt":"2023-02-10T12:13:06","slug":"hay-niscalos-este-ano","status":"publish","type":"post","link":"https:\/\/blog.sierranortedeguadalajara.com\/?p=18182","title":{"rendered":"\u00bfHay n\u00edscalos este a\u00f1o?"},"content":{"rendered":"<p>La pregunta resuena en toda la<a href=\"https:\/\/blog.laveredadepuebla.com\/2016\/05\/10\/el-mapa-de-la-sierra-norte\/\"> <strong><em>Sierra Norte<\/em><\/strong><\/a>. La respuesta es <span style=\"color:#800000;\"><strong>No\u2026 todav\u00eda.<\/strong><\/span> \u00a0La siguiente es <span style=\"color:#800000;\"><strong>\u00bfy habr\u00e1?<\/strong><\/span> Los m\u00e1s expertos seteros de <a href=\"https:\/\/blog.laveredadepuebla.com\/2015\/06\/25\/las-sierras-de-la-sierra-norte\/\"><strong><em>estas sierras<\/em><\/strong><\/a> no se ponen de acuerdo:<\/p>\n<ul>\n<li>Las lluvias han sido muy tard\u00edas, a finales de Septiembre. Y muy escasas, apenas 20\/30 litros por metro cuadrado<span style=\"color:#800000;\"> <em>(las que cayeron esta semana pasada no cuentan).<\/em><\/span><\/li>\n<li>La llegada del fr\u00edo en estos d\u00edas, con heladas y nieve por encima de los 1.000 metros de altitud, no augura nada bueno.<img loading=\"lazy\" decoding=\"async\" class=\"alignright size-medium wp-image-18183\" src=\"https:\/\/blog.sierranortedeguadalajara.com\/wp-content\/uploads\/2023\/02\/161109-niscalos-1.jpg\" alt=\"161109-niscalos-1\" width=\"300\" height=\"225\" \/><\/li>\n<li>La removida en seco de suelos y pinaza, en la b\u00fasqueda de n\u00edscalos inexistentes <span style=\"color:#800000;\"><strong><em>(\u00a1desde principios de octubre!)<\/em><\/strong><\/span> est\u00e1 impidiendo que el micelio se active y crezca.<\/li>\n<li>La regulaci\u00f3n en algunos municipios <span style=\"color:#800000;\"><strong>(Almirute, Bustares, Cogolludo, Aldeanueva de Atienza,\u2026)<\/strong> <\/span>intenta poner orden y evitar los estropicios de todos los a\u00f1os.<\/li>\n<li>Los serranos se muestran pesimistas, visto como va la temporada. De setas de <a href=\"http:\/\/www.dguadalajara.es\/c\/document_library\/get_file?uuid=a2b6c4d9-4259-4380...\"><strong><em>cardo, champi\u00f1ones, setas de chopo y parasoles<\/em><\/strong>,<\/a> apenas un pu\u00f1ado para probarlas. Los boletus ni est\u00e1n ni se les espera.<\/li>\n<\/ul>\n<p>Resumiendo, este a\u00f1o saldr\u00e1n algunos n\u00edscalos si levantan los fr\u00edos, pero <a href=\"https:\/\/blog.laveredadepuebla.com\/2013\/09\/28\/cuando-salen-los-niscalos\/\"><strong><em>no antes del 15 de noviembre<\/em><\/strong><\/a><em>.<\/em> Si quieres <a href=\"http:\/\/www.laveredadepuebla.com\"><em><strong>vente a casa<\/strong><\/em><\/a> y lo compruebas. Y cuida el monte; es de todos.<\/p>\n<p><strong><em>Lar-ami<\/em><\/strong><\/p>\n","protected":false},"excerpt":{"rendered":"<p>La pregunta resuena en toda la Sierra Norte. La respuesta es No\u2026 todav\u00eda. \u00a0La siguiente es \u00bfy habr\u00e1? Los m\u00e1s expertos seteros de estas sierras no se ponen de acuerdo: Las lluvias han sido muy tard\u00edas, a finales de Septiembre. Y muy escasas, apenas 20\/30 litros por metro cuadrado (las que cayeron esta semana pasada &hellip; <\/p>\n<p class=\"link-more\"><a href=\"https:\/\/blog.sierranortedeguadalajara.com\/?p=18182\" class=\"more-link\">Seguir leyendo<span class=\"screen-reader-text\"> \u00ab\u00bfHay n\u00edscalos este a\u00f1o?\u00bb<\/span><\/a><\/p>\n","protected":false},"author":1,"featured_media":0,"comment_status":"open","ping_status":"open","sticky":false,"template":"","format":"standard","meta":{"footnotes":""},"categories":[12,6],"tags":[2,4,5,7,10],"class_list":["post-18182","post","type-post","status-publish","format-standard","hentry","category-actualidad","category-mundo-rural","tag-actualidad","tag-cultura","tag-historia","tag-naturaleza","tag-sierra-norte","entry"],"_links":{"self":[{"href":"https:\/\/blog.sierranortedeguadalajara.com\/index.php?rest_route=\/wp\/v2\/posts\/18182","targetHints":{"allow":["GET"]}}],"collection":[{"href":"https:\/\/blog.sierranortedeguadalajara.com\/index.php?rest_route=\/wp\/v2\/posts"}],"about":[{"href":"https:\/\/blog.sierranortedeguadalajara.com\/index.php?rest_route=\/wp\/v2\/types\/post"}],"author":[{"embeddable":true,"href":"https:\/\/blog.sierranortedeguadalajara.com\/index.php?rest_route=\/wp\/v2\/users\/1"}],"replies":[{"embeddable":true,"href":"https:\/\/blog.sierranortedeguadalajara.com\/index.php?rest_route=%2Fwp%2Fv2%2Fcomments&post=18182"}],"version-history":[{"count":1,"href":"https:\/\/blog.sierranortedeguadalajara.com\/index.php?rest_route=\/wp\/v2\/posts\/18182\/revisions"}],"predecessor-version":[{"id":26866,"href":"https:\/\/blog.sierranortedeguadalajara.com\/index.php?rest_route=\/wp\/v2\/posts\/18182\/revisions\/26866"}],"wp:attachment":[{"href":"https:\/\/blog.sierranortedeguadalajara.com\/index.php?rest_route=%2Fwp%2Fv2%2Fmedia&parent=18182"}],"wp:term":[{"taxonomy":"category","embeddable":true,"href":"https:\/\/blog.sierranortedeguadalajara.com\/index.php?rest_route=%2Fwp%2Fv2%2Fcategories&post=18182"},{"taxonomy":"post_tag","embeddable":true,"href":"https:\/\/blog.sierranortedeguadalajara.com\/index.php?rest_route=%2Fwp%2Fv2%2Ftags&post=18182"}],"curies":[{"name":"wp","href":"https:\/\/api.w.org\/{rel}","templated":true}]}}