{"id":18045,"date":"2016-10-14T00:05:52","date_gmt":"2016-10-13T22:05:52","guid":{"rendered":"http:\/\/blog.laveredadepuebla.com\/?p=18045"},"modified":"2023-02-10T12:13:07","modified_gmt":"2023-02-10T12:13:07","slug":"la-leyenda-del-bandolero-santamera","status":"publish","type":"post","link":"https:\/\/blog.sierranortedeguadalajara.com\/?p=18045","title":{"rendered":"La leyenda del bandolero Santamera"},"content":{"rendered":"<p>Toda sierra que se precie debe <a href=\"https:\/\/blog.laveredadepuebla.com\/2010\/06\/06\/bandoleros-en-la-ribera\/\"><strong><em>tener bandoleros<\/em><\/strong>. <\/a>Y la <a href=\"https:\/\/blog.laveredadepuebla.com\/2016\/05\/10\/el-mapa-de-la-sierra-norte\/\"><strong><em>Sierra Norte de Guadalajara<\/em><\/strong><\/a> presume de algunos y en especial de<span style=\"color:#800000;\"><strong><em> Santamera,<\/em><\/strong> <span style=\"color:#000000;\">del que no hay constancia hist\u00f3rica pero si una hermosa leyenda.<\/span><strong>\u00a0 <\/strong><\/span><\/p>\n<p><img loading=\"lazy\" decoding=\"async\" class=\"alignleft wp-image-18049\" src=\"https:\/\/blog.sierranortedeguadalajara.com\/wp-content\/uploads\/2023\/02\/161011-santamera-11.jpg\" alt=\"161011-santamera-1\" width=\"203\" height=\"270\" \/>Dicen que perteneci\u00f3 a la partida de <span style=\"color:#800000;\"><strong>El Empecinado, <\/strong><\/span>y que al terminar la Guerra de Independencia,\u00a0 no se adapt\u00f3 a la vida civil y se ech\u00f3 al monte en <a href=\"https:\/\/blog.laveredadepuebla.com\/2009\/07\/03\/los-pueblos-de-la-ribera-la-mierla\/\"><strong><em>La Mierla, <\/em><\/strong><\/a>donde a\u00fan perdura<span style=\"color:#800000;\"> <strong><em>la leyenda.<\/em><\/strong><\/span> A los ni\u00f1os les asustan con la frase <strong><em><span style=\"color:#800000;\">\u201csi no te portes bien te va a llevar Santamera\u201d.<\/span> <\/em><\/strong>Y les rega\u00f1an con \u00a0esta otra<strong><em><span style=\"color:#800000;\">\u201deres m\u00e1s malo que Santamera\u201d.<\/span> <\/em><\/strong><\/p>\n<p>Cuentan que el bandido operaba en el <span style=\"color:#800000;\"><strong><em>camino de las Encinas<\/em><\/strong> <\/span>\u00a0<em>(sale de la <\/em><a href=\"https:\/\/blog.laveredadepuebla.com\/2012\/12\/11\/la-fuente-romana-de-la-mierla\/\"><strong><em>fuente medieval de La Mierla<\/em><\/strong><\/a><em>) \u00a0<\/em>y en <strong><em><span style=\"color:#800000;\">el cordel de las Merinas<\/span> <\/em><\/strong><em>(hoy CM-1.004<\/em>). \u00a0Entre ambos <em>(muy transitados en la \u00e9poca) <\/em>ten\u00eda su guarida, <span style=\"color:#800000;\"><strong><em>la cueva de Santamera<\/em><\/strong><\/span>, que por el tama\u00f1o de su entrada <em>(que\u00a0 disimulaba con piedras)<\/em> y por la posici\u00f3n, m\u00e1s parec\u00eda una conejera.<\/p>\n<p><img loading=\"lazy\" decoding=\"async\" class=\"alignright wp-image-18050\" src=\"https:\/\/blog.sierranortedeguadalajara.com\/wp-content\/uploads\/2023\/02\/161011-santamera-2.jpg\" alt=\"161011-santamera-2\" width=\"270\" height=\"203\" \/>Esto y la rapidez con que desaparec\u00eda tras los asaltos, dificultaron su captura por los <strong><em><a href=\"https:\/\/es.wikipedia.org\/wiki\/Miguelete\">migueletes<\/a>; <\/em><\/strong>seg\u00fan cuentan, localizaron la cueva y apostaron una pareja en la puerta para apresarle a la salida, como as\u00ed ocurri\u00f3, aunque no se sabe fecha.<\/p>\n<p><span style=\"color:#800000;\"><strong><em>Se dice que en cierta ocasi\u00f3n el bandolero atrac\u00f3 a un cura que no solo le neg\u00f3 la bolsa, sino que le recrimin\u00f3 su comportamiento y le invit\u00f3 a volver al buen camino.\u00a0 Adem\u00e1s le cont\u00f3 las muchas penurias que sufr\u00eda por los males de la posguerra y lo dif\u00edcil que era ejercer su ministerio. Tanto le llor\u00f3 que Santamera le perdon\u00f3 la bolsa, la vida,\u2026 y hasta le dio un duro de plata como limosna. <\/em><\/strong><\/span><em><span style=\"color:#800000;\"><strong>Unos dicen que el cura era de Tamaj\u00f3n \u00a0y otros que era monje en el Monasterio de Bonaval.<\/strong><\/span>\u00a0 <\/em>A nosotros nos basta con la leyenda, que contamos a los visitantes.<\/p>\n<p><strong><em>Lar-ami<\/em><\/strong><\/p>\n","protected":false},"excerpt":{"rendered":"<p>Toda sierra que se precie debe tener bandoleros. Y la Sierra Norte de Guadalajara presume de algunos y en especial de Santamera, del que no hay constancia hist\u00f3rica pero si una hermosa leyenda.\u00a0 Dicen que perteneci\u00f3 a la partida de El Empecinado, y que al terminar la Guerra de Independencia,\u00a0 no se adapt\u00f3 a la &hellip; <\/p>\n<p class=\"link-more\"><a href=\"https:\/\/blog.sierranortedeguadalajara.com\/?p=18045\" class=\"more-link\">Seguir leyendo<span class=\"screen-reader-text\"> \u00abLa leyenda del bandolero Santamera\u00bb<\/span><\/a><\/p>\n","protected":false},"author":1,"featured_media":0,"comment_status":"open","ping_status":"open","sticky":false,"template":"","format":"standard","meta":{"footnotes":""},"categories":[12,17,9],"tags":[2,102,4,5,62,7,10],"class_list":["post-18045","post","type-post","status-publish","format-standard","hentry","category-actualidad","category-paisajes-y-lugares-de-la-sierra-norte","category-rincones-de-la-sierra-norte","tag-actualidad","tag-cuento","tag-cultura","tag-historia","tag-leyenda","tag-naturaleza","tag-sierra-norte","entry"],"_links":{"self":[{"href":"https:\/\/blog.sierranortedeguadalajara.com\/index.php?rest_route=\/wp\/v2\/posts\/18045","targetHints":{"allow":["GET"]}}],"collection":[{"href":"https:\/\/blog.sierranortedeguadalajara.com\/index.php?rest_route=\/wp\/v2\/posts"}],"about":[{"href":"https:\/\/blog.sierranortedeguadalajara.com\/index.php?rest_route=\/wp\/v2\/types\/post"}],"author":[{"embeddable":true,"href":"https:\/\/blog.sierranortedeguadalajara.com\/index.php?rest_route=\/wp\/v2\/users\/1"}],"replies":[{"embeddable":true,"href":"https:\/\/blog.sierranortedeguadalajara.com\/index.php?rest_route=%2Fwp%2Fv2%2Fcomments&post=18045"}],"version-history":[{"count":1,"href":"https:\/\/blog.sierranortedeguadalajara.com\/index.php?rest_route=\/wp\/v2\/posts\/18045\/revisions"}],"predecessor-version":[{"id":26933,"href":"https:\/\/blog.sierranortedeguadalajara.com\/index.php?rest_route=\/wp\/v2\/posts\/18045\/revisions\/26933"}],"wp:attachment":[{"href":"https:\/\/blog.sierranortedeguadalajara.com\/index.php?rest_route=%2Fwp%2Fv2%2Fmedia&parent=18045"}],"wp:term":[{"taxonomy":"category","embeddable":true,"href":"https:\/\/blog.sierranortedeguadalajara.com\/index.php?rest_route=%2Fwp%2Fv2%2Fcategories&post=18045"},{"taxonomy":"post_tag","embeddable":true,"href":"https:\/\/blog.sierranortedeguadalajara.com\/index.php?rest_route=%2Fwp%2Fv2%2Ftags&post=18045"}],"curies":[{"name":"wp","href":"https:\/\/api.w.org\/{rel}","templated":true}]}}