{"id":17960,"date":"2016-09-23T00:05:18","date_gmt":"2016-09-22T22:05:18","guid":{"rendered":"http:\/\/blog.laveredadepuebla.com\/?p=17960"},"modified":"2023-02-10T12:13:07","modified_gmt":"2023-02-10T12:13:07","slug":"los-frutos-de-la-retama","status":"publish","type":"post","link":"https:\/\/blog.sierranortedeguadalajara.com\/?p=17960","title":{"rendered":"Los frutos de la retama"},"content":{"rendered":"<p>Su abundancia en cualquier rinc\u00f3n de la <a href=\"https:\/\/blog.laveredadepuebla.com\/2016\/05\/10\/el-mapa-de-la-sierra-norte\/\"><strong><em>Sierra Norte de Guadalajara<\/em><\/strong><\/a>, la despoblaci\u00f3n y la p\u00e9rdida paulatina del acerbo cultural\u00a0 serrano han hecho que nos olvidemos de esta planta que tantos y tan buenos servicios ha prestado a nuestros antepasados.<\/p>\n<p><img loading=\"lazy\" decoding=\"async\" class=\"alignright wp-image-17961 size-medium\" src=\"https:\/\/blog.sierranortedeguadalajara.com\/wp-content\/uploads\/2023\/02\/160923-fruto-retama.jpg\" alt=\"160923-fruto-retama\" width=\"300\" height=\"225\" \/>Alimentaba al ganado, cubr\u00eda tejados antes de colocar las tejas, cerraba ventanucos en c\u00e1maras y desvanes, servia para <a href=\"http:\/\/multiplantas.com\/propiedades-de-la-retama-de-escobas\/\"><strong><em>hacer escobas<\/em><\/strong> <\/a><span style=\"color:#800000;\"><em>(ideales para suelos de tierra)<\/em> <\/span>que barr\u00edan casas, calles y corrales, combustible para braseros y chimenea, \u2026\u00a0 y ten\u00eda <a href=\"http:\/\/www.remediosconhierbas.com\/blog\/la-retama-y-sus-propiedades-medicinales\/\"><strong><em>propiedades medicinales, <\/em><\/strong><\/a>que a\u00fan hoy son apreciadas.<\/p>\n<p>Sus flores de un amarillo intenso han adornado iglesias, procesiones y fiestas.\u00a0 Resultan muy llamativas a finales de la primavera y en verano. Sus frutos tienen forma redondeada y del tama\u00f1o de guisantes y no llaman la atenci\u00f3n.<\/p>\n<p><img loading=\"lazy\" decoding=\"async\" class=\"alignleft wp-image-17963\" src=\"https:\/\/blog.sierranortedeguadalajara.com\/wp-content\/uploads\/2023\/02\/160923-fruto-retama-2.jpg\" alt=\"160923-fruto-retama-2\" width=\"240\" height=\"180\" \/><img loading=\"lazy\" decoding=\"async\" class=\"alignright wp-image-17964\" src=\"https:\/\/blog.sierranortedeguadalajara.com\/wp-content\/uploads\/2023\/02\/160923-fruto-retama-3.jpg\" alt=\"160923-fruto-retama-3\" width=\"240\" height=\"180\" \/>Hay una variedad, tambi\u00e9n silvestre y muy poco concocida, la <a href=\"http:\/\/www.semillassilvestres.com\/arboles-y-arbustos-planifolios\/965\/retama-sphaerocarpa-l-boiss\/\"><strong><em>retama sphaerocarpa<\/em><\/strong><\/a>, cuyos frutos est\u00e1n alojados en una vaina<span style=\"color:#800000;\"> <em>(es dicotiled\u00f3nea)<\/em><\/span>, peque\u00f1a y de color marr\u00f3n oscuro, con un fruto menudo, menor que una lenteja. Y he querido traerla a este blog para que apreciemos su sencilla belleza.<\/p>\n<p><strong><em>Lar-ami<\/em><\/strong><\/p>\n","protected":false},"excerpt":{"rendered":"<p>Su abundancia en cualquier rinc\u00f3n de la Sierra Norte de Guadalajara, la despoblaci\u00f3n y la p\u00e9rdida paulatina del acerbo cultural\u00a0 serrano han hecho que nos olvidemos de esta planta que tantos y tan buenos servicios ha prestado a nuestros antepasados. Alimentaba al ganado, cubr\u00eda tejados antes de colocar las tejas, cerraba ventanucos en c\u00e1maras y &hellip; <\/p>\n<p class=\"link-more\"><a href=\"https:\/\/blog.sierranortedeguadalajara.com\/?p=17960\" class=\"more-link\">Seguir leyendo<span class=\"screen-reader-text\"> \u00abLos frutos de la retama\u00bb<\/span><\/a><\/p>\n","protected":false},"author":1,"featured_media":0,"comment_status":"open","ping_status":"open","sticky":false,"template":"","format":"standard","meta":{"footnotes":""},"categories":[12,6],"tags":[2,4,5,7,10],"class_list":["post-17960","post","type-post","status-publish","format-standard","hentry","category-actualidad","category-mundo-rural","tag-actualidad","tag-cultura","tag-historia","tag-naturaleza","tag-sierra-norte","entry"],"_links":{"self":[{"href":"https:\/\/blog.sierranortedeguadalajara.com\/index.php?rest_route=\/wp\/v2\/posts\/17960","targetHints":{"allow":["GET"]}}],"collection":[{"href":"https:\/\/blog.sierranortedeguadalajara.com\/index.php?rest_route=\/wp\/v2\/posts"}],"about":[{"href":"https:\/\/blog.sierranortedeguadalajara.com\/index.php?rest_route=\/wp\/v2\/types\/post"}],"author":[{"embeddable":true,"href":"https:\/\/blog.sierranortedeguadalajara.com\/index.php?rest_route=\/wp\/v2\/users\/1"}],"replies":[{"embeddable":true,"href":"https:\/\/blog.sierranortedeguadalajara.com\/index.php?rest_route=%2Fwp%2Fv2%2Fcomments&post=17960"}],"version-history":[{"count":1,"href":"https:\/\/blog.sierranortedeguadalajara.com\/index.php?rest_route=\/wp\/v2\/posts\/17960\/revisions"}],"predecessor-version":[{"id":26976,"href":"https:\/\/blog.sierranortedeguadalajara.com\/index.php?rest_route=\/wp\/v2\/posts\/17960\/revisions\/26976"}],"wp:attachment":[{"href":"https:\/\/blog.sierranortedeguadalajara.com\/index.php?rest_route=%2Fwp%2Fv2%2Fmedia&parent=17960"}],"wp:term":[{"taxonomy":"category","embeddable":true,"href":"https:\/\/blog.sierranortedeguadalajara.com\/index.php?rest_route=%2Fwp%2Fv2%2Fcategories&post=17960"},{"taxonomy":"post_tag","embeddable":true,"href":"https:\/\/blog.sierranortedeguadalajara.com\/index.php?rest_route=%2Fwp%2Fv2%2Ftags&post=17960"}],"curies":[{"name":"wp","href":"https:\/\/api.w.org\/{rel}","templated":true}]}}