{"id":17955,"date":"2016-09-22T00:05:50","date_gmt":"2016-09-21T22:05:50","guid":{"rendered":"http:\/\/blog.laveredadepuebla.com\/?p=17955"},"modified":"2023-02-10T12:13:07","modified_gmt":"2023-02-10T12:13:07","slug":"arboles-singulares-de-puebla-de-valles","status":"publish","type":"post","link":"https:\/\/blog.sierranortedeguadalajara.com\/?p=17955","title":{"rendered":"\u00c1rboles singulares de Puebla de Valles"},"content":{"rendered":"<p><img loading=\"lazy\" decoding=\"async\" class=\"alignleft wp-image-17956\" src=\"https:\/\/blog.sierranortedeguadalajara.com\/wp-content\/uploads\/2023\/02\/160922-arboles-sing-1.jpg\" alt=\"160922-arboles-sing-1\" width=\"240\" height=\"180\" \/>Ahora que la <a href=\"http:\/\/serraniadeguadalajara.com\/\"><em><strong>A.C. La Serran\u00eda<\/strong><\/em><\/a>\u00a0 est\u00e1 preparando para el <span style=\"color:#800000;\"><strong>Dia de la Sierra<\/strong><\/span> una exposici\u00f3n sobre \u00e1rboles singulares de <strong><em><a href=\"https:\/\/blog.laveredadepuebla.com\/2016\/05\/10\/el-mapa-de-la-sierra-norte\/\">la Sierra Norte de Guadalajara<\/a>, <\/em><\/strong>\u00a0es el momento de hablar de los que tenemos en <strong><em>Puebla de Valles. <\/em><\/strong>Hemos presentado 7, que bien merecen este t\u00edtulo, aunque tenemos identificados bastantes m\u00e1s.<\/p>\n<p>De algunos ya hemos hablado en este blog: el <a href=\"https:\/\/blog.laveredadepuebla.com\/2012\/07\/17\/el-enebro-de-casasola\/\"><strong><em>enebro de Casasola<\/em><\/strong><\/a>, el <a href=\"https:\/\/blog.laveredadepuebla.com\/2010\/03\/15\/el-olivo-milenario\/\"><strong><em>olivo Milenario de la plaza <\/em><\/strong><\/a>y los abundantes<a href=\"https:\/\/blog.laveredadepuebla.com\/2010\/06\/02\/puebla-de-valles-y-sus-olivos%C2%A0milenarios\/\"> <strong><em>olivos centenarios y milenarios<\/em><\/strong><\/a> que pueblan el t\u00e9rmino. De sus propiedades medicinales ya hablaremos otro d\u00eda.<\/p>\n<p><img loading=\"lazy\" decoding=\"async\" class=\"alignleft wp-image-17957\" src=\"https:\/\/blog.sierranortedeguadalajara.com\/wp-content\/uploads\/2023\/02\/160922-arboles-sing-3.jpg\" alt=\"160922-arboles-sing-3\" width=\"240\" height=\"170\" \/><img loading=\"lazy\" decoding=\"async\" class=\"alignright wp-image-17958\" src=\"https:\/\/blog.sierranortedeguadalajara.com\/wp-content\/uploads\/2023\/02\/160922-arboles-sing-2.jpg\" alt=\"160922-arboles-sing-2\" width=\"240\" height=\"180\" \/>Hoy destacamos el <span style=\"color:#800000;\"><strong>olivo de los Albillares,<\/strong><\/span> compa\u00f1ero del Milenario <span style=\"color:#800000;\"><em>(estaba plantado a pocos metros antes de llevarlo al pueblo)<\/em>,<\/span> de similar tama\u00f1o y aspecto, por lo que deben ser mellizos. Tienen la misma circunferencia <em>(6 metros) <\/em>pero se diferencian en la altura <span style=\"color:#800000;\"><em>(10,5 metros frente a 5 del Milenario).<\/em><\/span><\/p>\n<p>Dicho as\u00ed no impresiona, pero si observas las im\u00e1genes cambiar\u00e1s de opini\u00f3n. Como nos ha pasado a todos.<\/p>\n<p><strong><em>Lar-ami<\/em><\/strong><\/p>\n","protected":false},"excerpt":{"rendered":"<p>Ahora que la A.C. La Serran\u00eda\u00a0 est\u00e1 preparando para el Dia de la Sierra una exposici\u00f3n sobre \u00e1rboles singulares de la Sierra Norte de Guadalajara, \u00a0es el momento de hablar de los que tenemos en Puebla de Valles. Hemos presentado 7, que bien merecen este t\u00edtulo, aunque tenemos identificados bastantes m\u00e1s. De algunos ya hemos &hellip; <\/p>\n<p class=\"link-more\"><a href=\"https:\/\/blog.sierranortedeguadalajara.com\/?p=17955\" class=\"more-link\">Seguir leyendo<span class=\"screen-reader-text\"> \u00ab\u00c1rboles singulares de Puebla de Valles\u00bb<\/span><\/a><\/p>\n","protected":false},"author":1,"featured_media":0,"comment_status":"open","ping_status":"open","sticky":false,"template":"","format":"standard","meta":{"footnotes":""},"categories":[12,6,17],"tags":[2,4,5,7,8,10],"class_list":["post-17955","post","type-post","status-publish","format-standard","hentry","category-actualidad","category-mundo-rural","category-paisajes-y-lugares-de-la-sierra-norte","tag-actualidad","tag-cultura","tag-historia","tag-naturaleza","tag-puebla-de-valles","tag-sierra-norte","entry"],"_links":{"self":[{"href":"https:\/\/blog.sierranortedeguadalajara.com\/index.php?rest_route=\/wp\/v2\/posts\/17955","targetHints":{"allow":["GET"]}}],"collection":[{"href":"https:\/\/blog.sierranortedeguadalajara.com\/index.php?rest_route=\/wp\/v2\/posts"}],"about":[{"href":"https:\/\/blog.sierranortedeguadalajara.com\/index.php?rest_route=\/wp\/v2\/types\/post"}],"author":[{"embeddable":true,"href":"https:\/\/blog.sierranortedeguadalajara.com\/index.php?rest_route=\/wp\/v2\/users\/1"}],"replies":[{"embeddable":true,"href":"https:\/\/blog.sierranortedeguadalajara.com\/index.php?rest_route=%2Fwp%2Fv2%2Fcomments&post=17955"}],"version-history":[{"count":1,"href":"https:\/\/blog.sierranortedeguadalajara.com\/index.php?rest_route=\/wp\/v2\/posts\/17955\/revisions"}],"predecessor-version":[{"id":26980,"href":"https:\/\/blog.sierranortedeguadalajara.com\/index.php?rest_route=\/wp\/v2\/posts\/17955\/revisions\/26980"}],"wp:attachment":[{"href":"https:\/\/blog.sierranortedeguadalajara.com\/index.php?rest_route=%2Fwp%2Fv2%2Fmedia&parent=17955"}],"wp:term":[{"taxonomy":"category","embeddable":true,"href":"https:\/\/blog.sierranortedeguadalajara.com\/index.php?rest_route=%2Fwp%2Fv2%2Fcategories&post=17955"},{"taxonomy":"post_tag","embeddable":true,"href":"https:\/\/blog.sierranortedeguadalajara.com\/index.php?rest_route=%2Fwp%2Fv2%2Ftags&post=17955"}],"curies":[{"name":"wp","href":"https:\/\/api.w.org\/{rel}","templated":true}]}}