{"id":17949,"date":"2016-09-21T00:05:38","date_gmt":"2016-09-20T22:05:38","guid":{"rendered":"http:\/\/blog.laveredadepuebla.com\/?p=17949"},"modified":"2023-02-10T12:13:07","modified_gmt":"2023-02-10T12:13:07","slug":"bosques-de-verano","status":"publish","type":"post","link":"https:\/\/blog.sierranortedeguadalajara.com\/?p=17949","title":{"rendered":"Bosques de verano"},"content":{"rendered":"<p>En esta estaci\u00f3n que ya se marcha, los bosques son poco visitados; dicen que la brisa no circula y hace mucho calor\u2026. \u00a0Lo cual es cierto\u2026si elegimos las horas centrales del d\u00eda.<\/p>\n<p><img loading=\"lazy\" decoding=\"async\" class=\"alignleft wp-image-17950\" src=\"https:\/\/blog.sierranortedeguadalajara.com\/wp-content\/uploads\/2023\/02\/160921-bosque-verano-1.jpg\" alt=\"160921-bosque-verano-1\" width=\"240\" height=\"180\" \/><img loading=\"lazy\" decoding=\"async\" class=\"alignright wp-image-17951\" src=\"https:\/\/blog.sierranortedeguadalajara.com\/wp-content\/uploads\/2023\/02\/160921-bosque-verano-2.jpg\" alt=\"160921-bosque-verano-2\" width=\"240\" height=\"180\" \/>Pero por la ma\u00f1ana el roc\u00edo proporciona frescor y un intenso olor a humedad. Adem\u00e1s a esa hora el colorido del bosque resulta muy especial. \u00a0En la <a href=\"https:\/\/blog.laveredadepuebla.com\/2016\/05\/10\/el-mapa-de-la-sierra-norte\/\"><strong><em>Sierra Norte de Guadalajara<\/em><\/strong> <\/a>tenemos <strong><span style=\"color:#800000;\">encinares, robledales, un sabinar, fresneras, choperas, un hayedo y sobre todo,\u00a0 extensos pinares.<\/span> <\/strong><\/p>\n<p><strong><img loading=\"lazy\" decoding=\"async\" class=\"alignleft size-medium wp-image-17952\" src=\"https:\/\/blog.sierranortedeguadalajara.com\/wp-content\/uploads\/2023\/02\/160921-bosque-verano-4.jpg\" alt=\"160921-bosque-verano-4\" width=\"300\" height=\"225\" \/><\/strong>Por cierto que del pino se ha valorado siempre su r\u00e1pido crecimiento, capacidad para vivir en lugares agrestes y pobres, su resistencia ante la erosi\u00f3n, su madera, \u2026 y poco m\u00e1s <em>(pi\u00f1ones, resina,\u2026 de algunas especies). <\/em>\u00a0Pero no se ha hablado de sus<a href=\"http:\/\/www.misabueso.com\/salud\/Pino\"> <strong><em>propiedades medicinales<\/em><\/strong><\/a>, como hizo <a href=\"http:\/\/www.iqb.es\/historiamedicina\/personas\/paracelso.htm\"><strong><em>Paracelso<\/em><\/strong> <\/a>en el siglo XVI:<\/p>\n<p><span style=\"color:#800000;\"><em>\u201clos brotes del pino tienen propiedades t\u00f3nicas, excitantes, diur\u00e9ticas, anticatarrales y sudor\u00edficas. Se recomienda contra la hidropes\u00eda, retenciones de orina, s\u00edfilis, asmas, catarros, reumatismos, escorbuto,.. <\/em><\/span><em><span style=\"color:#800000;\">Se prepara una infusi\u00f3n hirviendo 15 grs en \u00bd litro de agua. Una tacita cada 3 horas si se busca alivio solamente; 4 vasitos cuando se trata de curar una enfermedad declarada\u201d.<\/span> <\/em><\/p>\n<p>Y en verano, un paseo ma\u00f1anero <em>(y tempranero) <\/em>por el pinar nos ayuda a abrir los pulmones y respirar mejor el resto del d\u00eda.<\/p>\n<p><strong><em>Lar-ami<\/em><\/strong><\/p>\n","protected":false},"excerpt":{"rendered":"<p>En esta estaci\u00f3n que ya se marcha, los bosques son poco visitados; dicen que la brisa no circula y hace mucho calor\u2026. \u00a0Lo cual es cierto\u2026si elegimos las horas centrales del d\u00eda. Pero por la ma\u00f1ana el roc\u00edo proporciona frescor y un intenso olor a humedad. Adem\u00e1s a esa hora el colorido del bosque resulta &hellip; <\/p>\n<p class=\"link-more\"><a href=\"https:\/\/blog.sierranortedeguadalajara.com\/?p=17949\" class=\"more-link\">Seguir leyendo<span class=\"screen-reader-text\"> \u00abBosques de verano\u00bb<\/span><\/a><\/p>\n","protected":false},"author":1,"featured_media":0,"comment_status":"open","ping_status":"open","sticky":false,"template":"","format":"standard","meta":{"footnotes":""},"categories":[12,6,17],"tags":[2,4,5,7,10],"class_list":["post-17949","post","type-post","status-publish","format-standard","hentry","category-actualidad","category-mundo-rural","category-paisajes-y-lugares-de-la-sierra-norte","tag-actualidad","tag-cultura","tag-historia","tag-naturaleza","tag-sierra-norte","entry"],"_links":{"self":[{"href":"https:\/\/blog.sierranortedeguadalajara.com\/index.php?rest_route=\/wp\/v2\/posts\/17949","targetHints":{"allow":["GET"]}}],"collection":[{"href":"https:\/\/blog.sierranortedeguadalajara.com\/index.php?rest_route=\/wp\/v2\/posts"}],"about":[{"href":"https:\/\/blog.sierranortedeguadalajara.com\/index.php?rest_route=\/wp\/v2\/types\/post"}],"author":[{"embeddable":true,"href":"https:\/\/blog.sierranortedeguadalajara.com\/index.php?rest_route=\/wp\/v2\/users\/1"}],"replies":[{"embeddable":true,"href":"https:\/\/blog.sierranortedeguadalajara.com\/index.php?rest_route=%2Fwp%2Fv2%2Fcomments&post=17949"}],"version-history":[{"count":1,"href":"https:\/\/blog.sierranortedeguadalajara.com\/index.php?rest_route=\/wp\/v2\/posts\/17949\/revisions"}],"predecessor-version":[{"id":26984,"href":"https:\/\/blog.sierranortedeguadalajara.com\/index.php?rest_route=\/wp\/v2\/posts\/17949\/revisions\/26984"}],"wp:attachment":[{"href":"https:\/\/blog.sierranortedeguadalajara.com\/index.php?rest_route=%2Fwp%2Fv2%2Fmedia&parent=17949"}],"wp:term":[{"taxonomy":"category","embeddable":true,"href":"https:\/\/blog.sierranortedeguadalajara.com\/index.php?rest_route=%2Fwp%2Fv2%2Fcategories&post=17949"},{"taxonomy":"post_tag","embeddable":true,"href":"https:\/\/blog.sierranortedeguadalajara.com\/index.php?rest_route=%2Fwp%2Fv2%2Ftags&post=17949"}],"curies":[{"name":"wp","href":"https:\/\/api.w.org\/{rel}","templated":true}]}}