{"id":17908,"date":"2016-09-12T00:05:44","date_gmt":"2016-09-11T22:05:44","guid":{"rendered":"http:\/\/blog.laveredadepuebla.com\/?p=17908"},"modified":"2023-02-10T12:13:08","modified_gmt":"2023-02-10T12:13:08","slug":"verdeando-en-agosto-y-en-la-sierra-norte","status":"publish","type":"post","link":"https:\/\/blog.sierranortedeguadalajara.com\/?p=17908","title":{"rendered":"Verdeando en agosto y en la Sierra Norte"},"content":{"rendered":"<p><img loading=\"lazy\" decoding=\"async\" class=\"alignright size-medium wp-image-17909\" src=\"https:\/\/blog.sierranortedeguadalajara.com\/wp-content\/uploads\/2023\/02\/160913-una-leccion-1.jpg\" alt=\"160913-una-leccion-1\" width=\"300\" height=\"225\" \/>Caminando por el cauce pedregoso del <strong><em>Arroyo del Lugar<\/em><\/strong> en <strong><em>Puebla de Valles<\/em><\/strong>, en pleno mes de agosto encontramos una preciosa pradera arbolada, que invita a extender la manta y sacar la merienda.<\/p>\n<p>Sin manta ni merienda, pero sentados sobre la hierba, observamos un enorme \u00e1lamo blanco y <strong><em>varios fresnos<\/em><\/strong>, adem\u00e1s de los alt\u00edsimos chopos temblones.<span style=\"color:#800000;\"> <strong><em>\u00a1Pardiez, que aqu\u00ed no debe faltar el agua!<\/em><\/strong>\u00a0<\/span><\/p>\n<p><img loading=\"lazy\" decoding=\"async\" class=\"alignleft wp-image-17910\" src=\"https:\/\/blog.sierranortedeguadalajara.com\/wp-content\/uploads\/2023\/02\/160913-una-leccion-2.jpg\" alt=\"160913-una-leccion-2\" width=\"240\" height=\"180\" \/><img loading=\"lazy\" decoding=\"async\" class=\"alignright wp-image-17911\" src=\"https:\/\/blog.sierranortedeguadalajara.com\/wp-content\/uploads\/2023\/02\/160913-una-leccion-3.jpg\" alt=\"160913-una-leccion-3\" width=\"240\" height=\"180\" \/>Pero mirando el pedregal aguas arriba, resulta cuando menos dudoso. Aguas abajo tampoco hemos visto agua. Sin embargo, una ojeada r\u00e1pida nos descubre una represa sobre el arroyo, oculta por la maleza. Es la culpable de retener el agua en \u00e9poca de bonanza y hacer que se filtre al subsuelo.<\/p>\n<p>Y con agua, <span style=\"color:#800000;\"><strong><em>\u00a1fresnos, \u00e1lamos y yerba verdean incluso en agosto!<\/em><\/strong><\/span><\/p>\n<p><strong><em>Lar-ami<\/em><\/strong><\/p>\n","protected":false},"excerpt":{"rendered":"<p>Caminando por el cauce pedregoso del Arroyo del Lugar en Puebla de Valles, en pleno mes de agosto encontramos una preciosa pradera arbolada, que invita a extender la manta y sacar la merienda. Sin manta ni merienda, pero sentados sobre la hierba, observamos un enorme \u00e1lamo blanco y varios fresnos, adem\u00e1s de los alt\u00edsimos chopos &hellip; <\/p>\n<p class=\"link-more\"><a href=\"https:\/\/blog.sierranortedeguadalajara.com\/?p=17908\" class=\"more-link\">Seguir leyendo<span class=\"screen-reader-text\"> \u00abVerdeando en agosto y en la Sierra Norte\u00bb<\/span><\/a><\/p>\n","protected":false},"author":1,"featured_media":0,"comment_status":"open","ping_status":"open","sticky":false,"template":"","format":"standard","meta":{"footnotes":""},"categories":[12,6,9],"tags":[2,4,7,8,10],"class_list":["post-17908","post","type-post","status-publish","format-standard","hentry","category-actualidad","category-mundo-rural","category-rincones-de-la-sierra-norte","tag-actualidad","tag-cultura","tag-naturaleza","tag-puebla-de-valles","tag-sierra-norte","entry"],"_links":{"self":[{"href":"https:\/\/blog.sierranortedeguadalajara.com\/index.php?rest_route=\/wp\/v2\/posts\/17908","targetHints":{"allow":["GET"]}}],"collection":[{"href":"https:\/\/blog.sierranortedeguadalajara.com\/index.php?rest_route=\/wp\/v2\/posts"}],"about":[{"href":"https:\/\/blog.sierranortedeguadalajara.com\/index.php?rest_route=\/wp\/v2\/types\/post"}],"author":[{"embeddable":true,"href":"https:\/\/blog.sierranortedeguadalajara.com\/index.php?rest_route=\/wp\/v2\/users\/1"}],"replies":[{"embeddable":true,"href":"https:\/\/blog.sierranortedeguadalajara.com\/index.php?rest_route=%2Fwp%2Fv2%2Fcomments&post=17908"}],"version-history":[{"count":1,"href":"https:\/\/blog.sierranortedeguadalajara.com\/index.php?rest_route=\/wp\/v2\/posts\/17908\/revisions"}],"predecessor-version":[{"id":27008,"href":"https:\/\/blog.sierranortedeguadalajara.com\/index.php?rest_route=\/wp\/v2\/posts\/17908\/revisions\/27008"}],"wp:attachment":[{"href":"https:\/\/blog.sierranortedeguadalajara.com\/index.php?rest_route=%2Fwp%2Fv2%2Fmedia&parent=17908"}],"wp:term":[{"taxonomy":"category","embeddable":true,"href":"https:\/\/blog.sierranortedeguadalajara.com\/index.php?rest_route=%2Fwp%2Fv2%2Fcategories&post=17908"},{"taxonomy":"post_tag","embeddable":true,"href":"https:\/\/blog.sierranortedeguadalajara.com\/index.php?rest_route=%2Fwp%2Fv2%2Ftags&post=17908"}],"curies":[{"name":"wp","href":"https:\/\/api.w.org\/{rel}","templated":true}]}}