{"id":17776,"date":"2016-08-11T00:05:22","date_gmt":"2016-08-10T22:05:22","guid":{"rendered":"http:\/\/blog.laveredadepuebla.com\/?p=17776"},"modified":"2023-02-10T12:13:12","modified_gmt":"2023-02-10T12:13:12","slug":"leyendas-de-san-juan-en-la-sierra-norte","status":"publish","type":"post","link":"https:\/\/blog.sierranortedeguadalajara.com\/?p=17776","title":{"rendered":"Leyendas de San Juan en la Sierra Norte"},"content":{"rendered":"<p>Muchas son las tradiciones y leyendas serranas que tienen a este peculiar santo como protagonista. Quiz\u00e1s porque su fiesta coincide con el solsticio de verano. Contemos algunas:<\/p>\n<p>Las <a href=\"http:\/\/medicinaintercultural.org\/cd\/recetas-de-medicina\/usos-de-la-manzanilla-en-medicina-tradicional\"><strong><em>propiedades curativas de la manzanilla<\/em><\/strong> <\/a><em>(hasta 18)<\/em> son muy conocidas en el mundo rural, pero pocos saben que si no se recoge en la ma\u00f1ana de San Juan, pierde gran parte de su poder <em>(quiz\u00e1s porque en esta fecha est\u00e1 en su mejor floraci\u00f3n).<\/em>As\u00ed lo establece la tradici\u00f3n en pueblos de la <a href=\"https:\/\/blog.laveredadepuebla.com\/2016\/05\/10\/el-mapa-de-la-sierra-norte\/\"><strong><em>Sierra Norte de Guadalajara<\/em><\/strong>,<\/a> como <a href=\"https:\/\/blog.laveredadepuebla.com\/2016\/06\/28\/una-vision-femenina-de-puebla-de-valles\/\"><strong><em>Puebla de Valles<\/em><\/strong>.<\/a><a href=\"https:\/\/blog.laveredadepuebla.com\/2016\/06\/28\/una-vision-femenina-de-puebla-de-valles\/\"><img loading=\"lazy\" decoding=\"async\" class=\"alignright wp-image-17777 size-medium\" src=\"https:\/\/blog.sierranortedeguadalajara.com\/wp-content\/uploads\/2023\/02\/160811-leyenda-sj.jpg\" alt=\"160811 Leyenda SJ\" width=\"281\" height=\"300\" \/><\/a><\/p>\n<p><em>\u00a0<\/em>Dicen en <a href=\"http:\/\/www.pradenadeatienza.com\/html\/pagina_historia.jsp?accion=leyendas\"><strong><em>Pr<\/em><\/strong><strong><em>\u00e1dena de Atienza <\/em><\/strong><\/a>que en las cercan\u00edas de la <strong><span style=\"color:#800000;\">Pe\u00f1a de la Ventana <\/span><\/strong>hay enterrados un caldero y un becerro de oro, que fueron all\u00ed escondidos en lo m\u00e1s profundo, aunque no se sabe cuando. Cuentan que brillan unos instantes con los primeros rayos del sol de la ma\u00f1ana de San Juan, y se\u00f1alan el lugar donde se enterraron.<\/p>\n<p><em>Hay varias <\/em><a href=\"http:\/\/www.salvatierra-agurain.es\/cuentos_y_leyendas_i.html\"><strong><em>leyendas alavesas<\/em><\/strong><\/a><em> que hablan de figuras de animales en oro, escondidas en cuevas. Como las del monte Kapildui, \u00a0que hacen referencia a pastores que pierden sus ovejas al caer en ella\u00a0 y encuentran el <strong><span style=\"color:#800000;\">\u00abbecerro de oro\u00bb<\/span>.<\/strong> <\/em><em>Conviene recordar que esta tierra fue repoblada, despu\u00e9s de la Reconquista,\u00a0 por gentes venidas del Pa\u00eds Vasco, all\u00e1 por los siglos XII y XIII.<\/em><\/p>\n<p><strong><em>Lar-ami<\/em><\/strong><\/p>\n","protected":false},"excerpt":{"rendered":"<p>Muchas son las tradiciones y leyendas serranas que tienen a este peculiar santo como protagonista. Quiz\u00e1s porque su fiesta coincide con el solsticio de verano. Contemos algunas: Las propiedades curativas de la manzanilla (hasta 18) son muy conocidas en el mundo rural, pero pocos saben que si no se recoge en la ma\u00f1ana de San &hellip; <\/p>\n<p class=\"link-more\"><a href=\"https:\/\/blog.sierranortedeguadalajara.com\/?p=17776\" class=\"more-link\">Seguir leyendo<span class=\"screen-reader-text\"> \u00abLeyendas de San Juan en la Sierra Norte\u00bb<\/span><\/a><\/p>\n","protected":false},"author":1,"featured_media":0,"comment_status":"open","ping_status":"open","sticky":false,"template":"","format":"standard","meta":{"footnotes":""},"categories":[12,6],"tags":[2,4,5,25,7,10],"class_list":["post-17776","post","type-post","status-publish","format-standard","hentry","category-actualidad","category-mundo-rural","tag-actualidad","tag-cultura","tag-historia","tag-leyendas","tag-naturaleza","tag-sierra-norte","entry"],"_links":{"self":[{"href":"https:\/\/blog.sierranortedeguadalajara.com\/index.php?rest_route=\/wp\/v2\/posts\/17776","targetHints":{"allow":["GET"]}}],"collection":[{"href":"https:\/\/blog.sierranortedeguadalajara.com\/index.php?rest_route=\/wp\/v2\/posts"}],"about":[{"href":"https:\/\/blog.sierranortedeguadalajara.com\/index.php?rest_route=\/wp\/v2\/types\/post"}],"author":[{"embeddable":true,"href":"https:\/\/blog.sierranortedeguadalajara.com\/index.php?rest_route=\/wp\/v2\/users\/1"}],"replies":[{"embeddable":true,"href":"https:\/\/blog.sierranortedeguadalajara.com\/index.php?rest_route=%2Fwp%2Fv2%2Fcomments&post=17776"}],"version-history":[{"count":1,"href":"https:\/\/blog.sierranortedeguadalajara.com\/index.php?rest_route=\/wp\/v2\/posts\/17776\/revisions"}],"predecessor-version":[{"id":27060,"href":"https:\/\/blog.sierranortedeguadalajara.com\/index.php?rest_route=\/wp\/v2\/posts\/17776\/revisions\/27060"}],"wp:attachment":[{"href":"https:\/\/blog.sierranortedeguadalajara.com\/index.php?rest_route=%2Fwp%2Fv2%2Fmedia&parent=17776"}],"wp:term":[{"taxonomy":"category","embeddable":true,"href":"https:\/\/blog.sierranortedeguadalajara.com\/index.php?rest_route=%2Fwp%2Fv2%2Fcategories&post=17776"},{"taxonomy":"post_tag","embeddable":true,"href":"https:\/\/blog.sierranortedeguadalajara.com\/index.php?rest_route=%2Fwp%2Fv2%2Ftags&post=17776"}],"curies":[{"name":"wp","href":"https:\/\/api.w.org\/{rel}","templated":true}]}}