{"id":17772,"date":"2016-08-10T00:05:42","date_gmt":"2016-08-09T22:05:42","guid":{"rendered":"http:\/\/blog.laveredadepuebla.com\/?p=17772"},"modified":"2023-02-10T12:13:12","modified_gmt":"2023-02-10T12:13:12","slug":"la-ermita-del-altorey","status":"publish","type":"post","link":"https:\/\/blog.sierranortedeguadalajara.com\/?p=17772","title":{"rendered":"La ermita del Altorey"},"content":{"rendered":"<p>Esta monta\u00f1a sagrada <em>(ya lo era para los celt\u00edberos)<\/em> domina la parte central de la <a href=\"https:\/\/blog.laveredadepuebla.com\/2016\/05\/10\/el-mapa-de-la-sierra-norte\/\"><strong><em>Sierra Norte de Guadalajara<\/em><\/strong> <\/a>\u00a0<em>(1.858 mts altitud)<\/em> y los <strong><em>p<a href=\"https:\/\/blog.laveredadepuebla.com\/2016\/04\/18\/los-pueblos-de-la-arquitectura-dorada\/\">ueblos de la Arquitectura Dorada<\/a><\/em><\/strong>. En lo m\u00e1s alto est\u00e1 su ermita, de cuyos or\u00edgenes se tienen muchas teor\u00edas y pocas certezas.<\/p>\n<p><a href=\"http:\/\/www.pradenadeatienza.com\/html\/pagina_historia.jsp?accion=altorey\"><strong><em>Una de ellas cuenta<\/em><\/strong><\/a> que a finales del siglo XII un grupo de frailes de los Can\u00f3nigos Regulares de San Agust\u00edn la construyeron inicialmente para su uso en los meses del verano, si bien alg\u00fan (os) monje(s) pasaban aqu\u00ed algunos d\u00edas de invierno, que por estos lares son muy duros. La primera constancia escrita figura en las Relaciones Topogr\u00e1ficas de Felipe II.<img loading=\"lazy\" decoding=\"async\" class=\"alignright size-medium wp-image-17773\" src=\"https:\/\/blog.sierranortedeguadalajara.com\/wp-content\/uploads\/2023\/02\/160810-ermita-altorey.jpg\" alt=\"160810 ermita Altorey\" width=\"300\" height=\"225\" \/><\/p>\n<p>Respecto al edificio, contratistas y paisanos que han participado en obras de la ermita y alrededores, afirman que a poca profundidad encontraron piedras labradas, y en la cara sur trozos de teja \u00e1rabe. Por ello se cree que inicialmente la ermita pudo ser\u00a0 un peque\u00f1o habit\u00e1culo para refugio de los monjes y luego fue ampliada.<\/p>\n<p>Pero de ello nada queda, debido a la reconstrucci\u00f3n posterior que tuvo lugar en 1.785, fecha que figura en la puerta de la ermita, y a la que se debe su aspecto actual <em>(salvo los a\u00f1adidos de los \u00faltimos a\u00f1os que en nada la favorecen). <\/em>\u00a0Para <strong><span style=\"color:#800000;\">los serranos es un lugar sagrado<\/span>,<\/strong> lleno de devoci\u00f3n que se palpa en <a href=\"https:\/\/blog.laveredadepuebla.com\/2015\/09\/16\/la-romeria-del-alto-rey\/\"><strong><em>su romer\u00eda <\/em><\/strong><\/a><em>(primer s\u00e1bado de Septiembre)<\/em> y pre\u00f1ado de leyendas, que contaremos en pr\u00f3ximas entradas.<\/p>\n<p><strong><em>Lar-ami<\/em><\/strong><\/p>\n","protected":false},"excerpt":{"rendered":"<p>Esta monta\u00f1a sagrada (ya lo era para los celt\u00edberos) domina la parte central de la Sierra Norte de Guadalajara \u00a0(1.858 mts altitud) y los pueblos de la Arquitectura Dorada. En lo m\u00e1s alto est\u00e1 su ermita, de cuyos or\u00edgenes se tienen muchas teor\u00edas y pocas certezas. Una de ellas cuenta que a finales del siglo &hellip; <\/p>\n<p class=\"link-more\"><a href=\"https:\/\/blog.sierranortedeguadalajara.com\/?p=17772\" class=\"more-link\">Seguir leyendo<span class=\"screen-reader-text\"> \u00abLa ermita del Altorey\u00bb<\/span><\/a><\/p>\n","protected":false},"author":1,"featured_media":0,"comment_status":"open","ping_status":"open","sticky":false,"template":"","format":"standard","meta":{"footnotes":""},"categories":[12,15],"tags":[2,47,4,5,7,10,60],"class_list":["post-17772","post","type-post","status-publish","format-standard","hentry","category-actualidad","category-rincones-de-guadalajara","tag-actualidad","tag-belena","tag-cultura","tag-historia","tag-naturaleza","tag-sierra-norte","tag-sorbe","entry"],"_links":{"self":[{"href":"https:\/\/blog.sierranortedeguadalajara.com\/index.php?rest_route=\/wp\/v2\/posts\/17772","targetHints":{"allow":["GET"]}}],"collection":[{"href":"https:\/\/blog.sierranortedeguadalajara.com\/index.php?rest_route=\/wp\/v2\/posts"}],"about":[{"href":"https:\/\/blog.sierranortedeguadalajara.com\/index.php?rest_route=\/wp\/v2\/types\/post"}],"author":[{"embeddable":true,"href":"https:\/\/blog.sierranortedeguadalajara.com\/index.php?rest_route=\/wp\/v2\/users\/1"}],"replies":[{"embeddable":true,"href":"https:\/\/blog.sierranortedeguadalajara.com\/index.php?rest_route=%2Fwp%2Fv2%2Fcomments&post=17772"}],"version-history":[{"count":1,"href":"https:\/\/blog.sierranortedeguadalajara.com\/index.php?rest_route=\/wp\/v2\/posts\/17772\/revisions"}],"predecessor-version":[{"id":27062,"href":"https:\/\/blog.sierranortedeguadalajara.com\/index.php?rest_route=\/wp\/v2\/posts\/17772\/revisions\/27062"}],"wp:attachment":[{"href":"https:\/\/blog.sierranortedeguadalajara.com\/index.php?rest_route=%2Fwp%2Fv2%2Fmedia&parent=17772"}],"wp:term":[{"taxonomy":"category","embeddable":true,"href":"https:\/\/blog.sierranortedeguadalajara.com\/index.php?rest_route=%2Fwp%2Fv2%2Fcategories&post=17772"},{"taxonomy":"post_tag","embeddable":true,"href":"https:\/\/blog.sierranortedeguadalajara.com\/index.php?rest_route=%2Fwp%2Fv2%2Ftags&post=17772"}],"curies":[{"name":"wp","href":"https:\/\/api.w.org\/{rel}","templated":true}]}}