{"id":17756,"date":"2016-08-04T00:05:33","date_gmt":"2016-08-03T22:05:33","guid":{"rendered":"http:\/\/blog.laveredadepuebla.com\/?p=17756"},"modified":"2023-02-10T12:13:14","modified_gmt":"2023-02-10T12:13:14","slug":"un-serrano-de-pro-juan-bravo","status":"publish","type":"post","link":"https:\/\/blog.sierranortedeguadalajara.com\/?p=17756","title":{"rendered":"Un serrano de pro: Juan Bravo"},"content":{"rendered":"<p>La <a href=\"https:\/\/dialnet.unirioja.es\/descarga\/articulo\/67651.pdf\"><strong><em>vida y andanzas de los Comuneros<\/em><\/strong><\/a> son muy conocidas y han dado lugar a <a href=\"http:\/\/icalendario.net\/fiestas-oficiales\/dia-de-castilla-leon\"><strong><em>la fiesta de la Comunidad de Castilla Le\u00f3n<\/em><\/strong><\/a>, celebrada el 23 de abril. \u00a0Uno de sus caudillos, <strong><em><a href=\"http:\/\/www.atienza.biz\/historia_ver\/juan-bravo\/ver\/4\">Juan Bravo,<\/a> <\/em><\/strong>es hijo de la <a href=\"https:\/\/blog.laveredadepuebla.com\/2016\/05\/10\/el-mapa-de-la-sierra-norte\/\"><strong><em>Sierra Norte de Guadalajara<\/em><\/strong><\/a> Perm\u00edtasenos que resaltemos algunos datos de su biograf\u00eda:<\/p>\n<ul>\n<li>Naci\u00f3 en <a href=\"https:\/\/blog.laveredadepuebla.com\/2016\/07\/29\/atienza\/\"><strong><em>Atienza<\/em><\/strong> <\/a>en 1.483,\u00a0 hijo de <span style=\"color:#800000;\"><strong>Gonzalo Bravo de Lagunas<\/strong>,<\/span> alcaide del lugar y de <strong><span style=\"color:#800000;\">Mar\u00eda de Mendoza<\/span>. <\/strong><\/li>\n<li>Noble desde la cuna, era sobrino de Juan Ortega Bravo de Lagunas, <span style=\"color:#800000;\"><strong>Obispo de Ciudad Rodrigo, Calahorra y Coria.<img loading=\"lazy\" decoding=\"async\" class=\"alignright size-medium wp-image-17757\" src=\"https:\/\/blog.sierranortedeguadalajara.com\/wp-content\/uploads\/2023\/02\/160804-juan-bravo.jpg\" alt=\"160804 juan-bravo\" width=\"178\" height=\"300\" \/><\/strong><\/span><\/li>\n<li>Estaba emparentado con la poderosa <strong><em>familia Mendoza<\/em><\/strong> al extremo de que su primera hija se llam\u00f3 Mar\u00eda de Mendoza, nacida en Segovia a donde se traslad\u00f3 tras contraer matrimonio con Catalina del R\u00edo en 1.504.<\/li>\n<li>Enviud\u00f3 en 1.510 y cas\u00f3 con <span style=\"color:#800000;\"><strong>Mar\u00eda Coronel<\/strong><\/span>,\u00a0 hija del regidor de la ciudad (un converso muy rico); tuvieron dos hijos\u00a0 llamados <span style=\"color:#800000;\"><strong>Andrea Bravo de Mendoza y Juan Bravo de Mendoza<\/strong>.<\/span><\/li>\n<li>Nombrado en 1.519 regidor y jefe de milicias de Segovia en 1.519, desde esta posici\u00f3n particip\u00f3\u00a0 en la Guerra de Comunidades.<\/li>\n<\/ul>\n<p>Derrotado en Villalar el 23 de abril de 1.521, fue decapitado al d\u00eda siguiente junto a Juan de Padilla y Francisco Maldonado. Y desde aqu\u00ed queremos honrar su memoria.<\/p>\n<p><strong><em>Lar-ami<\/em><\/strong><\/p>\n","protected":false},"excerpt":{"rendered":"<p>La vida y andanzas de los Comuneros son muy conocidas y han dado lugar a la fiesta de la Comunidad de Castilla Le\u00f3n, celebrada el 23 de abril. \u00a0Uno de sus caudillos, Juan Bravo, es hijo de la Sierra Norte de Guadalajara Perm\u00edtasenos que resaltemos algunos datos de su biograf\u00eda: Naci\u00f3 en Atienza en 1.483,\u00a0 &hellip; <\/p>\n<p class=\"link-more\"><a href=\"https:\/\/blog.sierranortedeguadalajara.com\/?p=17756\" class=\"more-link\">Seguir leyendo<span class=\"screen-reader-text\"> \u00abUn serrano de pro: Juan Bravo\u00bb<\/span><\/a><\/p>\n","protected":false},"author":1,"featured_media":0,"comment_status":"open","ping_status":"open","sticky":false,"template":"","format":"standard","meta":{"footnotes":""},"categories":[15],"tags":[2,4,5,10],"class_list":["post-17756","post","type-post","status-publish","format-standard","hentry","category-rincones-de-guadalajara","tag-actualidad","tag-cultura","tag-historia","tag-sierra-norte","entry"],"_links":{"self":[{"href":"https:\/\/blog.sierranortedeguadalajara.com\/index.php?rest_route=\/wp\/v2\/posts\/17756","targetHints":{"allow":["GET"]}}],"collection":[{"href":"https:\/\/blog.sierranortedeguadalajara.com\/index.php?rest_route=\/wp\/v2\/posts"}],"about":[{"href":"https:\/\/blog.sierranortedeguadalajara.com\/index.php?rest_route=\/wp\/v2\/types\/post"}],"author":[{"embeddable":true,"href":"https:\/\/blog.sierranortedeguadalajara.com\/index.php?rest_route=\/wp\/v2\/users\/1"}],"replies":[{"embeddable":true,"href":"https:\/\/blog.sierranortedeguadalajara.com\/index.php?rest_route=%2Fwp%2Fv2%2Fcomments&post=17756"}],"version-history":[{"count":1,"href":"https:\/\/blog.sierranortedeguadalajara.com\/index.php?rest_route=\/wp\/v2\/posts\/17756\/revisions"}],"predecessor-version":[{"id":27072,"href":"https:\/\/blog.sierranortedeguadalajara.com\/index.php?rest_route=\/wp\/v2\/posts\/17756\/revisions\/27072"}],"wp:attachment":[{"href":"https:\/\/blog.sierranortedeguadalajara.com\/index.php?rest_route=%2Fwp%2Fv2%2Fmedia&parent=17756"}],"wp:term":[{"taxonomy":"category","embeddable":true,"href":"https:\/\/blog.sierranortedeguadalajara.com\/index.php?rest_route=%2Fwp%2Fv2%2Fcategories&post=17756"},{"taxonomy":"post_tag","embeddable":true,"href":"https:\/\/blog.sierranortedeguadalajara.com\/index.php?rest_route=%2Fwp%2Fv2%2Ftags&post=17756"}],"curies":[{"name":"wp","href":"https:\/\/api.w.org\/{rel}","templated":true}]}}