{"id":17626,"date":"2016-07-04T00:05:58","date_gmt":"2016-07-03T22:05:58","guid":{"rendered":"http:\/\/blog.laveredadepuebla.com\/?p=17626"},"modified":"2023-02-10T12:13:25","modified_gmt":"2023-02-10T12:13:25","slug":"fin-de-semana-acuatico","status":"publish","type":"post","link":"https:\/\/blog.sierranortedeguadalajara.com\/?p=17626","title":{"rendered":"Fin de semana acu\u00e1tico"},"content":{"rendered":"<p>En verano hay opciones de turismo rural diferentes, que ofrecen vivencias \u00fanicas. Como un fin de semana acu\u00e1tico.<\/p>\n<p><img loading=\"lazy\" decoding=\"async\" class=\"alignright wp-image-17636\" src=\"https:\/\/blog.sierranortedeguadalajara.com\/wp-content\/uploads\/2023\/02\/160704-acuatico.jpg\" alt=\"160704 Acuatico\" width=\"170\" height=\"240\" \/>Viernes, llegada a la casa, toma de posesi\u00f3n y planning de actividades del fin de semana.\u00a0 S\u00e1bado por la ma\u00f1ana, ruta guiada en piragua por <a href=\"https:\/\/blog.laveredadepuebla.com\/2009\/08\/22\/la-presa-del-vado\/\"><strong><em>El Vado<\/em><\/strong><\/a>, con visita al <strong><em><a href=\"https:\/\/blog.laveredadepuebla.com\/2009\/12\/04\/el-vado-pueblo-abandonado\/\">pueblo abandonado<\/a>,<\/em><\/strong> la <a href=\"https:\/\/blog.laveredadepuebla.com\/2015\/07\/24\/el-vado-y-la-iglesia-de-santa-maria\/\"><strong><em>iglesia rom\u00e1nica<\/em><\/strong>;<\/a> ba\u00f1o en cualquiera de sus bonitos rincones. Por la tarde, el ba\u00f1o en una poza natural,\u00a0<span style=\"color:#000000;\"> <em>a elegir entre Jarama, Sorbe y otras.<\/em> <span style=\"color:#800000;\"><strong><em>\u00bfTe has ba\u00f1ado alguna vez a la luz de la luna?<\/em><\/strong> <strong>\u00a1Deber\u00edas probarlo!<\/strong><\/span><\/span><\/p>\n<p><img loading=\"lazy\" decoding=\"async\" class=\"alignleft wp-image-17628\" src=\"https:\/\/blog.sierranortedeguadalajara.com\/wp-content\/uploads\/2023\/02\/160704-acuatico-3.jpg\" alt=\"160704 acuatico 3\" width=\"240\" height=\"180\" \/>El <strong><em><a href=\"http:\/\/blog.laveredadepuebla.com\/2009\/08\/27\/rio-jarama\/\">Jarama<\/a> <\/em><\/strong>tiene en su cauce tramos muy atractivos para un paseo libre por sus aguas, con vistas y acceso a lugares que de otra manera resultan imposibles; la elecci\u00f3n de la poza para el ba\u00f1o es otro de sus alicientes. <span style=\"color:#800000;\"><strong>Una vivencia \u00fanica para viajeros inquietos <\/strong><span style=\"color:#000000;\">en un domingo prometedor.<\/span><strong><br \/>\n<\/strong><\/span><\/p>\n<p><img loading=\"lazy\" decoding=\"async\" class=\"alignright wp-image-17629\" src=\"https:\/\/blog.sierranortedeguadalajara.com\/wp-content\/uploads\/2023\/02\/160704-acuatico-2.jpg\" alt=\"160704 acuatico 2\" width=\"180\" height=\"240\" \/>Si a\u00f1adimos desayuno serrano, confort \u00a0y vistas excepcionales, el fin de semana puede resultar muy diferente. Y no te hablo de las posibilidades de disfrutar de los asados serranos <em>(cabrito \u00f3 cordero), <\/em>de una cena al aire libre en base a raciones en la plaza \u00a0\u00f3 del aperitivo en los bares del pueblo.<\/p>\n<p><span style=\"color:#800000;\"><strong><em>\u00bfCu\u00e1nto?<\/em><\/strong> <\/span>Lo que te gastas en un fin de semana habitualmente. <span style=\"color:#800000;\"><strong><em>\u00bfD\u00f3nde?<\/em><\/strong><\/span> En <a href=\"https:\/\/blog.laveredadepuebla.com\/2016\/06\/28\/una-vision-femenina-de-puebla-de-valles\/\"><strong><em>Puebla de Valles<\/em><\/strong>. <\/a>Si te apetece , <a href=\"http:\/\/www.laveredadepuebla.com\/\"><strong><em>puedes reservarlo ya.<\/em><\/strong><\/a><\/p>\n<p><strong><em>Lar-ami<\/em><\/strong><\/p>\n","protected":false},"excerpt":{"rendered":"<p>En verano hay opciones de turismo rural diferentes, que ofrecen vivencias \u00fanicas. Como un fin de semana acu\u00e1tico. Viernes, llegada a la casa, toma de posesi\u00f3n y planning de actividades del fin de semana.\u00a0 S\u00e1bado por la ma\u00f1ana, ruta guiada en piragua por El Vado, con visita al pueblo abandonado, la iglesia rom\u00e1nica; ba\u00f1o en &hellip; <\/p>\n<p class=\"link-more\"><a href=\"https:\/\/blog.sierranortedeguadalajara.com\/?p=17626\" class=\"more-link\">Seguir leyendo<span class=\"screen-reader-text\"> \u00abFin de semana acu\u00e1tico\u00bb<\/span><\/a><\/p>\n","protected":false},"author":1,"featured_media":0,"comment_status":"open","ping_status":"open","sticky":false,"template":"","format":"standard","meta":{"footnotes":""},"categories":[12,17],"tags":[2,4,26,35,7,10,60],"class_list":["post-17626","post","type-post","status-publish","format-standard","hentry","category-actualidad","category-paisajes-y-lugares-de-la-sierra-norte","tag-actualidad","tag-cultura","tag-el-vado","tag-jarama","tag-naturaleza","tag-sierra-norte","tag-sorbe","entry"],"_links":{"self":[{"href":"https:\/\/blog.sierranortedeguadalajara.com\/index.php?rest_route=\/wp\/v2\/posts\/17626","targetHints":{"allow":["GET"]}}],"collection":[{"href":"https:\/\/blog.sierranortedeguadalajara.com\/index.php?rest_route=\/wp\/v2\/posts"}],"about":[{"href":"https:\/\/blog.sierranortedeguadalajara.com\/index.php?rest_route=\/wp\/v2\/types\/post"}],"author":[{"embeddable":true,"href":"https:\/\/blog.sierranortedeguadalajara.com\/index.php?rest_route=\/wp\/v2\/users\/1"}],"replies":[{"embeddable":true,"href":"https:\/\/blog.sierranortedeguadalajara.com\/index.php?rest_route=%2Fwp%2Fv2%2Fcomments&post=17626"}],"version-history":[{"count":1,"href":"https:\/\/blog.sierranortedeguadalajara.com\/index.php?rest_route=\/wp\/v2\/posts\/17626\/revisions"}],"predecessor-version":[{"id":27130,"href":"https:\/\/blog.sierranortedeguadalajara.com\/index.php?rest_route=\/wp\/v2\/posts\/17626\/revisions\/27130"}],"wp:attachment":[{"href":"https:\/\/blog.sierranortedeguadalajara.com\/index.php?rest_route=%2Fwp%2Fv2%2Fmedia&parent=17626"}],"wp:term":[{"taxonomy":"category","embeddable":true,"href":"https:\/\/blog.sierranortedeguadalajara.com\/index.php?rest_route=%2Fwp%2Fv2%2Fcategories&post=17626"},{"taxonomy":"post_tag","embeddable":true,"href":"https:\/\/blog.sierranortedeguadalajara.com\/index.php?rest_route=%2Fwp%2Fv2%2Ftags&post=17626"}],"curies":[{"name":"wp","href":"https:\/\/api.w.org\/{rel}","templated":true}]}}