{"id":17581,"date":"2016-06-22T00:05:09","date_gmt":"2016-06-21T22:05:09","guid":{"rendered":"http:\/\/blog.laveredadepuebla.com\/?p=17581"},"modified":"2023-02-10T12:13:29","modified_gmt":"2023-02-10T12:13:29","slug":"estos-colores-de-este-junio","status":"publish","type":"post","link":"https:\/\/blog.sierranortedeguadalajara.com\/?p=17581","title":{"rendered":"Estos colores de este junio\u2026"},"content":{"rendered":"<p>\u2026 no son los habituales. Est\u00e1n distorsionados por la abundancia de lluvias en el mes de mayo y una temperatura muy suave y\/o alta para la \u00e9poca, con cambios bruscos de una semana a otra.<\/p>\n<p><img loading=\"lazy\" decoding=\"async\" class=\"aligncenter size-large wp-image-17582\" src=\"https:\/\/blog.sierranortedeguadalajara.com\/wp-content\/uploads\/2023\/02\/160622-cjunio-3.jpg\" alt=\"160622 cjunio 3\" width=\"500\" height=\"375\" \/>Esto est\u00e1 afectando a la flora de la <a href=\"https:\/\/blog.laveredadepuebla.com\/2016\/05\/10\/el-mapa-de-la-sierra-norte\/\"><strong><em>Sierra Norte,<\/em><\/strong><\/a> dot\u00e1ndola de colores muy vivos que realzan su belleza. La fauna sigue revuelta; el periodo de cortejo se est\u00e1 alargando en algunas especies, como los corzos y los p\u00e1jaros.<\/p>\n<p><img loading=\"lazy\" decoding=\"async\" class=\"alignleft wp-image-17583\" src=\"https:\/\/blog.sierranortedeguadalajara.com\/wp-content\/uploads\/2023\/02\/160622-cjunio-2.jpg\" alt=\"160622 cjunio 2\" width=\"240\" height=\"180\" \/><img loading=\"lazy\" decoding=\"async\" class=\"alignright wp-image-17584\" src=\"https:\/\/blog.sierranortedeguadalajara.com\/wp-content\/uploads\/2023\/02\/160622-cjunio-1.jpg\" alt=\"160622 cjunio 1\" width=\"240\" height=\"180\" \/>Es <span style=\"color:#800000;\"><strong><em>muy agradable pasear en estas condiciones<\/em><\/strong><\/span>, disfrutando de estos colores y estos cantos; pero <span style=\"color:#800000;\"><strong>la agricultura se resiente<\/strong><\/span>. Los cereales y lo huertos van con mucho retraso; <span style=\"color:#800000;\"><strong>se intuye que este no ser\u00e1 un buen a\u00f1o<\/strong><\/span>.<\/p>\n<p><strong><em>Lar-ami<\/em><\/strong><\/p>\n","protected":false},"excerpt":{"rendered":"<p>\u2026 no son los habituales. Est\u00e1n distorsionados por la abundancia de lluvias en el mes de mayo y una temperatura muy suave y\/o alta para la \u00e9poca, con cambios bruscos de una semana a otra. Esto est\u00e1 afectando a la flora de la Sierra Norte, dot\u00e1ndola de colores muy vivos que realzan su belleza. La &hellip; <\/p>\n<p class=\"link-more\"><a href=\"https:\/\/blog.sierranortedeguadalajara.com\/?p=17581\" class=\"more-link\">Seguir leyendo<span class=\"screen-reader-text\"> \u00abEstos colores de este junio\u2026\u00bb<\/span><\/a><\/p>\n","protected":false},"author":1,"featured_media":0,"comment_status":"open","ping_status":"open","sticky":false,"template":"","format":"standard","meta":{"footnotes":""},"categories":[12,17],"tags":[2,4,7,10],"class_list":["post-17581","post","type-post","status-publish","format-standard","hentry","category-actualidad","category-paisajes-y-lugares-de-la-sierra-norte","tag-actualidad","tag-cultura","tag-naturaleza","tag-sierra-norte","entry"],"_links":{"self":[{"href":"https:\/\/blog.sierranortedeguadalajara.com\/index.php?rest_route=\/wp\/v2\/posts\/17581","targetHints":{"allow":["GET"]}}],"collection":[{"href":"https:\/\/blog.sierranortedeguadalajara.com\/index.php?rest_route=\/wp\/v2\/posts"}],"about":[{"href":"https:\/\/blog.sierranortedeguadalajara.com\/index.php?rest_route=\/wp\/v2\/types\/post"}],"author":[{"embeddable":true,"href":"https:\/\/blog.sierranortedeguadalajara.com\/index.php?rest_route=\/wp\/v2\/users\/1"}],"replies":[{"embeddable":true,"href":"https:\/\/blog.sierranortedeguadalajara.com\/index.php?rest_route=%2Fwp%2Fv2%2Fcomments&post=17581"}],"version-history":[{"count":1,"href":"https:\/\/blog.sierranortedeguadalajara.com\/index.php?rest_route=\/wp\/v2\/posts\/17581\/revisions"}],"predecessor-version":[{"id":27152,"href":"https:\/\/blog.sierranortedeguadalajara.com\/index.php?rest_route=\/wp\/v2\/posts\/17581\/revisions\/27152"}],"wp:attachment":[{"href":"https:\/\/blog.sierranortedeguadalajara.com\/index.php?rest_route=%2Fwp%2Fv2%2Fmedia&parent=17581"}],"wp:term":[{"taxonomy":"category","embeddable":true,"href":"https:\/\/blog.sierranortedeguadalajara.com\/index.php?rest_route=%2Fwp%2Fv2%2Fcategories&post=17581"},{"taxonomy":"post_tag","embeddable":true,"href":"https:\/\/blog.sierranortedeguadalajara.com\/index.php?rest_route=%2Fwp%2Fv2%2Ftags&post=17581"}],"curies":[{"name":"wp","href":"https:\/\/api.w.org\/{rel}","templated":true}]}}