{"id":17463,"date":"2016-06-01T00:05:23","date_gmt":"2016-05-31T22:05:23","guid":{"rendered":"http:\/\/blog.laveredadepuebla.com\/?p=17463"},"modified":"2023-02-10T12:13:44","modified_gmt":"2023-02-10T12:13:44","slug":"junio-y-las-coplillas-de-ciego-de-la-sierra-norte","status":"publish","type":"post","link":"https:\/\/blog.sierranortedeguadalajara.com\/?p=17463","title":{"rendered":"Junio y las coplillas de ciego de la Sierra Norte"},"content":{"rendered":"<p>En <a href=\"http:\/\/serraniadeguadalajara.com\/DiccionarioSerrano201510.pdf\"><em><strong>lenguaje serrano<\/strong><\/em><\/a>, junio y las tareas del campo quedan impresos en estas <a href=\"http:\/\/blog.laveredadepuebla.com\/2015\/10\/22\/coplillas-de-ciego-en-la-sierra-norte\/\"><strong><em>coplillas de ciego<\/em><\/strong><\/a>, gracias a los versos de <span style=\"color:#800000;\"><strong>Jos\u00e9 Fernando Benito<\/strong><\/span>, con dibujos de <strong><span style=\"color:#800000;\">Antonio Herrera<\/span> <\/strong>y maquetaci\u00f3n de <span style=\"color:#800000;\"><strong>Jos\u00e9 Mar\u00eda Alonso.<img loading=\"lazy\" decoding=\"async\" class=\"aligncenter size-large wp-image-17464\" src=\"https:\/\/blog.sierranortedeguadalajara.com\/wp-content\/uploads\/2023\/02\/160601-coplillas-junio.jpg\" alt=\"160601 coplillas junio\" width=\"500\" height=\"589\" \/><\/strong><\/span><\/p>\n<p><em><strong>Lar-ami<\/strong><\/em><\/p>\n","protected":false},"excerpt":{"rendered":"<p>En lenguaje serrano, junio y las tareas del campo quedan impresos en estas coplillas de ciego, gracias a los versos de Jos\u00e9 Fernando Benito, con dibujos de Antonio Herrera y maquetaci\u00f3n de Jos\u00e9 Mar\u00eda Alonso. Lar-ami<\/p>\n","protected":false},"author":1,"featured_media":0,"comment_status":"open","ping_status":"open","sticky":false,"template":"","format":"standard","meta":{"footnotes":""},"categories":[12,3,6],"tags":[2,4,7,10],"class_list":["post-17463","post","type-post","status-publish","format-standard","hentry","category-actualidad","category-costumbres-y-tradiciones","category-mundo-rural","tag-actualidad","tag-cultura","tag-naturaleza","tag-sierra-norte","entry"],"_links":{"self":[{"href":"https:\/\/blog.sierranortedeguadalajara.com\/index.php?rest_route=\/wp\/v2\/posts\/17463","targetHints":{"allow":["GET"]}}],"collection":[{"href":"https:\/\/blog.sierranortedeguadalajara.com\/index.php?rest_route=\/wp\/v2\/posts"}],"about":[{"href":"https:\/\/blog.sierranortedeguadalajara.com\/index.php?rest_route=\/wp\/v2\/types\/post"}],"author":[{"embeddable":true,"href":"https:\/\/blog.sierranortedeguadalajara.com\/index.php?rest_route=\/wp\/v2\/users\/1"}],"replies":[{"embeddable":true,"href":"https:\/\/blog.sierranortedeguadalajara.com\/index.php?rest_route=%2Fwp%2Fv2%2Fcomments&post=17463"}],"version-history":[{"count":1,"href":"https:\/\/blog.sierranortedeguadalajara.com\/index.php?rest_route=\/wp\/v2\/posts\/17463\/revisions"}],"predecessor-version":[{"id":27211,"href":"https:\/\/blog.sierranortedeguadalajara.com\/index.php?rest_route=\/wp\/v2\/posts\/17463\/revisions\/27211"}],"wp:attachment":[{"href":"https:\/\/blog.sierranortedeguadalajara.com\/index.php?rest_route=%2Fwp%2Fv2%2Fmedia&parent=17463"}],"wp:term":[{"taxonomy":"category","embeddable":true,"href":"https:\/\/blog.sierranortedeguadalajara.com\/index.php?rest_route=%2Fwp%2Fv2%2Fcategories&post=17463"},{"taxonomy":"post_tag","embeddable":true,"href":"https:\/\/blog.sierranortedeguadalajara.com\/index.php?rest_route=%2Fwp%2Fv2%2Ftags&post=17463"}],"curies":[{"name":"wp","href":"https:\/\/api.w.org\/{rel}","templated":true}]}}