{"id":17398,"date":"2016-05-19T00:05:17","date_gmt":"2016-05-18T22:05:17","guid":{"rendered":"http:\/\/blog.laveredadepuebla.com\/?p=17398"},"modified":"2023-02-10T12:13:49","modified_gmt":"2023-02-10T12:13:49","slug":"luces-y-sombras-del-pantano-de-palmaces","status":"publish","type":"post","link":"https:\/\/blog.sierranortedeguadalajara.com\/?p=17398","title":{"rendered":"Luces y sombras del pantano de P\u00e1lmaces"},"content":{"rendered":"<p><a href=\"https:\/\/blog.laveredadepuebla.com\/2015\/11\/24\/el-embalse-de-palmaces\/\"><em><strong>Este embalse<\/strong><\/em><\/a> guarda muchas semejanzas con el <a href=\"https:\/\/blog.laveredadepuebla.com\/2009\/08\/22\/la-presa-del-vado\/\"><strong><em>pantano de El Vado<\/em><\/strong><\/a>, no por sus caracter\u00edsticas <em>(aunque ambas son de gravedad)<\/em> y\/o capacidad<em> (31 Hms frente a 54)<\/em>. <a href=\"https:\/\/blog.laveredadepuebla.com\/2016\/04\/25\/los-embalses-de-la-sierra-norte\/\"><strong><em>Ni por ubicaci\u00f3n<\/em><\/strong><\/a>, tipo de agua o su uso (<em>riego uno y consumo otro)<\/em>. Comparten <span style=\"color:#800000;\"><strong>rasgos hist\u00f3ricos propios de una \u00e9poca que no debiera repetirse. <\/strong><\/span>Los dos pantanos comenzaron su construcci\u00f3n en los a\u00f1os 30 y se paralizaron con la Guerra Civil; las obras se reanudaron en la posguerra. En ambas obras intervinieron condenados a trabajos forzosos, para redimir penas cuando les quedaba poca; en <a href=\"https:\/\/blog.laveredadepuebla.com\/2015\/12\/02\/palmaces-de-jadraque\/\"><strong><em>P\u00e1lmaces<\/em><\/strong><\/a> hubo un batall\u00f3n de 80 hombres. Se alojaban en barracones a pie de obra y ten\u00edan un r\u00e9gimen de semilibertad.<\/p>\n<figure id=\"attachment_17400\" aria-describedby=\"caption-attachment-17400\" style=\"width: 300px\" class=\"wp-caption alignright\"><img loading=\"lazy\" decoding=\"async\" class=\"wp-image-17400 size-medium\" src=\"https:\/\/blog.sierranortedeguadalajara.com\/wp-content\/uploads\/2023\/02\/160519-luces-y-sombras-palmaces1.jpg\" alt=\"160519 luces y sombras Palmaces\" width=\"300\" height=\"225\" \/><figcaption id=\"caption-attachment-17400\" class=\"wp-caption-text\"><em>Cortes\u00eda http:\/\/foros.embalses.net\/<\/em><\/figcaption><\/figure>\n<p>Tambien hubo intentos de fuga en los dos. Se cuenta que en P\u00e1lmaces un vigilante, Francisco Fern\u00e1ndez, convenci\u00f3 a su hermano para que regresase al batall\u00f3n del que se hab\u00eda fugado y evit\u00f3 con mil excusas que lo fusilaran. Ambos embalses fueron <a href=\"http:\/\/www.rtve.es\/filmoteca\/no-do\/not-600\/1480956\/\"><strong><em>inaugurados por Franco el mismo d\u00eda, el 5 de julio de 1.954<\/em><\/strong><\/a>.<\/p>\n<p>Cuando la vega qued\u00f3 bajo las aguas, los labradores buscaron nuevas tierras; una docena fue estafada cuando les prometieron tierras de labor en Talavera de la Reina. El pantano no ha pasado del 70% en los \u00faltimos 30 a\u00f1os y en verano apenas supera el 30%. La cuenca del Ca\u00f1amares no da para mucho m\u00e1s.<\/p>\n<p>Su importancia se debe al <a href=\"http:\/\/www.triatlondeguadalajara.es\/palmaces\/\"><em><strong>Triatl\u00f3n<\/strong><\/em><\/a>\u00a0que ha puesto al pueblo en el mapa. Situado en un precioso entorno bien merece una visita.<\/p>\n<p><em><strong>Lar-ami<\/strong><\/em><\/p>\n","protected":false},"excerpt":{"rendered":"<p>Este embalse guarda muchas semejanzas con el pantano de El Vado, no por sus caracter\u00edsticas (aunque ambas son de gravedad) y\/o capacidad (31 Hms frente a 54). Ni por ubicaci\u00f3n, tipo de agua o su uso (riego uno y consumo otro). Comparten rasgos hist\u00f3ricos propios de una \u00e9poca que no debiera repetirse. Los dos pantanos &hellip; <\/p>\n<p class=\"link-more\"><a href=\"https:\/\/blog.sierranortedeguadalajara.com\/?p=17398\" class=\"more-link\">Seguir leyendo<span class=\"screen-reader-text\"> \u00abLuces y sombras del pantano de P\u00e1lmaces\u00bb<\/span><\/a><\/p>\n","protected":false},"author":1,"featured_media":0,"comment_status":"open","ping_status":"open","sticky":false,"template":"","format":"standard","meta":{"footnotes":""},"categories":[12,6,17],"tags":[2,4,26,5,7,10],"class_list":["post-17398","post","type-post","status-publish","format-standard","hentry","category-actualidad","category-mundo-rural","category-paisajes-y-lugares-de-la-sierra-norte","tag-actualidad","tag-cultura","tag-el-vado","tag-historia","tag-naturaleza","tag-sierra-norte","entry"],"_links":{"self":[{"href":"https:\/\/blog.sierranortedeguadalajara.com\/index.php?rest_route=\/wp\/v2\/posts\/17398","targetHints":{"allow":["GET"]}}],"collection":[{"href":"https:\/\/blog.sierranortedeguadalajara.com\/index.php?rest_route=\/wp\/v2\/posts"}],"about":[{"href":"https:\/\/blog.sierranortedeguadalajara.com\/index.php?rest_route=\/wp\/v2\/types\/post"}],"author":[{"embeddable":true,"href":"https:\/\/blog.sierranortedeguadalajara.com\/index.php?rest_route=\/wp\/v2\/users\/1"}],"replies":[{"embeddable":true,"href":"https:\/\/blog.sierranortedeguadalajara.com\/index.php?rest_route=%2Fwp%2Fv2%2Fcomments&post=17398"}],"version-history":[{"count":1,"href":"https:\/\/blog.sierranortedeguadalajara.com\/index.php?rest_route=\/wp\/v2\/posts\/17398\/revisions"}],"predecessor-version":[{"id":27237,"href":"https:\/\/blog.sierranortedeguadalajara.com\/index.php?rest_route=\/wp\/v2\/posts\/17398\/revisions\/27237"}],"wp:attachment":[{"href":"https:\/\/blog.sierranortedeguadalajara.com\/index.php?rest_route=%2Fwp%2Fv2%2Fmedia&parent=17398"}],"wp:term":[{"taxonomy":"category","embeddable":true,"href":"https:\/\/blog.sierranortedeguadalajara.com\/index.php?rest_route=%2Fwp%2Fv2%2Fcategories&post=17398"},{"taxonomy":"post_tag","embeddable":true,"href":"https:\/\/blog.sierranortedeguadalajara.com\/index.php?rest_route=%2Fwp%2Fv2%2Ftags&post=17398"}],"curies":[{"name":"wp","href":"https:\/\/api.w.org\/{rel}","templated":true}]}}