{"id":17360,"date":"2016-05-13T00:05:04","date_gmt":"2016-05-12T22:05:04","guid":{"rendered":"http:\/\/blog.laveredadepuebla.com\/?p=17360"},"modified":"2023-02-10T12:13:51","modified_gmt":"2023-02-10T12:13:51","slug":"el-pueblo-nuevo-de-el-vado","status":"publish","type":"post","link":"https:\/\/blog.sierranortedeguadalajara.com\/?p=17360","title":{"rendered":"El pueblo nuevo de El Vado"},"content":{"rendered":"<p>Resulta extraordinario que un pueblo nazca a la vez que muere otro, con el mismo nombre y a corta distancia; es el caso de <a href=\"https:\/\/blog.laveredadepuebla.com\/2009\/12\/04\/el-vado-pueblo-abandonado\/\"><em><strong>El Vado, abandonado<\/strong><\/em> <\/a>para la construcci\u00f3n del embalse. Sabido es que al mismo tiempo nacieron <a href=\"https:\/\/blog.laveredadepuebla.com\/2011\/11\/10\/los-poblados-del-vado\/\"><em><strong>tres poblados,<\/strong><\/em><\/a> de los que solo sobrevivi\u00f3 el de los ingenieros que acogi\u00f3 luego a los <a href=\"https:\/\/blog.laveredadepuebla.com\/2009\/08\/22\/la-presa-del-vado\/\"><strong><em>empleados de la presa.<\/em><\/strong><\/a><strong><em>\u00a0 <\/em><\/strong>Inicialmente <span style=\"color:#800000;\"><strong>hab\u00eda 14 casas unifamiliares,<\/strong><\/span> aunque mas tarde se construy\u00f3 un <span style=\"color:#800000;\"><strong>bloque de tres alturas<\/strong><\/span>. Un precioso jard\u00edn, con un<strong><em><span style=\"color:#800000;\"> tablero de ajedrez<\/span><\/em> <\/strong>y muy cuidado, ocupaba el lugar donde luego se construy\u00f3 el chalet del ingeniero y la <em><span style=\"color:#800000;\"><strong>piscina ovalada<\/strong><\/span><\/em>. Hasta entonces, la piscina estaba al otro lado del aliviadero y se comunicaba por dos escaleras de madera.<img loading=\"lazy\" decoding=\"async\" class=\"aligncenter wp-image-17361 size-large\" src=\"https:\/\/blog.sierranortedeguadalajara.com\/wp-content\/uploads\/2023\/02\/pueblo-nuevo-vado.jpg\" alt=\"Pueblo nuevo Vado\" width=\"500\" height=\"375\" \/><\/p>\n<p><span style=\"color:#800000;\"><strong>El auge del pueblo empez\u00f3 en 1.977<\/strong><\/span>, cuando la presa pas\u00f3 al Canal de Isabel II <em>(antes lo gestionaba la C.H. del Tajo)<\/em>. El Vado estaba lleno de chiquillos <em>(m\u00e1s de 30)<\/em>. Hab\u00eda <span style=\"color:#800000;\"><strong>escuela y maestra<\/strong><\/span>, que no sol\u00edan durar por la soledad; salvo <span style=\"color:#800000;\"><strong>Dulcelina<\/strong> <\/span>y porque su marido estaba aqu\u00ed empleado. M\u00e1s tarde un empleado llevaba a los ni\u00f1os a <a href=\"http:\/\/www.laveredadepuebla.com\/rutasypueblos\/tamajon.pdf\"><em><strong>Tamaj\u00f3n<\/strong><\/em><\/a> y luego a Humanes, hasta que pasaron a la<span style=\"color:#800000;\"><strong> escuela hogar de Guadalajara<\/strong><\/span>. Las mujeres se abastec\u00edan en Tamaj\u00f3n, donde un coche las llevaba cada 2 d\u00edas, si bien cuando baj\u00f3 el n\u00ba de familias, solo los s\u00e1bados. El <span style=\"color:#800000;\"><em><strong>pan lo tra\u00eda a diario<\/strong> <\/em><\/span>por un empleado del CYII, as\u00ed como alguna compra puntual. Hubo <span style=\"color:#800000;\"><strong>bar<\/strong><\/span> y <span style=\"color:#800000;\"><strong>capilla<\/strong><\/span>. Hasta entonces, el <span style=\"color:#800000;\"><em><strong>cura era tra\u00eddo y llevado a Tamaj\u00f3n<\/strong> <\/em><\/span>para decir misa en la casa del ingeniero <em>(cobrando del CYII, que corr\u00eda con los gastos)<\/em>.<\/p>\n<p>Conforme los empleados se jubilaban, su puesto no se cubr\u00eda y su casa quedaba vac\u00eda. Ahora estos espacios los ocupan la sala de control, almacenes y oficinas. El acceso est\u00e1 prohibido y un servicio de seguridad vigila las instalaciones, que siguen habitables pero <strong>no vivas<\/strong>. <strong><span style=\"color:#800000;\"><em>Faltan los ni\u00f1os, hoy sesentones, que recuerdan con cari\u00f1o su peculiar infancia.<\/em><\/span><\/strong><\/p>\n<p><em><strong>Lar-ami<\/strong><\/em><\/p>\n","protected":false},"excerpt":{"rendered":"<p>Resulta extraordinario que un pueblo nazca a la vez que muere otro, con el mismo nombre y a corta distancia; es el caso de El Vado, abandonado para la construcci\u00f3n del embalse. Sabido es que al mismo tiempo nacieron tres poblados, de los que solo sobrevivi\u00f3 el de los ingenieros que acogi\u00f3 luego a los &hellip; <\/p>\n<p class=\"link-more\"><a href=\"https:\/\/blog.sierranortedeguadalajara.com\/?p=17360\" class=\"more-link\">Seguir leyendo<span class=\"screen-reader-text\"> \u00abEl pueblo nuevo de El Vado\u00bb<\/span><\/a><\/p>\n","protected":false},"author":1,"featured_media":0,"comment_status":"open","ping_status":"open","sticky":false,"template":"","format":"standard","meta":{"footnotes":""},"categories":[6,17],"tags":[2,100,4,26,5,7,10],"class_list":["post-17360","post","type-post","status-publish","format-standard","hentry","category-mundo-rural","category-paisajes-y-lugares-de-la-sierra-norte","tag-actualidad","tag-costumbres-y-tradiciones","tag-cultura","tag-el-vado","tag-historia","tag-naturaleza","tag-sierra-norte","entry"],"_links":{"self":[{"href":"https:\/\/blog.sierranortedeguadalajara.com\/index.php?rest_route=\/wp\/v2\/posts\/17360","targetHints":{"allow":["GET"]}}],"collection":[{"href":"https:\/\/blog.sierranortedeguadalajara.com\/index.php?rest_route=\/wp\/v2\/posts"}],"about":[{"href":"https:\/\/blog.sierranortedeguadalajara.com\/index.php?rest_route=\/wp\/v2\/types\/post"}],"author":[{"embeddable":true,"href":"https:\/\/blog.sierranortedeguadalajara.com\/index.php?rest_route=\/wp\/v2\/users\/1"}],"replies":[{"embeddable":true,"href":"https:\/\/blog.sierranortedeguadalajara.com\/index.php?rest_route=%2Fwp%2Fv2%2Fcomments&post=17360"}],"version-history":[{"count":1,"href":"https:\/\/blog.sierranortedeguadalajara.com\/index.php?rest_route=\/wp\/v2\/posts\/17360\/revisions"}],"predecessor-version":[{"id":27245,"href":"https:\/\/blog.sierranortedeguadalajara.com\/index.php?rest_route=\/wp\/v2\/posts\/17360\/revisions\/27245"}],"wp:attachment":[{"href":"https:\/\/blog.sierranortedeguadalajara.com\/index.php?rest_route=%2Fwp%2Fv2%2Fmedia&parent=17360"}],"wp:term":[{"taxonomy":"category","embeddable":true,"href":"https:\/\/blog.sierranortedeguadalajara.com\/index.php?rest_route=%2Fwp%2Fv2%2Fcategories&post=17360"},{"taxonomy":"post_tag","embeddable":true,"href":"https:\/\/blog.sierranortedeguadalajara.com\/index.php?rest_route=%2Fwp%2Fv2%2Ftags&post=17360"}],"curies":[{"name":"wp","href":"https:\/\/api.w.org\/{rel}","templated":true}]}}