{"id":17309,"date":"2016-05-01T00:05:04","date_gmt":"2016-04-30T22:05:04","guid":{"rendered":"http:\/\/blog.laveredadepuebla.com\/?p=17309"},"modified":"2023-02-10T12:13:56","modified_gmt":"2023-02-10T12:13:56","slug":"mayo-y-las-coplillas-de-ciego-de-la-sierra-norte","status":"publish","type":"post","link":"https:\/\/blog.sierranortedeguadalajara.com\/?p=17309","title":{"rendered":"Mayo y las coplillas de ciego de la Sierra Norte"},"content":{"rendered":"<p>El trabajo rural de mayo, en<a href=\"http:\/\/serraniadeguadalajara.com\/DiccionarioSerrano201510.pdf\"><em><strong> lenguaje serrano<\/strong><\/em>,<\/a> queda impreso en estas <a href=\"http:\/\/blog.laveredadepuebla.com\/2015\/10\/22\/coplillas-de-ciego-en-la-sierra-norte\/\"><strong><em>coplillas de ciego<\/em> <\/strong><\/a>gracias a los versos de <span style=\"color:#993300;\"><strong>Jos\u00e9 Fernando Benito,<\/strong><\/span> con dibujos de <strong><span style=\"color:#993300;\">Antonio Herrera<\/span><\/strong> y maquetaci\u00f3n de<span style=\"color:#993300;\"><strong> Jos\u00e9 Mar\u00eda Alonso<\/strong><\/span>.<\/p>\n<p><img loading=\"lazy\" decoding=\"async\" class=\"aligncenter size-large wp-image-17310\" src=\"https:\/\/blog.sierranortedeguadalajara.com\/wp-content\/uploads\/2023\/02\/160501-coplillas-mayo.jpg\" alt=\"160501 coplillas mayo\" width=\"500\" height=\"588\" \/><\/p>\n<p><em><strong>Lar-ami<\/strong><\/em><\/p>\n","protected":false},"excerpt":{"rendered":"<p>El trabajo rural de mayo, en lenguaje serrano, queda impreso en estas coplillas de ciego gracias a los versos de Jos\u00e9 Fernando Benito, con dibujos de Antonio Herrera y maquetaci\u00f3n de Jos\u00e9 Mar\u00eda Alonso. Lar-ami<\/p>\n","protected":false},"author":1,"featured_media":0,"comment_status":"open","ping_status":"open","sticky":false,"template":"","format":"standard","meta":{"footnotes":""},"categories":[12,6],"tags":[2,100,4,7,10],"class_list":["post-17309","post","type-post","status-publish","format-standard","hentry","category-actualidad","category-mundo-rural","tag-actualidad","tag-costumbres-y-tradiciones","tag-cultura","tag-naturaleza","tag-sierra-norte","entry"],"_links":{"self":[{"href":"https:\/\/blog.sierranortedeguadalajara.com\/index.php?rest_route=\/wp\/v2\/posts\/17309","targetHints":{"allow":["GET"]}}],"collection":[{"href":"https:\/\/blog.sierranortedeguadalajara.com\/index.php?rest_route=\/wp\/v2\/posts"}],"about":[{"href":"https:\/\/blog.sierranortedeguadalajara.com\/index.php?rest_route=\/wp\/v2\/types\/post"}],"author":[{"embeddable":true,"href":"https:\/\/blog.sierranortedeguadalajara.com\/index.php?rest_route=\/wp\/v2\/users\/1"}],"replies":[{"embeddable":true,"href":"https:\/\/blog.sierranortedeguadalajara.com\/index.php?rest_route=%2Fwp%2Fv2%2Fcomments&post=17309"}],"version-history":[{"count":1,"href":"https:\/\/blog.sierranortedeguadalajara.com\/index.php?rest_route=\/wp\/v2\/posts\/17309\/revisions"}],"predecessor-version":[{"id":27271,"href":"https:\/\/blog.sierranortedeguadalajara.com\/index.php?rest_route=\/wp\/v2\/posts\/17309\/revisions\/27271"}],"wp:attachment":[{"href":"https:\/\/blog.sierranortedeguadalajara.com\/index.php?rest_route=%2Fwp%2Fv2%2Fmedia&parent=17309"}],"wp:term":[{"taxonomy":"category","embeddable":true,"href":"https:\/\/blog.sierranortedeguadalajara.com\/index.php?rest_route=%2Fwp%2Fv2%2Fcategories&post=17309"},{"taxonomy":"post_tag","embeddable":true,"href":"https:\/\/blog.sierranortedeguadalajara.com\/index.php?rest_route=%2Fwp%2Fv2%2Ftags&post=17309"}],"curies":[{"name":"wp","href":"https:\/\/api.w.org\/{rel}","templated":true}]}}